{"headers": {"id": "ID", "ano": "Ano", "numero": "N\u00famero", "tipo__sigla": "Tipo de Mat\u00e9ria Legislativa/Sigla", "tipo__descricao": "Tipo de Mat\u00e9ria Legislativa/Descri\u00e7\u00e3o", "autoria": "Autorias", "texto_original": "Texto Original", "ementa": "Ementa"}, "results": [{"id": "2826", "ano": "2023", "numero": "1", "tipo__sigla": "PLO", "tipo__descricao": "Projeto de Lei Ordin\u00e1ria", "autoria": "RODRIGO ZACARIAS DOS SANTOS", "texto_original": "http://sapl.buritama.sp.leg.br/media/sapl/public/materialegislativa/2023/2826/pl01.pdf", "ementa": "Disp\u00f5e sobre abertura de cr\u00e9dito especial no valor de R$ 911.259,18, ao or\u00e7amento programa do SAAEMB para o exerc\u00edcio de 2023 e d\u00e1 outras providencias"}, {"id": "2827", "ano": "2023", "numero": "2", "tipo__sigla": "PLO", "tipo__descricao": "Projeto de Lei Ordin\u00e1ria", "autoria": "RODRIGO ZACARIAS DOS SANTOS", "texto_original": "http://sapl.buritama.sp.leg.br/media/sapl/public/materialegislativa/2023/2827/pl02.pdf", "ementa": "Disp\u00f5e sobre a altera\u00e7\u00e3o da Lei Municipal n\u00ba 4.832/2022, que trata sobre a fixa\u00e7\u00e3o de taxas, tarifas de servi\u00e7os e de pre\u00e7os p\u00fablicos relativos ao fornecimento de \u00e1gua e tratamento de esgoto para o ano de 2023, no Munic\u00edpio de Buritama, Estado de S\u00e3o Paulo e d\u00e1 outras provid\u00eancias."}, {"id": "2828", "ano": "2023", "numero": "3", "tipo__sigla": "PLO", "tipo__descricao": "Projeto de Lei Ordin\u00e1ria", "autoria": "RODRIGO ZACARIAS DOS SANTOS", "texto_original": "http://sapl.buritama.sp.leg.br/media/sapl/public/materialegislativa/2023/2828/pl03.pdf", "ementa": "DISP\u00d5E SOBRE CRIA\u00c7\u00c3O DO PROGRAMA \u201cFILA ZERO NA SA\u00daDE\u201d, JUNTO AO DEPARTAMENTO MUNICIPAL DE SA\u00daDE DO MUNIC\u00cdPIO, E D\u00c1 OUTRAS PROVID\u00caNCIAS."}, {"id": "2834", "ano": "2023", "numero": "4", "tipo__sigla": "PLO", "tipo__descricao": "Projeto de Lei Ordin\u00e1ria", "autoria": "RODRIGO ZACARIAS DOS SANTOS", "texto_original": "http://sapl.buritama.sp.leg.br/media/sapl/public/materialegislativa/2023/2834/pl04_1.pdf", "ementa": "\"Autoriza o Poder Executivo Municipal a celebrar conv\u00eanio e/ou contrato com a FUNAP \u2014 Funda\u00e7\u00e3o Prof. Dr Manoel Pedro Pimentel vinculado \u00e0 Secretaria de Administra\u00e7\u00e3o Penitenci\u00e1ria, e d\u00e1 outras providencias\"."}, {"id": "2837", "ano": "2023", "numero": "5", "tipo__sigla": "PLO", "tipo__descricao": "Projeto de Lei Ordin\u00e1ria", "autoria": "RODRIGO ZACARIAS DOS SANTOS", "texto_original": "http://sapl.buritama.sp.leg.br/media/sapl/public/materialegislativa/2023/2837/projeto_de_lei__no_05_de_30_de_janeiro_de_2023_1.pdf", "ementa": "Disp\u00f5e sobre reabertura de cr\u00e9dito especial ao or\u00e7amento de 2023 altera\u00e7\u00e3o do PPA LDO para os fins que especifica, tratado na Lei Municipal n\u00ba 4.797/2022 e, e d\u00e1 outras provid\u00eancias"}, {"id": "2838", "ano": "2023", "numero": "6", "tipo__sigla": "PLO", "tipo__descricao": "Projeto de Lei Ordin\u00e1ria", "autoria": "RODRIGO ZACARIAS DOS SANTOS", "texto_original": "http://sapl.buritama.sp.leg.br/media/sapl/public/materialegislativa/2023/2838/projeto_de_lei__no_06_de_01_de_fevereiro_de_2023_1.pdf", "ementa": "Disp\u00f5e sobre abertura de cr\u00e9dito adicional suplementar ao or\u00e7amento de 2023, no valor de R$ 2.200.000,00, altera\u00e7\u00e3o do PPA LDO para os fins que especifica e, e d\u00e1 outras provid\u00eancias."}, {"id": "2839", "ano": "2023", "numero": "7", "tipo__sigla": "PLO", "tipo__descricao": "Projeto de Lei Ordin\u00e1ria", "autoria": "RODRIGO ZACARIAS DOS SANTOS", "texto_original": "http://sapl.buritama.sp.leg.br/media/sapl/public/materialegislativa/2023/2839/projeto_de_lei__no_07_de_02_de_fevereiro_de_2023_1.pdf", "ementa": "Disp\u00f5e sobre abertura de cr\u00e9dito especial ao or\u00e7amento de 2023 altera\u00e7\u00e3o do PPA - LDO para os fins que especifica e, e d\u00e1 outras provid\u00eancias"}, {"id": "2840", "ano": "2023", "numero": "8", "tipo__sigla": "PLO", "tipo__descricao": "Projeto de Lei Ordin\u00e1ria", "autoria": "RODRIGO ZACARIAS DOS SANTOS", "texto_original": "http://sapl.buritama.sp.leg.br/media/sapl/public/materialegislativa/2023/2840/projeto_de_lei__no_08_de_02_de_fevereiro_de_2023_1.pdf", "ementa": "Disp\u00f5e sobre abertura de cr\u00e9dito especial ao or\u00e7amento de 2023, altera\u00e7\u00e3o do PPA - LDO, visando implementa\u00e7\u00e3o de recursos para atendimento de m\u00e9dia e alta complexidade e d\u00e1 outras provid\u00eancias."}, {"id": "2841", "ano": "2023", "numero": "9", "tipo__sigla": "PLO", "tipo__descricao": "Projeto de Lei Ordin\u00e1ria", "autoria": "RODRIGO ZACARIAS DOS SANTOS", "texto_original": "http://sapl.buritama.sp.leg.br/media/sapl/public/materialegislativa/2023/2841/projeto_de_lei__no_09_de_02_de_fevereiro_de_2023_1.pdf", "ementa": "Disp\u00f5e sobre abertura de cr\u00e9dito especial ao or\u00e7amento de 2023, altera\u00e7\u00e3o do PPA - LDO para os fins que especifica e d\u00e1 outras provid\u00eancias"}, {"id": "2846", "ano": "2023", "numero": "10", "tipo__sigla": "PLO", "tipo__descricao": "Projeto de Lei Ordin\u00e1ria", "autoria": "RODRIGO ZACARIAS DOS SANTOS", "texto_original": "http://sapl.buritama.sp.leg.br/media/sapl/public/materialegislativa/2023/2846/projeto_de_lei_nr_10_de_07_de_fevereiro_de_2023__1.pdf", "ementa": "Autoriza o Poder Executivo a contratar opera\u00e7\u00f5es de cr\u00e9dito com o Banco do Brasil S.A. no valor de R$ 2.200,000,00, e d\u00e1 outras provid\u00eancias."}, {"id": "2859", "ano": "2023", "numero": "11", "tipo__sigla": "PLO", "tipo__descricao": "Projeto de Lei Ordin\u00e1ria", "autoria": "RODRIGO ZACARIAS DOS SANTOS", "texto_original": "http://sapl.buritama.sp.leg.br/media/sapl/public/materialegislativa/2023/2859/projeto_de_lei_nr_11_de_15_de_fevereiro_de_2023__1.pdf", "ementa": "Disp\u00f5e sobre abertura de Cr\u00e9dito Adicional Especial e Adicional Suplementar na import\u00e2ncia de R$. 250.000,00 ao or\u00e7amento do SAAEMB para o Exerc\u00edcio de 2023, e d\u00e1 outras provid\u00eancias."}, {"id": "2860", "ano": "2023", "numero": "12", "tipo__sigla": "PLO", "tipo__descricao": "Projeto de Lei Ordin\u00e1ria", "autoria": "RODRIGO ZACARIAS DOS SANTOS", "texto_original": "http://sapl.buritama.sp.leg.br/media/sapl/public/materialegislativa/2023/2860/projeto_de_lei_nr_12_de_16_de_fevereiro_de_2023__1.pdf", "ementa": "Dispo\u00f5e sobre reconhecimento de denomina\u00e7\u00e3o do Conjunto Habitacional instalado no Munic\u00edpio de Buritama, e d\u00e1 outras provid\u00eancias.(Guilherme Guerbas Filho e Jos\u00e9 Otavio de Freitas)"}, {"id": "2863", "ano": "2023", "numero": "13", "tipo__sigla": "PLO", "tipo__descricao": "Projeto de Lei Ordin\u00e1ria", "autoria": "RODRIGO ZACARIAS DOS SANTOS", "texto_original": "http://sapl.buritama.sp.leg.br/media/", "ementa": "Disp\u00f5e sobre abertura de cr\u00e9dito especial, no valor de R$ 500.000,00 ao or\u00e7amento de 2023, altera\u00e7\u00e3o do PPA-LDO para os fins que espec\u00edfica e d\u00e1 outras provid\u00eancias"}, {"id": "2864", "ano": "2023", "numero": "14", "tipo__sigla": "PLO", "tipo__descricao": "Projeto de Lei Ordin\u00e1ria", "autoria": "RODRIGO ZACARIAS DOS SANTOS", "texto_original": "http://sapl.buritama.sp.leg.br/media/sapl/public/materialegislativa/2023/2864/pl14.pdf", "ementa": "Disp\u00f5e sobre abertura de Cr\u00e9dito Adicional Especial na import\u00e2ncia de R$. 53.531,10 ao or\u00e7amento de 2023, altera\u00e7\u00e3o do PPA LDO para os fins que especifica, e d\u00e1 outras provid\u00eancias"}, {"id": "2865", "ano": "2023", "numero": "15", "tipo__sigla": "PLO", "tipo__descricao": "Projeto de Lei Ordin\u00e1ria", "autoria": "RODRIGO ZACARIAS DOS SANTOS", "texto_original": "http://sapl.buritama.sp.leg.br/media/sapl/public/materialegislativa/2023/2865/pl15.pdf", "ementa": "Disp\u00f5e sobre abertura de Cr\u00e9dito Adicional Especial na import\u00e2ncia de R$. 3.180,17 ao or\u00e7amento programa de 2023 e autoriza\u00e7\u00e3o para repasse ao Centro Assistencial Benedita Fernandes na import\u00e2ncia de R$. 3.210,00, e d\u00e1 outras provid\u00eancias"}, {"id": "2866", "ano": "2023", "numero": "16", "tipo__sigla": "PLO", "tipo__descricao": "Projeto de Lei Ordin\u00e1ria", "autoria": "RODRIGO ZACARIAS DOS SANTOS", "texto_original": "http://sapl.buritama.sp.leg.br/media/sapl/public/materialegislativa/2023/2866/pl16.pdf", "ementa": "Disp\u00f5e sobre altera\u00e7\u00e3o na Lei Municipal n\u00ba 4.737, de 08 de fevereiro de 2022, que disp\u00f5e sobre a Pol\u00edtica Municipal dos Direitos da Crian\u00e7a e do Adolescente do Munic\u00edpio de Buritama, e d\u00e1 outras provid\u00eancias"}, {"id": "2889", "ano": "2023", "numero": "17", "tipo__sigla": "PLO", "tipo__descricao": "Projeto de Lei Ordin\u00e1ria", "autoria": "RODRIGO ZACARIAS DOS SANTOS", "texto_original": "http://sapl.buritama.sp.leg.br/media/sapl/public/materialegislativa/2023/2889/projeto_de_lei_nr_17_de_09_de_marco_de_2023__1.pdf", "ementa": "que disp\u00f5e sobre abertura de Cr\u00e9dito Adicional Suplementar na import\u00e2ncia de R$. 33.937,21 ao or\u00e7amento programa de 2023, altera\u00e7\u00e3o do PPA LDO para os fins que especifica, e d\u00e1 outras provid\u00eancias;"}, {"id": "2894", "ano": "2023", "numero": "18", "tipo__sigla": "PLO", "tipo__descricao": "Projeto de Lei Ordin\u00e1ria", "autoria": "RODRIGO ZACARIAS DOS SANTOS", "texto_original": "http://sapl.buritama.sp.leg.br/media/sapl/public/materialegislativa/2023/2894/pl18.pdf", "ementa": "Disp\u00f5e sobre a abertura de cr\u00e9dito especial no valor de R$ 44.118,12, ao or\u00e7amento de 2023, altera\u00e7\u00e3o do PPA LDO, visando implementa\u00e7\u00e3o de recursos para atendimento de m\u00e9dia e alta complexidade e d\u00e1 outras provid\u00eancias."}, {"id": "2895", "ano": "2023", "numero": "19", "tipo__sigla": "PLO", "tipo__descricao": "Projeto de Lei Ordin\u00e1ria", "autoria": "RODRIGO ZACARIAS DOS SANTOS", "texto_original": "http://sapl.buritama.sp.leg.br/media/sapl/public/materialegislativa/2023/2895/pl19.pdf", "ementa": "Disp\u00f5e sobre a abertura de cr\u00e9dito adicional especial ao or\u00e7amento programa de 2023, no valor de R$ 305.000,00 e Autoriza\u00e7\u00e3o para repasse de transfer\u00eancia financeira ao Lar dos Velhos \"S\u00e3o Camilo de Leles\", e d\u00e1 outras provid\u00eancias."}, {"id": "2904", "ano": "2023", "numero": "20", "tipo__sigla": "PLO", "tipo__descricao": "Projeto de Lei Ordin\u00e1ria", "autoria": "RODRIGO ZACARIAS DOS SANTOS", "texto_original": "http://sapl.buritama.sp.leg.br/media/", "ementa": "Disp\u00f5e sobre a altera\u00e7\u00e3o da Lei Municipal n\u00ba 4.372, de 12 de Maio de 2017, que trata da parceria da municipalidade com o CLUBE DE RODEIO BURITAMA, e d\u00e1 outras provid\u00eancias."}, {"id": "2910", "ano": "2023", "numero": "21", "tipo__sigla": "PLO", "tipo__descricao": "Projeto de Lei Ordin\u00e1ria", "autoria": "RODRIGO ZACARIAS DOS SANTOS", "texto_original": "http://sapl.buritama.sp.leg.br/media/", "ementa": "DISP\u00d5E SOBRE CONCESS\u00c3O DE SUBVEN\u00c7\u00c3O/CONTRIBUI\u00c7\u00c3O SOCIAL SANTA CASA DE MISERIC\u00d3RDIA S\u00c3O FRANSCISCO, ABERTURA DE CR\u00c9DITO ADICIONAL SUPLEMENTAR AO OR\u00c7AMENTO PROGRAMA DE 2023, NO VALOR DE R$ 382.919,11, E D\u00c1 OUTRAS PROVID\u00caNCIAS."}, {"id": "2920", "ano": "2023", "numero": "22", "tipo__sigla": "PLO", "tipo__descricao": "Projeto de Lei Ordin\u00e1ria", "autoria": "RODRIGO ZACARIAS DOS SANTOS", "texto_original": "http://sapl.buritama.sp.leg.br/media/sapl/public/materialegislativa/2023/2920/pl22.pdf", "ementa": "Disp\u00f5e sobre a aberura de cr\u00e9dito suplementar no valor de R$ 33.531,10 ao or\u00e7amento de 2023, altera\u00e7\u00e3o do PPA-LDO para atendimento ao Departamento de Assist\u00eancia e Desenvolvimento Social e d\u00e1 outras providencias."}, {"id": "2921", "ano": "2023", "numero": "23", "tipo__sigla": "PLO", "tipo__descricao": "Projeto de Lei Ordin\u00e1ria", "autoria": "RODRIGO ZACARIAS DOS SANTOS", "texto_original": "http://sapl.buritama.sp.leg.br/media/sapl/public/materialegislativa/2023/2921/pl23.pdf", "ementa": "Disp\u00f5e sobre abertura de cr\u00e9dito adicional suplementar ao or\u00e7amento programa de 2023, no valor de R$ 7.798,00 e autoriza\u00e7\u00e3o para repasse ao Lar dos Velhos \" S\u00c3O CAMILO DE LELES\", e d\u00e1 outras provid\u00eancias."}, {"id": "2922", "ano": "2023", "numero": "24", "tipo__sigla": "PLO", "tipo__descricao": "Projeto de Lei Ordin\u00e1ria", "autoria": "RODRIGO ZACARIAS DOS SANTOS", "texto_original": "http://sapl.buritama.sp.leg.br/media/sapl/public/materialegislativa/2023/2922/pl24.pdf", "ementa": "Disp\u00f5e sobre a abertura de cr\u00e9dito especial no valor de R$ 201.972,38 ao or\u00e7amento de 2023, altera\u00e7\u00e3o do PPA e LDO/2023, visando a execu\u00e7\u00e3o de diversos projetos junto ao Departamento de Assist\u00eancia e Desenvolvimento Social, e d\u00e1 outras providencias."}, {"id": "2930", "ano": "2023", "numero": "25", "tipo__sigla": "PLO", "tipo__descricao": "Projeto de Lei Ordin\u00e1ria", "autoria": "RODRIGO ZACARIAS DOS SANTOS", "texto_original": "http://sapl.buritama.sp.leg.br/media/sapl/public/materialegislativa/2023/2930/pl25.pdf", "ementa": "Disp\u00f5e sobre abertura de cr\u00e9dito especial ao or\u00e7amento de 2023 altera\u00e7\u00e3o do PPA LDO do exerc\u00edcio de 2023, para os fins que especifica, e d\u00e1 outras providencias."}, {"id": "2931", "ano": "2023", "numero": "26", "tipo__sigla": "PLO", "tipo__descricao": "Projeto de Lei Ordin\u00e1ria", "autoria": "RODRIGO ZACARIAS DOS SANTOS", "texto_original": "http://sapl.buritama.sp.leg.br/media/sapl/public/materialegislativa/2023/2931/pl26.pdf", "ementa": "Disp\u00f5e sobre a abertura de cr\u00e9dito especial no valor de R$ 615.558,42, ao or\u00e7amento de 2023, altera\u00e7\u00e3o do PPA LDO para os fins que especifica e d\u00e1 outras providencias."}, {"id": "2932", "ano": "2023", "numero": "27", "tipo__sigla": "PLO", "tipo__descricao": "Projeto de Lei Ordin\u00e1ria", "autoria": "RODRIGO ZACARIAS DOS SANTOS", "texto_original": "http://sapl.buritama.sp.leg.br/media/sapl/public/materialegislativa/2023/2932/pl27.pdf", "ementa": "Disp\u00f5e sobre denomina\u00e7\u00e3o oficial da Arena Esportiva \"Adevamir Luiz Alves\" localizada no CERET - Centro Esportivo e Recreativo dos Trabalhadores de Buritama, e d\u00e1 outras provid\u00eancias."}, {"id": "2933", "ano": "2023", "numero": "28", "tipo__sigla": "PLO", "tipo__descricao": "Projeto de Lei Ordin\u00e1ria", "autoria": "RODRIGO ZACARIAS DOS SANTOS", "texto_original": "http://sapl.buritama.sp.leg.br/media/sapl/public/materialegislativa/2023/2933/pl28-comprimido.pdf", "ementa": "Disp\u00f5e sobre as Diretrizes Gerais para a elabora\u00e7\u00e3o da Lei Or\u00e7ament\u00e1ria para o Exerc\u00edcio de 2024, e d\u00e1 outras provid\u00eancias."}, {"id": "2940", "ano": "2023", "numero": "29", "tipo__sigla": "PLO", "tipo__descricao": "Projeto de Lei Ordin\u00e1ria", "autoria": "RODRIGO ZACARIAS DOS SANTOS", "texto_original": "http://sapl.buritama.sp.leg.br/media/sapl/public/materialegislativa/2023/2940/pl29.pdf", "ementa": "Institui o pro labore aos Policiais Militares que participarem do policiamento de tr\u00e2nsito e seguran\u00e7a da cidade, e d\u00e1 outras provid\u00eancias."}, {"id": "2941", "ano": "2023", "numero": "30", "tipo__sigla": "PLO", "tipo__descricao": "Projeto de Lei Ordin\u00e1ria", "autoria": "RODRIGO ZACARIAS DOS SANTOS", "texto_original": "http://sapl.buritama.sp.leg.br/media/sapl/public/materialegislativa/2023/2941/pl30.pdf", "ementa": "Disp\u00f5e sobre nova reda\u00e7\u00e3o ao art. 2\u00b0 da Lei Municipal n\u00b0 4865 de 04 de maio de 2023 e d\u00e1 outras providencias."}, {"id": "2943", "ano": "2023", "numero": "31", "tipo__sigla": "PLO", "tipo__descricao": "Projeto de Lei Ordin\u00e1ria", "autoria": "RODRIGO ZACARIAS DOS SANTOS", "texto_original": "http://sapl.buritama.sp.leg.br/media/sapl/public/materialegislativa/2023/2943/pl31.pdf", "ementa": "DISP\u00d5E SOBRE A ABERTURA DE CR\u00c9DITO ADICIONAL SUPLEMENTAR AO OR\u00c7AMENTO PROGRAMA DE 2023, NO VALOR DE R$.750.000,00 (SETECENTOS E CINQUENTA MIL REAIS), E D\u00c1 OUTRAS PROVID\u00caNCIAS"}, {"id": "2944", "ano": "2023", "numero": "32", "tipo__sigla": "PLO", "tipo__descricao": "Projeto de Lei Ordin\u00e1ria", "autoria": "RODRIGO ZACARIAS DOS SANTOS", "texto_original": "http://sapl.buritama.sp.leg.br/media/sapl/public/materialegislativa/2023/2944/pl32.pdf", "ementa": "Disp\u00f5e sobre abertura de cr\u00e9dito especial ao or\u00e7amento de 2023, altera\u00e7\u00e3o do PPA LDO para os fins que especifica e d\u00e1 outras providencias\"."}, {"id": "2959", "ano": "2023", "numero": "33", "tipo__sigla": "PLO", "tipo__descricao": "Projeto de Lei Ordin\u00e1ria", "autoria": "RODRIGO ZACARIAS DOS SANTOS", "texto_original": "http://sapl.buritama.sp.leg.br/media/sapl/public/materialegislativa/2023/2959/pl33.pdf", "ementa": "Disp\u00f5e sobre abertura de cr\u00e9dito especial no valor de R$ 100.010,00 (Cem Mil e Dez Reais) ao or\u00e7amento de 2023, altera\u00e7\u00e3o do PPA LDO, visando implementa\u00e7\u00e3o de recursos para atendimento de m\u00e9dia e alta complexidade e d\u00e1 outras providencias."}, {"id": "2966", "ano": "2023", "numero": "34", "tipo__sigla": "PLO", "tipo__descricao": "Projeto de Lei Ordin\u00e1ria", "autoria": "RODRIGO ZACARIAS DOS SANTOS", "texto_original": "http://sapl.buritama.sp.leg.br/media/sapl/public/materialegislativa/2023/2966/pl34.pdf", "ementa": "Disp\u00f5e sobre ratifica\u00e7\u00e3o do Protocolo de Inten\u00e7\u00e3o firmado entre o Munic\u00edpio e o Cons\u00f3rcio Intermunicipal de S\u00e1ude - CIMSA, e d\u00e1 outras provid\u00eancias."}, {"id": "2976", "ano": "2023", "numero": "35", "tipo__sigla": "PLO", "tipo__descricao": "Projeto de Lei Ordin\u00e1ria", "autoria": "RODRIGO ZACARIAS DOS SANTOS", "texto_original": "http://sapl.buritama.sp.leg.br/media/sapl/public/materialegislativa/2023/2976/pl35_corrigido.pdf", "ementa": "Disp\u00f5e sobre a abertura de Cr\u00e9dito Adicional Suplementar ao or\u00e7amento programa de 2023, no valor de R$ 950.000,00 (novecentos e cinquenta mil reais), e da outras provid\u00eancias."}, {"id": "2977", "ano": "2023", "numero": "36", "tipo__sigla": "PLO", "tipo__descricao": "Projeto de Lei Ordin\u00e1ria", "autoria": "RODRIGO ZACARIAS DOS SANTOS", "texto_original": "http://sapl.buritama.sp.leg.br/media/sapl/public/materialegislativa/2023/2977/pl36.pdf", "ementa": "Disp\u00f5e sobre abertura de cr\u00e9dito adicional suplementar no valor de R$ 120.000,00 ao or\u00e7amento programa do SAAEMB para o exerc\u00edcio de 2023 e d\u00e1 outras provid\u00eancias."}, {"id": "2978", "ano": "2023", "numero": "37", "tipo__sigla": "PLO", "tipo__descricao": "Projeto de Lei Ordin\u00e1ria", "autoria": "RODRIGO ZACARIAS DOS SANTOS", "texto_original": "http://sapl.buritama.sp.leg.br/media/sapl/public/materialegislativa/2023/2978/pl37.pdf", "ementa": "\u201cDisp\u00f5e sobre abertura de cr\u00e9dito ESPECIAL no valor de R$ 1.182.091,20, ao or\u00e7amento de 2023, altera\u00e7\u00e3o do PPA, LDO para os fins que especifica e d\u00e1 outras providencias\u201d."}, {"id": "2979", "ano": "2023", "numero": "38", "tipo__sigla": "PLO", "tipo__descricao": "Projeto de Lei Ordin\u00e1ria", "autoria": "RODRIGO ZACARIAS DOS SANTOS", "texto_original": "http://sapl.buritama.sp.leg.br/media/sapl/public/materialegislativa/2023/2979/pl38.pdf", "ementa": "\u201cDisp\u00f5e sobre abertura de cr\u00e9dito especial no valor R$ 400.000,00, ao or\u00e7amento de 2023 altera\u00e7\u00e3o do PPA -LDO para os fins que especifica e, e d\u00e1 outras providencias\u201d."}, {"id": "2980", "ano": "2023", "numero": "39", "tipo__sigla": "PLO", "tipo__descricao": "Projeto de Lei Ordin\u00e1ria", "autoria": "RODRIGO ZACARIAS DOS SANTOS", "texto_original": "http://sapl.buritama.sp.leg.br/media/", "ementa": "\u201cAutoriza desapropria\u00e7\u00e3o amig\u00e1vel ou judicialmente por Utilidade P\u00fablica, o im\u00f3vel matriculado sob o n\u00ba 14.185 situada na zona rural deste Munic\u00edpio, de propriedade de Marcia Aparecida Correa Batista Rodrigues, Maxwell dos Santos Rodrigues e Juliana dos Santos Rodrigues, destinada \u00e0 abertura de sistema vi\u00e1rio, a fim de possibilitar o futuro e eventual prolongamento da Rua Antonio Rosante, para alcan\u00e7ar a servid\u00e3o de passagem, e d\u00e1 outras provid\u00eancias\u201d."}, {"id": "2981", "ano": "2023", "numero": "40", "tipo__sigla": "PLO", "tipo__descricao": "Projeto de Lei Ordin\u00e1ria", "autoria": "RODRIGO ZACARIAS DOS SANTOS", "texto_original": "http://sapl.buritama.sp.leg.br/media/", "ementa": "\u201cAutoriza desapropria\u00e7\u00e3o amig\u00e1vel ou judicialmente por Utilidade P\u00fablica, o im\u00f3vel matriculado sob o n\u00ba 503 situada na zona urbana deste Munic\u00edpio, de propriedade de ANA MARIA MACENO COSTA DE MIRANDA, ADEMAR ANTONIO MACENO, e ELIZIANA APARECIDA MACENO, destinada \u00e0 instala\u00e7\u00e3o da sede do Servi\u00e7o Aut\u00f4nomo de \u00c1gua, Esgoto e Meio Ambiente do Munic\u00edpio de Buritama - SAAEMB, e d\u00e1 outras provid\u00eancias\u201d."}, {"id": "2982", "ano": "2023", "numero": "41", "tipo__sigla": "PLO", "tipo__descricao": "Projeto de Lei Ordin\u00e1ria", "autoria": "RODRIGO ZACARIAS DOS SANTOS", "texto_original": "http://sapl.buritama.sp.leg.br/media/sapl/public/materialegislativa/2023/2982/pl41.pdf", "ementa": "Disp\u00f5e sobre permiss\u00e3o de uso de parte de \u00e1rea institucional localizada no Loteamento Portal da Praia, e d\u00e1 outras provid\u00eancias."}, {"id": "2985", "ano": "2023", "numero": "42", "tipo__sigla": "PLO", "tipo__descricao": "Projeto de Lei Ordin\u00e1ria", "autoria": "RODRIGO ZACARIAS DOS SANTOS", "texto_original": "http://sapl.buritama.sp.leg.br/media/sapl/public/materialegislativa/2023/2985/pl42_1.pdf", "ementa": "que disp\u00f5e sobre abertura de Cr\u00e9dito Adicional Especial na import\u00e2ncia de R$. 335.755,00 ao Or\u00e7amento Programa de 2023 altera\u00e7\u00e3o do PPA LDO para os fins que especifica, e d\u00e1 outras provid\u00eancias"}, {"id": "2986", "ano": "2023", "numero": "43", "tipo__sigla": "PLO", "tipo__descricao": "Projeto de Lei Ordin\u00e1ria", "autoria": "RODRIGO ZACARIAS DOS SANTOS", "texto_original": "http://sapl.buritama.sp.leg.br/media/sapl/public/materialegislativa/2023/2986/pl43_1.pdf", "ementa": "que disp\u00f5e sobre abertura de Cr\u00e9dito Adicional Suplementar na import\u00e2ncia de R$. 12.000,00 ao Or\u00e7amento Programa de 2023, e d\u00e1 outras provid\u00eancias"}, {"id": "2987", "ano": "2023", "numero": "44", "tipo__sigla": "PLO", "tipo__descricao": "Projeto de Lei Ordin\u00e1ria", "autoria": "RODRIGO ZACARIAS DOS SANTOS", "texto_original": "http://sapl.buritama.sp.leg.br/media/sapl/public/materialegislativa/2023/2987/pl44_1.pdf", "ementa": "que disp\u00f5e sobre abertura de Cr\u00e9dito Adicional Especial na import\u00e2ncia de R$. 34.720,00 ao Or\u00e7amento Programa de 2023, e d\u00e1 outras provid\u00eancias"}, {"id": "2988", "ano": "2023", "numero": "45", "tipo__sigla": "PLO", "tipo__descricao": "Projeto de Lei Ordin\u00e1ria", "autoria": "RODRIGO ZACARIAS DOS SANTOS", "texto_original": "http://sapl.buritama.sp.leg.br/media/sapl/public/materialegislativa/2023/2988/pl45_1.pdf", "ementa": "que disp\u00f5e sobre abertura de Cr\u00e9dito Adicional Suplementar na import\u00e2ncia de R$. 31.751,70 ao Or\u00e7amento Programa do PPA LDO para os fins que especifica, e d\u00e1 outras provid\u00eancias"}, {"id": "2984", "ano": "2023", "numero": "46", "tipo__sigla": "PLO", "tipo__descricao": "Projeto de Lei Ordin\u00e1ria", "autoria": "RODRIGO ZACARIAS DOS SANTOS", "texto_original": "http://sapl.buritama.sp.leg.br/media/sapl/public/materialegislativa/2023/2984/pl46_1.pdf", "ementa": "Autoriza o Poder Executivo a contratar opera\u00e7\u00f5es de cr\u00e9dito com a Caixa Econ\u00f4mica Federal na import\u00e2ncia de R$. 2.200.000,00, no \u00e2mbito da linha de financiamento FINISA-Financiamento \u00e0 Infraestrutura e ao Saneamento, destinado ao apoio financeiro de Despesa de Capital, e d\u00e1 outras provid\u00eancias"}, {"id": "2989", "ano": "2023", "numero": "47", "tipo__sigla": "PLO", "tipo__descricao": "Projeto de Lei Ordin\u00e1ria", "autoria": "RODRIGO ZACARIAS DOS SANTOS", "texto_original": "http://sapl.buritama.sp.leg.br/media/sapl/public/materialegislativa/2023/2989/pl47.pdf", "ementa": "Autoriza o Munic\u00edpio de Buritama a celebrar acordo judicial relativo a A\u00e7\u00e3o Indenizat\u00f3ria \u2014 Processo n\u00b0 1000049-58.2022.8.26.0097, que tramita perante o Poder Judici\u00e1rio de Buritama, e d\u00e1 outras provid\u00eancias."}, {"id": "2990", "ano": "2023", "numero": "48", "tipo__sigla": "PLO", "tipo__descricao": "Projeto de Lei Ordin\u00e1ria", "autoria": "RODRIGO ZACARIAS DOS SANTOS", "texto_original": "http://sapl.buritama.sp.leg.br/media/sapl/public/materialegislativa/2023/2990/pl48.pdf", "ementa": "Disp\u00f5e sobre abertura de cr\u00e9dito adicional suplementar ao or\u00e7amento de 2023, no valor de R$ 2.010.000,00 (dois milh\u00f5es e dez mil reais), altera\u00e7\u00e3o do PPA LDO para os fins que especifica e, e d\u00e1 outras providencias."}, {"id": "2991", "ano": "2023", "numero": "49", "tipo__sigla": "PLO", "tipo__descricao": "Projeto de Lei Ordin\u00e1ria", "autoria": "RODRIGO ZACARIAS DOS SANTOS", "texto_original": "http://sapl.buritama.sp.leg.br/media/sapl/public/materialegislativa/2023/2991/pl49.pdf", "ementa": "Disp\u00f5e sobre reformula\u00e7\u00e3o da Lei Municipal n\u00b03.956/2013, que altera destina\u00e7\u00e3o origin\u00e1ria da \u00e1rea institucional do Parque Industrial Elizi\u00e1rio Severino Pereira, e d\u00e1 outras providencias."}, {"id": "3017", "ano": "2023", "numero": "50", "tipo__sigla": "PLO", "tipo__descricao": "Projeto de Lei Ordin\u00e1ria", "autoria": "RODRIGO ZACARIAS DOS SANTOS", "texto_original": "http://sapl.buritama.sp.leg.br/media/sapl/public/materialegislativa/2023/3017/pl50_1.pdf", "ementa": "DISP\u00d5E SOBRE A ABERTURA DE CR\u00c9DITO ESPECIAL AO OR\u00c7AMENTO PROGRAMA DE 2023, NO VALOR DE R$ 180.438,67 (Cento e Oitenta Mil, Quatrocentos e Trinta e Oito Reais e Sessenta e Sete Centavos), E DA OUTRAS PROVID\u00caNCIAS."}, {"id": "3021", "ano": "2023", "numero": "51", "tipo__sigla": "PLO", "tipo__descricao": "Projeto de Lei Ordin\u00e1ria", "autoria": "RODRIGO ZACARIAS DOS SANTOS", "texto_original": "http://sapl.buritama.sp.leg.br/media/sapl/public/materialegislativa/2023/3021/pl51.pdf", "ementa": "Disp\u00f5e sobre a abertura de cr\u00e9dito especial no valor de R$ 100.000,00 (Cem Mil Reais) ao or\u00e7amento de 2023, altera\u00e7\u00e3o do PPA - LDO para os fins que especifica e, d\u00e1 outras providencias."}, {"id": "3035", "ano": "2023", "numero": "52", "tipo__sigla": "PLO", "tipo__descricao": "Projeto de Lei Ordin\u00e1ria", "autoria": "RODRIGO ZACARIAS DOS SANTOS", "texto_original": "http://sapl.buritama.sp.leg.br/media/sapl/public/materialegislativa/2023/3035/pl52.pdf", "ementa": "Disp\u00f5e sobre abertura de cr\u00e9dito adiciona suplementar ao or\u00e7amento de 2023, no valor de R$ 1.758.000,00( um milh\u00e3o, setecentos e cinquenta e oito mil reais), altera\u00e7\u00e3o do PPA LDO para os fins que especifica e, e d\u00e1 outras providencias."}, {"id": "3039", "ano": "2023", "numero": "53", "tipo__sigla": "PLO", "tipo__descricao": "Projeto de Lei Ordin\u00e1ria", "autoria": "RODRIGO ZACARIAS DOS SANTOS", "texto_original": "http://sapl.buritama.sp.leg.br/media/sapl/public/materialegislativa/2023/3039/pl53_1.pdf", "ementa": "DISP\u00d5E SOBRE ABERTURA DE CR\u00c9DITO ESPECIAL NO VALOR DE R$ 20.849,40, AO OR\u00c7AMENTO DE 2023 ALTERA\u00c7\u00c3O DO PPA-LDO PARA OS FINS QUE ESPECIFICA E, E D\u00c1 OUTRAS PROVID\u00caNCIAS\"."}, {"id": "3046", "ano": "2023", "numero": "54", "tipo__sigla": "PLO", "tipo__descricao": "Projeto de Lei Ordin\u00e1ria", "autoria": "RODRIGO ZACARIAS DOS SANTOS", "texto_original": "http://sapl.buritama.sp.leg.br/media/sapl/public/materialegislativa/2023/3046/pl54.pdf", "ementa": "Disp\u00f5e sobre autoriza\u00e7\u00e3o ao Poder Executivo a aderir ao Programa Mais M\u00e9dicos, e conceder o fornecimento de moradia e aux\u00edlio alimenta\u00e7\u00e3o aos profissionais vinculados ao programa, nos termos da legisla\u00e7\u00e3o pertinente, e d\u00e1 outras provid\u00eancias."}, {"id": "3047", "ano": "2023", "numero": "55", "tipo__sigla": "PLO", "tipo__descricao": "Projeto de Lei Ordin\u00e1ria", "autoria": "RODRIGO ZACARIAS DOS SANTOS", "texto_original": "http://sapl.buritama.sp.leg.br/media/sapl/public/materialegislativa/2023/3047/pl55.pdf", "ementa": "Disp\u00f5e sobre autoriza\u00e7\u00e3o para permiss\u00e3o de uso de bens e/ou locais p\u00fablicos, de propriedade do SAAEMB - Servi\u00e7o Aut\u00f4nomo de \u00c1gua, Esgoto e Meio Ambiente do Munic\u00edpio de Buritama, em rela\u00e7\u00e3o a equipamentos de comunica\u00e7\u00e3o e d\u00e1 outras providencias."}, {"id": "3048", "ano": "2023", "numero": "56", "tipo__sigla": "PLO", "tipo__descricao": "Projeto de Lei Ordin\u00e1ria", "autoria": "RODRIGO ZACARIAS DOS SANTOS", "texto_original": "http://sapl.buritama.sp.leg.br/media/sapl/public/materialegislativa/2023/3048/pl56.pdf", "ementa": "Disp\u00f5e sobre adequa\u00e7\u00f5es da Lei Municipal n\u00ba 4.465/2018 que trata sobre servi\u00e7o de transporte de passageiros, de natureza privada, em motocicleta, denominado \"moto-t\u00e1xy\" e outros, estabelecendo normas para sua presta\u00e7\u00e3o no \u00e2mbito do Munic\u00edpio que atendam nos requisitos de conforto, seguran\u00e7a e higiene, previstos nas leis de tr\u00e2nsito e disposi\u00e7\u00f5es complementares, e d\u00e1 outras provid\u00eancias."}, {"id": "3060", "ano": "2023", "numero": "58", "tipo__sigla": "PLO", "tipo__descricao": "Projeto de Lei Ordin\u00e1ria", "autoria": "RODRIGO ZACARIAS DOS SANTOS", "texto_original": "http://sapl.buritama.sp.leg.br/media/sapl/public/materialegislativa/2023/3060/pl58.pdf", "ementa": "Autoriza o Poder Executivo Municipal a realizar repasse da assist\u00eancia financeira complementar da Uni\u00e3o para enfermeiros, t\u00e9cnicos e auxiliares de enfermagem da Santa Casa de Miseric\u00f3rdia S\u00e3o Francisco de Buritama, abertura de cr\u00e9dito especial no valor de R$ 149.346,81 (cento e quarenta e nove mil, trezentos e quarenta e seis e oitenta e um centavos), para fazer as despesas e d\u00e1 outras provid\u00eancias."}, {"id": "3067", "ano": "2023", "numero": "59", "tipo__sigla": "PLO", "tipo__descricao": "Projeto de Lei Ordin\u00e1ria", "autoria": "RODRIGO ZACARIAS DOS SANTOS", "texto_original": "http://sapl.buritama.sp.leg.br/media/sapl/public/materialegislativa/2023/3067/pl59.pdf", "ementa": "Disp\u00f5e sobre a abertura de cr\u00e9dito adicional suplementar ao or\u00e7amento de 2023, no valor de R$.770.000,00 (setecentos e setenta mil reais), altera\u00e7\u00e3o do PPA LDO para os fins que especifica e, d\u00e1 outras provid\u00eancias."}, {"id": "3068", "ano": "2023", "numero": "60", "tipo__sigla": "PLO", "tipo__descricao": "Projeto de Lei Ordin\u00e1ria", "autoria": "RODRIGO ZACARIAS DOS SANTOS", "texto_original": "http://sapl.buritama.sp.leg.br/media/sapl/public/materialegislativa/2023/3068/pl60.pdf", "ementa": "Disp\u00f5e sobre abertura de cr\u00e9dito especial no valor de R$.150.000,00 (cento e cinquenta mil reais) ao or\u00e7amento de 2023 altera\u00e7\u00e3o do PPA -LDO para os fins que especifica e, e d\u00e1 outras providencias."}, {"id": "3076", "ano": "2023", "numero": "61", "tipo__sigla": "PLO", "tipo__descricao": "Projeto de Lei Ordin\u00e1ria", "autoria": "RODRIGO ZACARIAS DOS SANTOS", "texto_original": "http://sapl.buritama.sp.leg.br/media/sapl/public/materialegislativa/2023/3076/pl61.pdf", "ementa": "Disp\u00f5e sobre altera\u00e7\u00e3o da Lei Municipal n\u00ba 2.819/2001 que trata sobre a cria\u00e7\u00e3o do Conselho Municipal do Idoso, e d\u00e1 outras providencias."}, {"id": "3079", "ano": "2023", "numero": "62", "tipo__sigla": "PLO", "tipo__descricao": "Projeto de Lei Ordin\u00e1ria", "autoria": "RODRIGO ZACARIAS DOS SANTOS", "texto_original": "http://sapl.buritama.sp.leg.br/media/sapl/public/materialegislativa/2023/3079/pl62.pdf", "ementa": "Disp\u00f5e sobre abertura de cr\u00e9dito adicional suplementar ao or\u00e7amento de 2023, no valor de R$ 510.000,00 (quinhentos e dez mil reais), altera\u00e7\u00e3o do PPA LDO para os fins que especifica e, d\u00e1 outras providencias."}, {"id": "3080", "ano": "2023", "numero": "63", "tipo__sigla": "PLO", "tipo__descricao": "Projeto de Lei Ordin\u00e1ria", "autoria": "RODRIGO ZACARIAS DOS SANTOS", "texto_original": "http://sapl.buritama.sp.leg.br/media/sapl/public/materialegislativa/2023/3080/pl63.pdf", "ementa": "Disp\u00f5e sobre abertura de cr\u00e9dito adicional suplementar ao or\u00e7amento de 2023, no valor de R$.587.000,00 (quinhentos e oita e sete mil reais), altera\u00e7\u00e3o do PPA LDO para os fins que especifica e, e d\u00e1 outras providencias."}, {"id": "3086", "ano": "2023", "numero": "64", "tipo__sigla": "PLO", "tipo__descricao": "Projeto de Lei Ordin\u00e1ria", "autoria": "RODRIGO ZACARIAS DOS SANTOS", "texto_original": "http://sapl.buritama.sp.leg.br/media/sapl/public/materialegislativa/2023/3086/pl64.pdf", "ementa": "Disp\u00f5e sobre abertura de cr\u00e9dito adicional suplementar ao or\u00e7amento de 2023, no valor de R$ 450.000,00, altera\u00e7\u00e3o do PPA-LDO para os fins que especifica e, e d\u00e1 outras provid\u00eancias."}, {"id": "3087", "ano": "2023", "numero": "65", "tipo__sigla": "PLO", "tipo__descricao": "Projeto de Lei Ordin\u00e1ria", "autoria": "RODRIGO ZACARIAS DOS SANTOS", "texto_original": "http://sapl.buritama.sp.leg.br/media/sapl/public/materialegislativa/2023/3087/pl65.pdf", "ementa": "Disp\u00f5e sobre abertura de cr\u00e9dito adicional especial, para cria\u00e7\u00e3o de elemento de despesa no or\u00e7amento vigente, autoriza\u00e7\u00e3o para repasse de recursos a entidade do terceiro setor e d\u00e1 outras provid\u00eancias."}, {"id": "3095", "ano": "2023", "numero": "66", "tipo__sigla": "PLO", "tipo__descricao": "Projeto de Lei Ordin\u00e1ria", "autoria": "RODRIGO ZACARIAS DOS SANTOS", "texto_original": "http://sapl.buritama.sp.leg.br/media/sapl/public/materialegislativa/2023/3095/pl66.pdf", "ementa": "Disp\u00f5e sobre abertura de Cr\u00e9dito Adicional Suplementar na import\u00e2ncia de R$. 450.000,00, ao or\u00e7amento programa de 2023, altera\u00e7\u00e3o do PPA LDO para os fins que especifica, e d\u00e1 outras provid\u00eancias"}, {"id": "3094", "ano": "2023", "numero": "67", "tipo__sigla": "PLO", "tipo__descricao": "Projeto de Lei Ordin\u00e1ria", "autoria": "RODRIGO ZACARIAS DOS SANTOS", "texto_original": "http://sapl.buritama.sp.leg.br/media/sapl/public/materialegislativa/2023/3094/pl67.pdf", "ementa": "Disp\u00f5e sobre abertura de Cr\u00e9dito Adicional Especial na import\u00e2ncia de R$. 750.733,20, ao or\u00e7amento programa de 2023, altera\u00e7\u00e3o do PPA LDO para os fins que especifica, e d\u00e1 outras provid\u00eancias;"}, {"id": "3098", "ano": "2023", "numero": "68", "tipo__sigla": "PLO", "tipo__descricao": "Projeto de Lei Ordin\u00e1ria", "autoria": "RODRIGO ZACARIAS DOS SANTOS", "texto_original": "http://sapl.buritama.sp.leg.br/media/sapl/public/materialegislativa/2023/3098/pl681.pdf", "ementa": "Disp\u00f5e sobre a abertura de cr\u00e9dito adicional suplementar no valor de R$.135.000,00 (Cento e Trinta e Cinco Mil Reais) ao or\u00e7amento programa do SAAEMB para o exerc\u00edcio de 2023 e d\u00e1 outras providencias."}, {"id": "3099", "ano": "2023", "numero": "69", "tipo__sigla": "PLO", "tipo__descricao": "Projeto de Lei Ordin\u00e1ria", "autoria": "RODRIGO ZACARIAS DOS SANTOS", "texto_original": "http://sapl.buritama.sp.leg.br/media/sapl/public/materialegislativa/2023/3099/projeto_de_lei_no_69.pdf", "ementa": "Disp\u00f5e sobre o ajuste das al\u00edquotas de contribui\u00e7\u00f5es previdenci\u00e1rias dos Entes da Administra\u00e7\u00e3o P\u00fablica Municipal, com altera\u00e7\u00e3o na reda\u00e7\u00e3o do artigo 14 da Lei Complementar n\u00ba 16 de 29 de setembro de 2.006 e d\u00e1 outras provid\u00eancias."}, {"id": "3102", "ano": "2023", "numero": "70", "tipo__sigla": "PLO", "tipo__descricao": "Projeto de Lei Ordin\u00e1ria", "autoria": "RODRIGO ZACARIAS DOS SANTOS", "texto_original": "http://sapl.buritama.sp.leg.br/media/sapl/public/materialegislativa/2023/3102/pl70_1.pdf", "ementa": "Disp\u00f5e sobre abertura de cr\u00e9dito especial no valor de R$ 152.257,53 ao or\u00e7amento de 2023, altera\u00e7\u00e3o do PPA LDO para os fins que especifica e d\u00e1 outras providencias."}, {"id": "3103", "ano": "2023", "numero": "71", "tipo__sigla": "PLO", "tipo__descricao": "Projeto de Lei Ordin\u00e1ria", "autoria": "RODRIGO ZACARIAS DOS SANTOS", "texto_original": "http://sapl.buritama.sp.leg.br/media/sapl/public/materialegislativa/2023/3103/pl71_1.pdf", "ementa": "Disp\u00f5e sobre abertura de cr\u00e9dito especial no valor de R$ 394.030,40 ao or\u00e7amento de 2023, altera\u00e7\u00e3o do PPA LDO para os fins que especifica e d\u00e1 outras providencias."}, {"id": "3104", "ano": "2023", "numero": "72", "tipo__sigla": "PLO", "tipo__descricao": "Projeto de Lei Ordin\u00e1ria", "autoria": "RODRIGO ZACARIAS DOS SANTOS", "texto_original": "http://sapl.buritama.sp.leg.br/media/sapl/public/materialegislativa/2023/3104/pl72_1.pdf", "ementa": "Disp\u00f5e sobre abertura de cr\u00e9dito especial no valor de R$ 239.365,00 ao or\u00e7amento de 2023, altera\u00e7\u00e3o do PPA LDO para os fins que especifica e d\u00e1 outras providencias."}, {"id": "3105", "ano": "2023", "numero": "73", "tipo__sigla": "PLO", "tipo__descricao": "Projeto de Lei Ordin\u00e1ria", "autoria": "RODRIGO ZACARIAS DOS SANTOS", "texto_original": "http://sapl.buritama.sp.leg.br/media/sapl/public/materialegislativa/2023/3105/pl73_1.pdf", "ementa": "Disp\u00f5e sobre concess\u00e3o de subven\u00e7\u00e3o/contribui\u00e7\u00e3o social \u00e0s entidades que especificam para o exerc\u00edcio de 2024."}, {"id": "3106", "ano": "2023", "numero": "74", "tipo__sigla": "PLO", "tipo__descricao": "Projeto de Lei Ordin\u00e1ria", "autoria": "RODRIGO ZACARIAS DOS SANTOS", "texto_original": "http://sapl.buritama.sp.leg.br/media/sapl/public/materialegislativa/2023/3106/pl74_1.pdf", "ementa": "Disp\u00f5e sobre abertura de cr\u00e9dito especial no valor de R$ 166.000,00 ao or\u00e7amento de 2023, altera\u00e7\u00e3o do PPA LDO para os fins que especifica e d\u00e1 outras providencias."}, {"id": "3107", "ano": "2023", "numero": "75", "tipo__sigla": "PLO", "tipo__descricao": "Projeto de Lei Ordin\u00e1ria", "autoria": "RODRIGO ZACARIAS DOS SANTOS", "texto_original": "http://sapl.buritama.sp.leg.br/media/sapl/public/materialegislativa/2023/3107/pl75.pdf", "ementa": "Disp\u00f5e sobre abertura de cr\u00e9dito especial no valor de R$ 101.768,00 ao or\u00e7amento de 2023, altera\u00e7\u00e3o do PPA LDO para os fins que especifica e d\u00e1 outras providencias."}, {"id": "3108", "ano": "2023", "numero": "76", "tipo__sigla": "PLO", "tipo__descricao": "Projeto de Lei Ordin\u00e1ria", "autoria": "RODRIGO ZACARIAS DOS SANTOS", "texto_original": "http://sapl.buritama.sp.leg.br/media/sapl/public/materialegislativa/2023/3108/pl76_1.pdf", "ementa": "Disp\u00f5e sobre abertura de cr\u00e9dito especial no valor de R$ 16.460,00 ao or\u00e7amento de 2023, altera\u00e7\u00e3o do PPA LDO para os fins que especifica e d\u00e1 outras providencias."}, {"id": "3109", "ano": "2023", "numero": "77", "tipo__sigla": "PLO", "tipo__descricao": "Projeto de Lei Ordin\u00e1ria", "autoria": "RODRIGO ZACARIAS DOS SANTOS", "texto_original": "http://sapl.buritama.sp.leg.br/media/sapl/public/materialegislativa/2023/3109/pl77.pdf", "ementa": "Disp\u00f5e sobre altera\u00e7\u00f5es dos anexos da Lei de Diretrizes Or\u00e7ament\u00e1rias para o Exerc\u00edcio de 2024 e do Plano Plurianual para quadri\u00eanio de 2022 a 2025."}, {"id": "3110", "ano": "2023", "numero": "78", "tipo__sigla": "PLO", "tipo__descricao": "Projeto de Lei Ordin\u00e1ria", "autoria": "RODRIGO ZACARIAS DOS SANTOS", "texto_original": "http://sapl.buritama.sp.leg.br/media/", "ementa": "Disp\u00f5e sobre abertura de cr\u00e9dito adicional suplementar ao or\u00e7amento de 2023, no valor de R$ 914.700,00 ( novecentos e quatorze mil e setecentos reais), altera\u00e7\u00e3o do PPA LDO para os fins que especifica e, e d\u00e1 outras providencias."}, {"id": "3111", "ano": "2023", "numero": "79", "tipo__sigla": "PLO", "tipo__descricao": "Projeto de Lei Ordin\u00e1ria", "autoria": "RODRIGO ZACARIAS DOS SANTOS", "texto_original": "http://sapl.buritama.sp.leg.br/media/", "ementa": "Altera destina\u00e7\u00e3o origin\u00e1ria da \u00e1rea do loteamento denominado \"Ch\u00e1caras de Lazer Mirante do Tiet\u00ea\", e d\u00e1 outras providencias."}, {"id": "3113", "ano": "2023", "numero": "80", "tipo__sigla": "PLO", "tipo__descricao": "Projeto de Lei Ordin\u00e1ria", "autoria": "RODRIGO ZACARIAS DOS SANTOS", "texto_original": "http://sapl.buritama.sp.leg.br/media/", "ementa": "Disp\u00f5e sobre abertura de cr\u00e9dito adicional suplementar ao or\u00e7amento de 2023, no valor de R$ 1.580.000,00 (um milh\u00e3o, quinhentos e oitenta mil reais), altera\u00e7\u00e3o do PPA LDO para os fins que especifica e, e d\u00e1 outras providencias\"."}, {"id": "3112", "ano": "2023", "numero": "81", "tipo__sigla": "PLO", "tipo__descricao": "Projeto de Lei Ordin\u00e1ria", "autoria": "RODRIGO ZACARIAS DOS SANTOS", "texto_original": "http://sapl.buritama.sp.leg.br/media/", "ementa": "Disp\u00f5e sobre abertura de cr\u00e9dito adicional suplementar ao or\u00e7amento de 2023, no valor de R$ 220.000,00 (duzentos e vinte mil reais), altera\u00e7\u00e3o do PPA LDO para os fins que especifica e, d\u00e1 outras providencias\"."}, {"id": "3141", "ano": "2023", "numero": "82", "tipo__sigla": "PLO", "tipo__descricao": "Projeto de Lei Ordin\u00e1ria", "autoria": "RODRIGO ZACARIAS DOS SANTOS", "texto_original": "http://sapl.buritama.sp.leg.br/media/sapl/public/materialegislativa/2023/3141/pl82.pdf", "ementa": "Autoriza o Poder Executivo Municipal a receber madeira nativa serrada da Secretaria do Ambiente, Infraestrutura e Log\u00edstica - Coordenadoria de Fiscaliza\u00e7\u00e3o e Biodiversidade, e d\u00e1 outras provid\u00eancias."}, {"id": "3143", "ano": "2023", "numero": "83", "tipo__sigla": "PLO", "tipo__descricao": "Projeto de Lei Ordin\u00e1ria", "autoria": "RODRIGO ZACARIAS DOS SANTOS", "texto_original": "http://sapl.buritama.sp.leg.br/media/sapl/public/materialegislativa/2023/3143/pl83.pdf", "ementa": "Disp\u00f5e sobre abertura de cr\u00e9dito adicional suplementar ao or\u00e7amento de 2023, no valor de R$ 15.000,00 (quinze mil reais), altera\u00e7\u00e3o do PPA LDO para os fins que especifica e, e d\u00e1 outras providencias"}, {"id": "3144", "ano": "2023", "numero": "84", "tipo__sigla": "PLO", "tipo__descricao": "Projeto de Lei Ordin\u00e1ria", "autoria": "RODRIGO ZACARIAS DOS SANTOS", "texto_original": "http://sapl.buritama.sp.leg.br/media/sapl/public/materialegislativa/2023/3144/pl84.pdf", "ementa": "DISP\u00d5E SOBRE: \u201cPAGAMENTO AOS SERVIDORES P\u00daBLICOS MUNICIPAIS, NO M\u00caS DE DEZEMBRO DE 2023, DE UM AUX\u00cdLIO-ALIMENTA\u00c7\u00c3O COMPLEMENTAR, E D\u00c1 OUTRAS PROVID\u00caNCIAS"}, {"id": "2831", "ano": "2023", "numero": "1", "tipo__sigla": "PL-C", "tipo__descricao": "Projeto de Lei Ordin\u00e1ria da C\u00e2mara", "autoria": "ADRIANO TUST\u00c3O, CHERRY, MARQUINHOS BARBOSA", "texto_original": "http://sapl.buritama.sp.leg.br/media/sapl/public/materialegislativa/2023/2831/projeto_de_lei_no_01.docx", "ementa": "\u201cDisp\u00f5e sobre revis\u00e3o geral anual dos Subs\u00eddios dos Vereadores e do Presidente da C\u00e2mara Municipal de Buritama\u201d."}, {"id": "2832", "ano": "2023", "numero": "2", "tipo__sigla": "PL-C", "tipo__descricao": "Projeto de Lei Ordin\u00e1ria da C\u00e2mara", "autoria": "ADRIANO TUST\u00c3O, CHERRY, MARQUINHOS BARBOSA", "texto_original": "http://sapl.buritama.sp.leg.br/media/", "ementa": "\u201cDisp\u00f5e sobre revis\u00e3o geral anual nos Subs\u00eddios do Prefeito e do Vice-Prefeito do Munic\u00edpio de Buritama\u201d."}, {"id": "2893", "ano": "2023", "numero": "3", "tipo__sigla": "PL-C", "tipo__descricao": "Projeto de Lei Ordin\u00e1ria da C\u00e2mara", "autoria": "JO\u00c3OZINHO PEREZ", "texto_original": "http://sapl.buritama.sp.leg.br/media/sapl/public/materialegislativa/2023/2893/pl03_cam_1.pdf", "ementa": "Institui no \u00e2mbito do Munic\u00edpio de Buritama o Projeto \u201cVida: Nasce uma Crian\u00e7a, Plante uma \u00c1rvore, e d\u00e1 outras provid\u00eancias."}, {"id": "2961", "ano": "2023", "numero": "4", "tipo__sigla": "PL-C", "tipo__descricao": "Projeto de Lei Ordin\u00e1ria da C\u00e2mara", "autoria": "JO\u00c3OZINHO PEREZ", "texto_original": "http://sapl.buritama.sp.leg.br/media/sapl/public/materialegislativa/2023/2961/pl-cam_no_04.pdf", "ementa": "Disp\u00f5e sobre a veda\u00e7\u00e3o da pulveriza\u00e7\u00e3o a\u00e9rea de agrot\u00f3xico realizada por meio de aeronaves, drones e qualquer outro meio a\u00e9reo, na circunscri\u00e7\u00e3o do Munic\u00edpio de Buritama, e d\u00e1 outras provid\u00eancias."}, {"id": "3145", "ano": "2023", "numero": "6", "tipo__sigla": "PL-C", "tipo__descricao": "Projeto de Lei Ordin\u00e1ria da C\u00e2mara", "autoria": "ADRIANO TUST\u00c3O, CHERRY, MARQUINHOS BARBOSA", "texto_original": "http://sapl.buritama.sp.leg.br/media/sapl/public/materialegislativa/2023/3145/pl_06_cam.pdf", "ementa": "Disp\u00f5e sobre Pagamento aos Servidores P\u00fablicos da C\u00e2mara Municipal de Buritama, no m\u00eas de Dezembro de 2023, de um Aux\u00edlio-Alimenta\u00e7\u00e3o Complementar, e d\u00e1 outras provid\u00eancias"}, {"id": "2829", "ano": "2023", "numero": "1", "tipo__sigla": "PLC", "tipo__descricao": "Projeto de Lei Complementar", "autoria": "RODRIGO ZACARIAS DOS SANTOS", "texto_original": "http://sapl.buritama.sp.leg.br/media/sapl/public/materialegislativa/2023/2829/plc01.pdf", "ementa": "DISP\u00d5E SOBRE: MODIFICA PARCIALMENTE A ORGANIZA\u00c7\u00c3O ADMINISTRATIVA DA PREFEITURA MUNICIPAL E BURITAMA, PROMOVE ALTERA\u00c7\u00c3O DE LEIS COMPLEMENTARES ORGANIZACIONAIS, DISPONDO SOBRE REESTRUTURA\u00c7\u00c3O PARCIAL DO QUADRO DE PESSOAL - COMISSIONADOS, DO GOVERNO DO MUNIC\u00cdPIO DE BURITAMA, E D\u00c1 OUTRAS PROVID\u00caNCIAS."}, {"id": "2830", "ano": "2023", "numero": "2", "tipo__sigla": "PLC", "tipo__descricao": "Projeto de Lei Complementar", "autoria": "RODRIGO ZACARIAS DOS SANTOS", "texto_original": "http://sapl.buritama.sp.leg.br/media/sapl/public/materialegislativa/2023/2830/plc02_1.pdf", "ementa": "Disp\u00f5e revis\u00e3o anual dos servidores p\u00fablicos do Governo do Munic\u00edpio de BURITAMA e das Autarquias, sobre aumento real de vencimento e d\u00e1 outras provid\u00eancias."}, {"id": "2835", "ano": "2023", "numero": "3", "tipo__sigla": "PLC", "tipo__descricao": "Projeto de Lei Complementar", "autoria": "RODRIGO ZACARIAS DOS SANTOS", "texto_original": "http://sapl.buritama.sp.leg.br/media/sapl/public/materialegislativa/2023/2835/plc03_1.pdf", "ementa": "\"Disp\u00f5e sobre: CONSOLIDA\u00c7\u00c3O DAS LEIS MUNICIPAIS REFERENTE A PROCURADORIA JUR\u00cdDICA DO MUNIC\u00cdPIO, E DA OUTRAS PROVID\u00caNCIAS\"."}, {"id": "2847", "ano": "2023", "numero": "4", "tipo__sigla": "PLC", "tipo__descricao": "Projeto de Lei Complementar", "autoria": "RODRIGO ZACARIAS DOS SANTOS", "texto_original": "http://sapl.buritama.sp.leg.br/media/sapl/public/materialegislativa/2023/2847/projeto_de_lei_complementar__nr_04_de_08_de_fevereiro_de_2023__1.pdf", "ementa": "Disp\u00f5e sobre reformula\u00e7\u00e3o da Lei Complementar Municipal n\u00ba 218/2022, que trata da altera\u00e7\u00e3o do inciso II do art. 139 da Lei Complementar Municipal n\u00b0 2.024/91 dos Funcion\u00e1rios P\u00fablicos Municipais de Buritama, com eventuais altera\u00e7\u00f5es dadas pela Lei Complementar Municipal n\u00ba 111 de 19 de setembro de 2014, Lei Complementar Municipal n.\u00b0 179 de 30 de janeiro de 2019 e Lei Complementar Municipal n.\u00b0 203, de 15 de dezembro de 2021 e d\u00e1 outras provid\u00eancias."}, {"id": "2867", "ano": "2023", "numero": "5", "tipo__sigla": "PLC", "tipo__descricao": "Projeto de Lei Complementar", "autoria": "RODRIGO ZACARIAS DOS SANTOS", "texto_original": "http://sapl.buritama.sp.leg.br/media/sapl/public/materialegislativa/2023/2867/plc05.pdf", "ementa": "Disp\u00f5e sobre altera\u00e7\u00e3o da Lei Complementar Municipal n\u00ba 172, que trata sobre a Pol\u00edtica de Assist\u00eancia Social do Munic\u00edpio de Buritama, Estado de S\u00e3o Paulo, e d\u00e1 outras provid\u00eancias."}, {"id": "2945", "ano": "2023", "numero": "6", "tipo__sigla": "PLC", "tipo__descricao": "Projeto de Lei Complementar", "autoria": "RODRIGO ZACARIAS DOS SANTOS", "texto_original": "http://sapl.buritama.sp.leg.br/media/sapl/public/materialegislativa/2023/2945/plc06.pdf", "ementa": "Disp\u00f5e sobre cria\u00e7\u00e3o, extin\u00e7\u00e3o e redenomina\u00e7\u00e3o de cargos do Quadro de Pessoal do Instituto de Previd\u00eancia Municipal de Buritama, altera e inclui dispositivos na Lei Municipal no 2.464/96, Leis Complementares Municipais nos 25/2007 e 69/2011, e d\u00e1 outras provid\u00eancias"}, {"id": "2946", "ano": "2023", "numero": "7", "tipo__sigla": "PLC", "tipo__descricao": "Projeto de Lei Complementar", "autoria": "RODRIGO ZACARIAS DOS SANTOS", "texto_original": "http://sapl.buritama.sp.leg.br/media/sapl/public/materialegislativa/2023/2946/plc07.pdf", "ementa": "Disp\u00f5e sobre reformula\u00e7\u00e3o do Plano Diretor Municipal de Turismo - PDMT do Munic\u00edpio de Buritama - Estado de S\u00e3o Paulo"}, {"id": "2983", "ano": "2023", "numero": "8", "tipo__sigla": "PLC", "tipo__descricao": "Projeto de Lei Complementar", "autoria": "RODRIGO ZACARIAS DOS SANTOS", "texto_original": "http://sapl.buritama.sp.leg.br/media/", "ementa": "\u201cDisp\u00f5e sobre a implanta\u00e7\u00e3o por expans\u00e3o de um novo Centro de Refer\u00eancia da Assist\u00eancia Social - CRAS, a implanta\u00e7\u00e3o de um Centro de Refer\u00eancia Especializado de Assist\u00eancia Social - CREAS, a implementa\u00e7\u00e3o da Gest\u00e3o dos Programas de Transfer\u00eancia de Renda - GPTR, a implementa\u00e7\u00e3o da Vigil\u00e2ncia Socioassistencial e a implementa\u00e7\u00e3o da Gest\u00e3o do Trabalho e Educa\u00e7\u00e3o Permanente vinculados ao Departamento Municipal de Assist\u00eancia e Desenvolvimento Social (DMADS) do Munic\u00edpio de Buritama-SP, d\u00e1 outras provid\u00eancias\u201d"}, {"id": "3036", "ano": "2023", "numero": "9", "tipo__sigla": "PLC", "tipo__descricao": "Projeto de Lei Complementar", "autoria": "RODRIGO ZACARIAS DOS SANTOS", "texto_original": "http://sapl.buritama.sp.leg.br/media/sapl/public/materialegislativa/2023/3036/plc09.pdf", "ementa": "Altera a Lei Complementar n\u00ba 161/2017, que instituiu o Programa de Parcelamento Incentivado - PPI, autoriza a Utiliza\u00e7\u00e3o de Protestos de Cr\u00e9dito Extrajudicial, Negativa\u00e7\u00e3o de Contribuinte em Geral da Fazenda Municipal e SAAEMB - Servi\u00e7os Aut\u00f4nomo de Agua, Esgoto e Meio Ambiente de Buritama e Cria o IPTU SOCIAL, dando outras providencias."}, {"id": "3142", "ano": "2023", "numero": "10", "tipo__sigla": "PLC", "tipo__descricao": "Projeto de Lei Complementar", "autoria": "RODRIGO ZACARIAS DOS SANTOS", "texto_original": "http://sapl.buritama.sp.leg.br/media/sapl/public/materialegislativa/2023/3142/plc10.pdf", "ementa": "DISP\u00d5E SOBRE REESTRUTURA\u00c7\u00c3O DA TABELA DE VENCIMENTOS DOS SERVIDORES P\u00daBLICOS MUNICIPAIS, ORGANIZA\u00c7\u00c3O PARCIAL DE CARGOS, PROMOVE ALTERA\u00c7\u00c3O DE LEIS COMPLEMENTARES ORGANIZACIONAIS DE FORMA PARCIAL DO GOVERNO DO MUNICIPIO DE BURITAMA, E D\u00c1 OUTRAS PROVID\u00caNCIAS."}, {"id": "2833", "ano": "2023", "numero": "1", "tipo__sigla": "PLCC", "tipo__descricao": "Projeto de Lei Complementar da C\u00e2mara", "autoria": "ADRIANO TUST\u00c3O, CHERRY, MARQUINHOS BARBOSA", "texto_original": "http://sapl.buritama.sp.leg.br/media/sapl/public/materialegislativa/2023/2833/projeto_de_lei_complementar_no_01.docx", "ementa": "\u201cDisp\u00f5e sobre revis\u00e3o geral anual dos servidores p\u00fablicos da C\u00e2mara Municipal de Buritama, sobre o aumento real de vencimento, e d\u00e1 outras provid\u00eancias\u201d."}, {"id": "3146", "ano": "2023", "numero": "2", "tipo__sigla": "PLCC", "tipo__descricao": "Projeto de Lei Complementar da C\u00e2mara", "autoria": "ADRIANO TUST\u00c3O", "texto_original": "http://sapl.buritama.sp.leg.br/media/sapl/public/materialegislativa/2023/3146/plc_2_cam.pdf", "ementa": "Disp\u00f5e sobre reestrutura\u00e7\u00e3o da Escala de Vencimentos dos Servidores P\u00fablicos da C\u00e2mara Municipal de Buritama"}, {"id": "3053", "ano": "2023", "numero": "1", "tipo__sigla": "PRE", "tipo__descricao": "Projeto de Resolu\u00e7\u00e3o", "autoria": "MARQUINHOS BARBOSA", "texto_original": "http://sapl.buritama.sp.leg.br/media/sapl/public/materialegislativa/2023/3053/pr01.pdf", "ementa": "Altera a reda\u00e7\u00e3o do Par\u00e1grafo 2\u00ba, da al\u00ednea \u201ch\u201d, do Inciso IX, do Artigo 26 do Regimento Interno da C\u00e2mara Municipal."}, {"id": "2845", "ano": "2023", "numero": "1", "tipo__sigla": "REQ", "tipo__descricao": "Requerimento", "autoria": "CRISTINA NOBRE", "texto_original": "http://sapl.buritama.sp.leg.br/media/sapl/public/materialegislativa/2023/2845/requerimento_no_01.pdf", "ementa": "Eu, MARIA CRISTINA NOBRE SANTOS, vereadora, com assento na C\u00e2mara Municipal de Buritama, Estado de S\u00e3o Paulo, REQUEIRO, nos termos regimentais, depois de ouvido o douto Plen\u00e1rio, seja oficiado o senhor Marco Antonio Ferraz, Administrador da Santa Casa de Miseric\u00f3rdia S\u00e3o Francisco de Buritama, solicitando-lhe a gentileza, no sentido de informar \u00e0 esta Casa Legislativa, quais os repasses financeiros que a Municipalidade ainda n\u00e3o repassou \u00e0quela entidade referentes aos Conv\u00eanios, bem como seja oficiado o senhor Rodrigo Zacarias dos Santos, Prefeito Municipal, solicitando-lhe a gentileza, no sentido de informar \u00e0 esta Casa Legislativa, se a Prefeitura Municipal, no tocante a repasses financeiros, est\u00e1 em d\u00e9bito com a Santa Casa."}, {"id": "2848", "ano": "2023", "numero": "2", "tipo__sigla": "REQ", "tipo__descricao": "Requerimento", "autoria": "MARQUINHOS BARBOSA", "texto_original": "http://sapl.buritama.sp.leg.br/media/", "ementa": "REQUER URG\u00caNCIA NA DELIBERA\u00c7\u00c3O DO PROJETO DE LEI N\u00ba 05/2023."}, {"id": "2849", "ano": "2023", "numero": "3", "tipo__sigla": "REQ", "tipo__descricao": "Requerimento", "autoria": "MARQUINHOS BARBOSA", "texto_original": "http://sapl.buritama.sp.leg.br/media/", "ementa": "REQUER URG\u00caNCIA NA DELIBERA\u00c7\u00c3O DO PROJETO DE LEI N\u00ba 06/2023."}, {"id": "2850", "ano": "2023", "numero": "4", "tipo__sigla": "REQ", "tipo__descricao": "Requerimento", "autoria": "MARQUINHOS BARBOSA", "texto_original": "http://sapl.buritama.sp.leg.br/media/", "ementa": "REQUER URG\u00caNCIA NA DELIBERA\u00c7\u00c3O DO PROJETO DE LEI N\u00ba 07/2023."}, {"id": "2851", "ano": "2023", "numero": "5", "tipo__sigla": "REQ", "tipo__descricao": "Requerimento", "autoria": "MARQUINHOS BARBOSA", "texto_original": "http://sapl.buritama.sp.leg.br/media/", "ementa": "REQUER URG\u00caNCIA NA DELIBERA\u00c7\u00c3O DO PROJETO DE LEI N\u00ba 08/2023."}, {"id": "2852", "ano": "2023", "numero": "6", "tipo__sigla": "REQ", "tipo__descricao": "Requerimento", "autoria": "MARQUINHOS BARBOSA", "texto_original": "http://sapl.buritama.sp.leg.br/media/", "ementa": "REQUER URG\u00caNCIA NA DELIBERA\u00c7\u00c3O DO PROJETO DE LEI N\u00ba 09/2023."}, {"id": "2853", "ano": "2023", "numero": "7", "tipo__sigla": "REQ", "tipo__descricao": "Requerimento", "autoria": "JO\u00c3OZINHO PEREZ", "texto_original": "http://sapl.buritama.sp.leg.br/media/sapl/public/materialegislativa/2023/2853/requerimento_n_07.pdf", "ementa": "Eu, JO\u00c3O LUIZ PEREZ JUNIOR, abaixo assinado, vereador, com assento na C\u00e2mara Municipal de Buritama, Estado de S\u00e3o Paulo, REQUEIRO a gentileza de Vossa Excel\u00eancia, depois de ouvido o douto Plen\u00e1rio, seja expedida uma MO\u00c7\u00c3O DE APOIO em favor do MNPS - Movimento Nacional de Produtores e Sangradores de (Seringueira Heveicultura), que tem entre as bandeiras defendidas, principalmente pelos sangradores e produtores rurais  de borracha natural \u00e9 a que  prop\u00f5e a altera\u00e7\u00e3o  da metodologia de c\u00e1lculo de forma\u00e7\u00e3o  do pre\u00e7o do co\u00e1gulo nacional (borracha natural no campo), ou seja,  para que seja  utilizado o novo \u00cdndice de Pre\u00e7o de Importa\u00e7\u00e3o  da Borracha Natural; \u00edndice  esse  criado pela Confedera\u00e7\u00e3o  da Agricultura e Pecu\u00e1ria do Brasil (CNA) em parceria  com o Instituto de Economia  Agr\u00edcola (IEA) da Secretaria de Agricultura do Estado de S\u00e3o Paulo."}, {"id": "2854", "ano": "2023", "numero": "8", "tipo__sigla": "REQ", "tipo__descricao": "Requerimento", "autoria": "AN\u00cdZIO", "texto_original": "http://sapl.buritama.sp.leg.br/media/sapl/public/materialegislativa/2023/2854/requerimento_n_08.pdf", "ementa": "Considerando informa\u00e7\u00f5es apresentadas pela Diretora do Departamento Municipal de Engenharia, Obras e Servi\u00e7os P\u00fablicos do Governo do Munic\u00edpio de Buritama na ocasi\u00e3o de oitiva na COSP- Comiss\u00e3o de Obras e Servi\u00e7os P\u00fablicos da C\u00e2mara Municipal de Buritama em 12 de agosto de 2022; requerendo, seja oficiado o senhor Rodrigo Zacarias dos Santos, Prefeito Municipal, solicitando-lhe a gentileza de fornecer \u00e0 Casa Legislativa os seguintes documentos relativos ao referido Loteamento Residencial Palmeiras, cuja infraestrutura ainda n\u00e3o foi conclu\u00edda."}, {"id": "2861", "ano": "2023", "numero": "9", "tipo__sigla": "REQ", "tipo__descricao": "Requerimento", "autoria": "MARQUINHOS BARBOSA", "texto_original": "http://sapl.buritama.sp.leg.br/media/", "ementa": "REQUER URG\u00caNCIA NA DELIBERA\u00c7\u00c3O DO PROJETO DE LEI N\u00ba 10/2023."}, {"id": "2875", "ano": "2023", "numero": "10", "tipo__sigla": "REQ", "tipo__descricao": "Requerimento", "autoria": "MARQUINHOS BARBOSA", "texto_original": "http://sapl.buritama.sp.leg.br/media/", "ementa": "REQUER URG\u00caNCIA NA DELIBERA\u00c7\u00c3O DO PROJETO DE LEI N\u00ba 11/2023."}, {"id": "2876", "ano": "2023", "numero": "11", "tipo__sigla": "REQ", "tipo__descricao": "Requerimento", "autoria": "MARQUINHOS BARBOSA", "texto_original": "http://sapl.buritama.sp.leg.br/media/", "ementa": "REQUER URG\u00caNCIA NA DELIBERA\u00c7\u00c3O DO PROJETO DE LEI N\u00ba 12/2023."}, {"id": "2877", "ano": "2023", "numero": "12", "tipo__sigla": "REQ", "tipo__descricao": "Requerimento", "autoria": "JUNIOR PICCOLI", "texto_original": "http://sapl.buritama.sp.leg.br/media/sapl/public/materialegislativa/2023/2877/requerimento_no_12_corrigido.pdf", "ementa": "Eu, JOS\u00c9 ADEMIR PICCOLI JUNIOR, abaixo assinado, vereador, com assento na C\u00e2mara Municipal de Buritama, Estado de S\u00e3o Paulo, REQUEIRO, a gentileza de Vossa Excel\u00eancia, depois de ouvido o douto Plen\u00e1rio, seja expedida uma MO\u00c7\u00c3O DE APLAUSO, em favor do jovem KA\u00cdQUE ALMEIDA REZENDE, popular \u201cKA\u00cdQUE BTA\u201d, de apenas 7 anos de idade, estudante da 2\u00aa s\u00e9rie da EMEF do Bairro Nossa Senhora do Livramento. Filho de Weber Carvalho Rezende e Patr\u00edcia Cristina de Almeida Bispo. \u00c9 o reconhecimento p\u00fablico pelo que o jovem \u201cKA\u00cdQUE BTA\u201d vem fazendo nas redes sociais pelos v\u00eddeos que posta dan\u00e7ando ao som de v\u00e1rios ritmos musicais, totalizando cerca de 100 produ\u00e7\u00f5es amadoras, alcan\u00e7ando milh\u00f5es de visualiza\u00e7\u00f5es, tendo j\u00e1, por conta de seu sucesso midi\u00e1tico participado de entrevista no SBT Interior nas depend\u00eancias do Ara\u00e7atuba Shopping, ganhando a cada dia mais e mais admiradores atrav\u00e9s do universo fant\u00e1stico, surpreendente e m\u00e1gico da Internet."}, {"id": "2878", "ano": "2023", "numero": "13", "tipo__sigla": "REQ", "tipo__descricao": "Requerimento", "autoria": "AN\u00cdZIO, ANDR\u00c9 DO Z\u00c9 CARL\u00c3O, JUNIOR PICCOLI, TONH\u00c3O DA EDITORA", "texto_original": "http://sapl.buritama.sp.leg.br/media/sapl/public/materialegislativa/2023/2878/requerimento_no_13_1.pdf", "ementa": "N\u00f3s, AN\u00cdZIO ANTONIO DA SILVA, ANTONIO JOS\u00c9 DE OLIVEIRA JUNIOR, JOS\u00c9 ADEMIR PICCOLI JUNIOR e ANDR\u00c9 LUIZ CUNTO, abaixo assinados, vereadores, com assento na C\u00e2mara Municipal de Buritama, Estado de S\u00e3o Paulo, REQUEREMOS a gentileza de Vossa Excel\u00eancia, depois de ouvido o douto Plen\u00e1rio, seja oficiado o senhor Heverton C\u00e2ndido de Paiva, Superintendente do IPREM-Instituto de Previd\u00eancia Municipal de Buritama, solicitando-lhe a gentileza de informar a causa da n\u00e3o observ\u00e2ncia da Legisla\u00e7\u00e3o Vigente - Emenda Constitucional 41, de 19 de dezembro de 2003 - uma vez que, conforme informa\u00e7\u00f5es colhidas junto a v\u00e1rios servidores p\u00fablicos municipais aposentados os proventos previdenci\u00e1rios n\u00e3o foram devidamente atualizados."}, {"id": "2880", "ano": "2023", "numero": "14", "tipo__sigla": "REQ", "tipo__descricao": "Requerimento", "autoria": "MARQUINHOS BARBOSA", "texto_original": "http://sapl.buritama.sp.leg.br/media/", "ementa": "REQUER URG\u00caNCIA NA DELIBERA\u00c7\u00c3O DO PROJETO DE LEI N\u00ba 13/2023."}, {"id": "2881", "ano": "2023", "numero": "15", "tipo__sigla": "REQ", "tipo__descricao": "Requerimento", "autoria": "MARQUINHOS BARBOSA", "texto_original": "http://sapl.buritama.sp.leg.br/media/", "ementa": "REQUER URG\u00caNCIA NA DELIBERA\u00c7\u00c3O DO PROJETO DE LEI N\u00ba 14/2023."}, {"id": "2882", "ano": "2023", "numero": "16", "tipo__sigla": "REQ", "tipo__descricao": "Requerimento", "autoria": "MARQUINHOS BARBOSA", "texto_original": "http://sapl.buritama.sp.leg.br/media/", "ementa": "REQUER URG\u00caNCIA NA DELIBERA\u00c7\u00c3O DO PROJETO DE LEI N\u00ba 15/2023."}, {"id": "2883", "ano": "2023", "numero": "17", "tipo__sigla": "REQ", "tipo__descricao": "Requerimento", "autoria": "MARQUINHOS BARBOSA", "texto_original": "http://sapl.buritama.sp.leg.br/media/", "ementa": "REQUER URG\u00caNCIA NA DELIBERA\u00c7\u00c3O DO PROJETO DE LEI N\u00ba 16/2023."}, {"id": "2884", "ano": "2023", "numero": "18", "tipo__sigla": "REQ", "tipo__descricao": "Requerimento", "autoria": "ADRIANO TUST\u00c3O", "texto_original": "http://sapl.buritama.sp.leg.br/media/sapl/public/materialegislativa/2023/2884/requerimento_no_18_1.pdf", "ementa": "REQUEREMOS a gentileza de Vossa Excel\u00eancia, depois de ouvido o douto Plen\u00e1rio, seja oficiado o respons\u00e1vel pelo Cart\u00f3rio de Registro de Im\u00f3veis, T\u00edtulos e Documentos e C\u00edvil de Pessoa Jur\u00eddica da Comarca de Buritama, solicitando-lhe a gentileza de informar \u00e0 esta Casa Legislativa, por qual motivo a Lei Municipal n\u00ba 2.088, de 07 de maio de 1992, n\u00e3o est\u00e1 sendo considerada nos eventos de transfer\u00eancia de propriedade de im\u00f3veis."}, {"id": "2886", "ano": "2023", "numero": "19", "tipo__sigla": "REQ", "tipo__descricao": "Requerimento", "autoria": "CARLINHO DO DIVINO", "texto_original": "http://sapl.buritama.sp.leg.br/media/sapl/public/materialegislativa/2023/2886/requerimento_no_19.pdf", "ementa": "Eu, CARLOS ROBERTO TEIXEIRA, abaixo assinado, vereador, com assento na C\u00e2mara Municipal de Buritama, Estado de S\u00e3o Paulo, REQUEIRO, a gentileza de Vossa Excel\u00eancia, depois de ouvido o douto Plen\u00e1rio, seja concedido um CART\u00c3O DE PRATA \u00e0 senhora MARIA BATISTA DA SILVA."}, {"id": "2887", "ano": "2023", "numero": "20", "tipo__sigla": "REQ", "tipo__descricao": "Requerimento", "autoria": "ANDR\u00c9 DO Z\u00c9 CARL\u00c3O, AN\u00cdZIO, JUNIOR PICCOLI, TONH\u00c3O DA EDITORA", "texto_original": "http://sapl.buritama.sp.leg.br/media/sapl/public/materialegislativa/2023/2887/requerimento_no_20.pdf", "ementa": "N\u00f3s, ANDR\u00c9 LUIZ CUNTO, AN\u00cdZIO ANTONIO DA SILVA, ANTONIO JOS\u00c9 DE OLIVEIRA JUNIOR e JOS\u00c9 ADEMIR PICCOLI JUNIOR, vereadores, com assento na C\u00e2mara Municipal de Buritama, Estado de S\u00e3o Paulo, REQUEREMOS, seja oficiado o senhor Rodrigo Zacarias dos Santos, Prefeito Municipal, solicitando-lhe a gentileza, no sentido de informar \u00e0 esta Casa Legislativa, sobre a que especificamente se refere o Cr\u00e9dito Adicional Especial ao Or\u00e7amento Programa de 2023 - referidos no Projeto de Lei n\u00b0 13, de 17 de fevereiro de 2023, que disp\u00f5e sobre a abertura de Cr\u00e9dito Adicional Especial na import\u00e2ncia de R$. 500.000,00 ao or\u00e7amento programa de 2023, altera\u00e7\u00e3o do PPA LDO para os fins que especifica, e d\u00e1 outras provid\u00eancias: (...) \u2013 rubrica 02.02 \u2013 Dep. Mun. De Finan\u00e7as, Contabilidade e Tributos \u2013 3.3.90.93.00.01 \u2013 04.123.0006-2.005 \u2013 Indeniza\u00e7\u00f5es e Restitui\u00e7\u00f5es R$ 500.000,00, aprovado na Sess\u00e3o Ordin\u00e1ria do dia 06 de mar\u00e7o de 2023."}, {"id": "2888", "ano": "2023", "numero": "21", "tipo__sigla": "REQ", "tipo__descricao": "Requerimento", "autoria": "ANDR\u00c9 DO Z\u00c9 CARL\u00c3O, AN\u00cdZIO, JUNIOR PICCOLI, TONH\u00c3O DA EDITORA", "texto_original": "http://sapl.buritama.sp.leg.br/media/sapl/public/materialegislativa/2023/2888/requerimento_no_21.pdf", "ementa": "N\u00f3s, ANDR\u00c9 LUIZ CUNTO, AN\u00cdZIO ANTONIO DA SILVA, ANTONIO JOS\u00c9 DE OLIVEIRA JUNIOR e JOS\u00c9 ADEMIR PICCOLI JUNIOR, vereadores, com assento na C\u00e2mara Municipal de Buritama, Estado de S\u00e3o Paulo, REQUEREMOS, seja oficiado o senhor Jos\u00e9 Eduardo Marins, Diretor Executivo do SAAEMB-Servi\u00e7o Aut\u00f4nomo de \u00c1gua, Esgoto e Meio Ambiente do Munic\u00edpio de Buritama , solicitando-lhe a gentileza, no sentido de fornecer \u00e0 esta Casa Legislativa, c\u00f3pia do competente Processo Licitat\u00f3rio e de todos os Empenhos e Notas Fiscais referentes \u00e0 constru\u00e7\u00e3o do Centro de Reciclagem de Lixo Francisco Fermino Falleiros - \u201cKiko Falleiros\u201d, localizado no Km 52,5 da Rodovia Deputado Roberto Rollemberg."}, {"id": "2890", "ano": "2023", "numero": "22", "tipo__sigla": "REQ", "tipo__descricao": "Requerimento", "autoria": "MARQUINHOS BARBOSA", "texto_original": "http://sapl.buritama.sp.leg.br/media/", "ementa": "REQUER URG\u00caNCIA NA DELIBERA\u00c7\u00c3O DO PROJETO DE LEI N\u00ba 17/2023."}, {"id": "2899", "ano": "2023", "numero": "23", "tipo__sigla": "REQ", "tipo__descricao": "Requerimento", "autoria": "JUNIOR PICCOLI, AN\u00cdZIO", "texto_original": "http://sapl.buritama.sp.leg.br/media/sapl/public/materialegislativa/2023/2899/requerimento_no_23.pdf", "ementa": "N\u00f3s, Jos\u00e9 Ademir Piccoli Junior e Anizio Antonio da Silva, vereadores com assento na C\u00e2mara Municipal de Buritama, Estado de S\u00e3o Paulo, REQUEREMOS, seja oficiado ao senhor Rodrigo Zacarias dos Santos, Prefeito Municipal, solicitando-lhe a gentileza de enviar informa\u00e7\u00f5es \u00e0 esta Casa Legislativa, no sentido de ESCLARECER qual a real finalidade das obras que est\u00e3o sendo realizadas no Pa\u00e7o Municipal N\u00e9sio Cardoso e se o referido pr\u00e9dio sofrer\u00e1 algum tipo de altera\u00e7\u00e3o em sua destina\u00e7\u00e3o, nesse caso, informar em qual sala ser\u00e1 abrigado o Gabinete do Prefeito."}, {"id": "2900", "ano": "2023", "numero": "24", "tipo__sigla": "REQ", "tipo__descricao": "Requerimento", "autoria": "JUNIOR PICCOLI, AN\u00cdZIO", "texto_original": "http://sapl.buritama.sp.leg.br/media/sapl/public/materialegislativa/2023/2900/requerimento_no_24.pdf", "ementa": "N\u00f3s, Jos\u00e9 Ademir Piccoli Junior e Anizio Antonio da Silva, vereadores com assento na C\u00e2mara Municipal de Buritama, Estado de S\u00e3o Paulo, REQUEREMOS, seja oficiado ao FID \u2013 Fundo de Interesses Difusos da Secretaria da Justi\u00e7a e Cidadania do Estado de S\u00e3o Paulo, solicitando-lhe a gentileza no sentido de enviar \u00e0 esta Casa Legislativa, c\u00f3pia f\u00edsica ou digital do Projeto Arquitet\u00f4nico \u2013 Planta Baixa -  com identifica\u00e7\u00e3o das salas e \u00e1reas externas \u2013 contidos no Projeto Centro de Integra\u00e7\u00e3o da Cidadania do Munic\u00edpio de Buritama \u2013 Conv\u00eanio SJC/FID n\u00b0 99/2019- PROCESSO SJC n\u00b0 133353612017."}, {"id": "2901", "ano": "2023", "numero": "25", "tipo__sigla": "REQ", "tipo__descricao": "Requerimento", "autoria": "MARQUINHOS BARBOSA", "texto_original": "http://sapl.buritama.sp.leg.br/media/", "ementa": "REQUER URG\u00caNCIA NA DELIBERA\u00c7\u00c3O DO PROJETO DE LEI LEGISLATIVO N\u00ba 03/2023."}, {"id": "2902", "ano": "2023", "numero": "26", "tipo__sigla": "REQ", "tipo__descricao": "Requerimento", "autoria": "MARQUINHOS BARBOSA", "texto_original": "http://sapl.buritama.sp.leg.br/media/", "ementa": "REQUER URG\u00caNCIA NA DELIBERA\u00c7\u00c3O DO PROJETO DE LEI N\u00ba 18/2023."}, {"id": "2903", "ano": "2023", "numero": "27", "tipo__sigla": "REQ", "tipo__descricao": "Requerimento", "autoria": "MARQUINHOS BARBOSA", "texto_original": "http://sapl.buritama.sp.leg.br/media/", "ementa": "REQUER URG\u00caNCIA NA DELIBERA\u00c7\u00c3O DO PROJETO DE LEI N\u00ba 19/2023."}, {"id": "2909", "ano": "2023", "numero": "28", "tipo__sigla": "REQ", "tipo__descricao": "Requerimento", "autoria": "ADRIANO TUST\u00c3O, ANDR\u00c9 DO Z\u00c9 CARL\u00c3O, AN\u00cdZIO, CARLINHO DO DIVINO, CHERRY, CRISTINA NOBRE, FEBEM, JO\u00c3OZINHO PEREZ, JUNIOR PICCOLI, MARQUINHOS BARBOSA, TONH\u00c3O DA EDITORA", "texto_original": "http://sapl.buritama.sp.leg.br/media/sapl/public/materialegislativa/2023/2909/requerimento_no_28.pdf", "ementa": "N\u00f3s, ABAIXO ASSINADOS, vereadores, com assento na C\u00e2mara Municipal de Buritama, Estado de S\u00e3o Paulo, REQUEREMOS, a gentileza de Vossa Excel\u00eancia, depois de ouvido o douto Plen\u00e1rio, seja expedida uma MO\u00c7\u00c3O DE APLAUSO, em favor do senhor M\u00c1RIO ROBERTO OPICE LE\u00c3O, CEO DO BANCO SANTANDER S.A., em S\u00e3o Paulo, que possibilitou o direcionamento de recursos do Imposto de Renda para o fortalecimento do sistema de prote\u00e7\u00e3o ao idoso, atrav\u00e9s de transfer\u00eancia financeira ao Fundo Municipal do Idoso de Buritama, na import\u00e2ncia de R$. 305.000,00, ao LAR DOS VELHOS S\u00c3O CAMILO DE LELES - BURITAMA, atrav\u00e9s do Projeto: \u201cPassos para um Envelhecimento com Dignidade\u201d, e tendo o Poder Executivo Municipal encaminhado o Projeto de Lei n\u00ba 19/23, o mesmo foi aprovado por unanimidade na Sess\u00e3o Ordin\u00e1ria do dia 20 de mar\u00e7o de 2023, que sancionada transformou-se na Lei Municipal n\u00ba 4.855, de 23 de mar\u00e7o de 2023."}, {"id": "2911", "ano": "2023", "numero": "29", "tipo__sigla": "REQ", "tipo__descricao": "Requerimento", "autoria": "MARQUINHOS BARBOSA", "texto_original": "http://sapl.buritama.sp.leg.br/media/", "ementa": "REQUER URG\u00caNCIA NA DELIBERA\u00c7\u00c3O DO PROJETO DE LEI N\u00ba 20/2023."}, {"id": "2912", "ano": "2023", "numero": "30", "tipo__sigla": "REQ", "tipo__descricao": "Requerimento", "autoria": "MARQUINHOS BARBOSA", "texto_original": "http://sapl.buritama.sp.leg.br/media/", "ementa": "REQUER URG\u00caNCIA NA DELIBERA\u00c7\u00c3O DO PROJETO DE LEI N\u00ba 21/2023."}, {"id": "2913", "ano": "2023", "numero": "31", "tipo__sigla": "REQ", "tipo__descricao": "Requerimento", "autoria": "CRISTINA NOBRE", "texto_original": "http://sapl.buritama.sp.leg.br/media/sapl/public/materialegislativa/2023/2913/requerimento_no_31_1.pdf", "ementa": "Eu, MARIA CRISTINA NOBRE SANTOS, abaixo assinado, vereadora, com assento na C\u00e2mara Municipal de Buritama, Estado de S\u00e3o Paulo, REQUEIRO, a gentileza de Vossa Excel\u00eancia, depois de ouvido o douto Plen\u00e1rio, seja expedida uma MO\u00c7\u00c3O DE APLAUSO, em favor do pastor EMERSON DA CONCEI\u00c7\u00c3O APARECIDO DE FREITAS."}, {"id": "2916", "ano": "2023", "numero": "32", "tipo__sigla": "REQ", "tipo__descricao": "Requerimento", "autoria": "JUNIOR PICCOLI", "texto_original": "http://sapl.buritama.sp.leg.br/media/sapl/public/materialegislativa/2023/2916/requerimento_no_32.pdf", "ementa": "Autoria: vereador Jos\u00e9 Ademir Piccoli Junior, requerendo, seja oficiado o senhor Rodrigo Zacarias dos Santos, Prefeito Municipal, solicitando-lhe a gentileza, no sentido de fornecer \u00e0 esta Casa Legislativa, c\u00f3pia do contrato celebrado entre o Governo do Munic\u00edpio de Buritama e a Empresa de Seguran\u00e7a, para prestar servi\u00e7os durante o Campeonato de Futsal realizado nas depend\u00eancias do Gin\u00e1sio de Esportes Maria Bassan Feroldi, cuja final se deu na sexta-feira, dia 31 de mar\u00e7o de 2023, bem como a rela\u00e7\u00e3o nominal dos profissionais da empresa contratada que foram escalados em todos os jogos do referido Campeonato;"}, {"id": "2917", "ano": "2023", "numero": "33", "tipo__sigla": "REQ", "tipo__descricao": "Requerimento", "autoria": "JO\u00c3OZINHO PEREZ", "texto_original": "http://sapl.buritama.sp.leg.br/media/sapl/public/materialegislativa/2023/2917/requerimento_no_33.pdf", "ementa": "Autoria: vereador Jo\u00e3o Luiz Perez Junior, requerendo, seja oficiado o senhor Rodrigo Zacarias dos Santos, Prefeito Municipal, solicitando-lhe a gentileza, no sentido de agendar uma data e hor\u00e1rio, junto ao Departamento de Licita\u00e7\u00f5es, para que este vereador possa averiguar e analisar, in loco, todo o Processo Licitat\u00f3rio n\u00ba 142/2011 - Preg\u00e3o Presencial n\u00ba 040/2011, com o seguinte objeto: Aquisi\u00e7\u00e3o de 01 \u00f4nibus, usado e em bom estado, para a Educa\u00e7\u00e3o. Requeiro, ainda, neste ato, que caso haja necessidade, seja concedida permiss\u00e3o para tirar fotos da(s) p\u00e1gina(s) que achar pertinente(s);"}, {"id": "2918", "ano": "2023", "numero": "34", "tipo__sigla": "REQ", "tipo__descricao": "Requerimento", "autoria": "CRISTINA NOBRE, JO\u00c3OZINHO PEREZ", "texto_original": "http://sapl.buritama.sp.leg.br/media/sapl/public/materialegislativa/2023/2918/requerimento_no_34.pdf", "ementa": "Autoria: vereadores Maria Cristina Nobre Santos e Jo\u00e3o Luiz Perez Junior, requerendo, sejam oficiados os senhores Rodrigo Zacarias dos Santos, Prefeito Municipal, e V\u00e2nia Cristina Frazatti Gambera Dias, Diretora Municipal de Educa\u00e7\u00e3o, solicitando-lhes a gentileza, no sentido de encaminharem \u00e0 esta Casa Legislativa, c\u00f3pia de todas as demandas solicitadas pela senhora Onadir Aparecida do Prado da Silva, Coordenadora do NAMP-N\u00facleo de Apoio Multidisciplinar Pedag\u00f3gico Rui C\u00e9sar de Souza, no per\u00edodo compreendido entre 01 de janeiro de 2021 at\u00e9 a presente data (05.04.23), junto ao Departamento Municipal de Educa\u00e7\u00e3o, especificando quais demandas foram atendidas e quais n\u00e3o obtiveram \u00eaxito, e o motivo do n\u00e3o atendimento \u00e0 essas solicita\u00e7\u00f5es"}, {"id": "2919", "ano": "2023", "numero": "35", "tipo__sigla": "REQ", "tipo__descricao": "Requerimento", "autoria": "AN\u00cdZIO", "texto_original": "http://sapl.buritama.sp.leg.br/media/sapl/public/materialegislativa/2023/2919/requerimento_no_35.pdf", "ementa": "Autoria: vereador An\u00edzio Antonio da Silva, requerendo, seja oficiado o senhor Edilson Carlos de Paiva, Diretor Municipal de Sa\u00fade, solicitando-lhe a gentileza, no sentido de informar \u00e0 esta Casa Legislativa, onde \u00e9 feito o tratamento de pessoas portadoras de autismo na \u00e1rea da Sa\u00fade do Munic\u00edpio;"}, {"id": "2924", "ano": "2023", "numero": "36", "tipo__sigla": "REQ", "tipo__descricao": "Requerimento", "autoria": "MARQUINHOS BARBOSA", "texto_original": "http://sapl.buritama.sp.leg.br/media/", "ementa": "REQUER URG\u00caNCIA NA DELIBERA\u00c7\u00c3O DO PROJETO DE LEI N\u00ba 22/2023."}, {"id": "2925", "ano": "2023", "numero": "37", "tipo__sigla": "REQ", "tipo__descricao": "Requerimento", "autoria": "MARQUINHOS BARBOSA", "texto_original": "http://sapl.buritama.sp.leg.br/media/", "ementa": "REQUER URG\u00caNCIA NA DELIBERA\u00c7\u00c3O DO PROJETO DE LEI N\u00ba 23/2023."}, {"id": "2926", "ano": "2023", "numero": "38", "tipo__sigla": "REQ", "tipo__descricao": "Requerimento", "autoria": "MARQUINHOS BARBOSA", "texto_original": "http://sapl.buritama.sp.leg.br/media/", "ementa": "REQUER URG\u00caNCIA NA DELIBERA\u00c7\u00c3O DO PROJETO DE LEI N\u00ba 24/2023."}, {"id": "2935", "ano": "2023", "numero": "39", "tipo__sigla": "REQ", "tipo__descricao": "Requerimento", "autoria": "MARQUINHOS BARBOSA", "texto_original": "http://sapl.buritama.sp.leg.br/media/", "ementa": "REQUER URG\u00caNCIA NA DELIBERA\u00c7\u00c3O DO PROJETO DE LEI N\u00ba 26/2023."}, {"id": "2936", "ano": "2023", "numero": "40", "tipo__sigla": "REQ", "tipo__descricao": "Requerimento", "autoria": "MARQUINHOS BARBOSA", "texto_original": "http://sapl.buritama.sp.leg.br/media/", "ementa": "REQUER URG\u00caNCIA NA DELIBERA\u00c7\u00c3O DO PROJETO DE LEI N\u00ba 27/2023."}, {"id": "2939", "ano": "2023", "numero": "41", "tipo__sigla": "REQ", "tipo__descricao": "Requerimento", "autoria": "JUNIOR PICCOLI", "texto_original": "http://sapl.buritama.sp.leg.br/media/sapl/public/materialegislativa/2023/2939/requerimento_no_40-41.pdf", "ementa": "REQUERIMENTO N\u00ba 40/23 - Autoria: vereador Jos\u00e9 Ademir Piccoli Junior;\r\n                        REQUERIMENTO N\u00ba 41/23 - Autoria: vereador Jos\u00e9 Ademir Piccoli Junior."}, {"id": "2948", "ano": "2023", "numero": "42", "tipo__sigla": "REQ", "tipo__descricao": "Requerimento", "autoria": "MARQUINHOS BARBOSA", "texto_original": "http://sapl.buritama.sp.leg.br/media/", "ementa": "REQUER URG\u00caNCIA NA DELIBERA\u00c7\u00c3O DO PROJETO DE LEI N\u00ba 29/2023."}, {"id": "2949", "ano": "2023", "numero": "43", "tipo__sigla": "REQ", "tipo__descricao": "Requerimento", "autoria": "MARQUINHOS BARBOSA", "texto_original": "http://sapl.buritama.sp.leg.br/media/", "ementa": "REQUER URG\u00caNCIA NA DELIBERA\u00c7\u00c3O DO PROJETO DE LEI N\u00ba 30/2023."}, {"id": "2950", "ano": "2023", "numero": "44", "tipo__sigla": "REQ", "tipo__descricao": "Requerimento", "autoria": "MARQUINHOS BARBOSA", "texto_original": "http://sapl.buritama.sp.leg.br/media/", "ementa": "REQUER URG\u00caNCIA NA DELIBERA\u00c7\u00c3O DO PROJETO DE LEI N\u00ba 31/2023."}, {"id": "2951", "ano": "2023", "numero": "45", "tipo__sigla": "REQ", "tipo__descricao": "Requerimento", "autoria": "MARQUINHOS BARBOSA", "texto_original": "http://sapl.buritama.sp.leg.br/media/", "ementa": "REQUER URG\u00caNCIA NA DELIBERA\u00c7\u00c3O DO PROJETO DE LEI N\u00ba 32/2023."}, {"id": "2960", "ano": "2023", "numero": "46", "tipo__sigla": "REQ", "tipo__descricao": "Requerimento", "autoria": "AN\u00cdZIO, ANDR\u00c9 DO Z\u00c9 CARL\u00c3O, JUNIOR PICCOLI, TONH\u00c3O DA EDITORA", "texto_original": "http://sapl.buritama.sp.leg.br/media/sapl/public/materialegislativa/2023/2960/requerimento_no_46.pdf", "ementa": "N\u00f3s, ABAIXO ASSINADOS, vereadores, com assento na C\u00e2mara Municipal de Buritama, Estado de S\u00e3o Paulo, com o objetivo de manifestar rep\u00fadio ao Projeto de Lei n\u00ba 752/2021 proposto pelo Tribunal de Justi\u00e7a do Estado de S\u00e3o Paulo, visando modificar disposi\u00e7\u00f5es da Lei n\u00ba 11.608/2023 - Lei da Taxa Judici\u00e1ria, incidente sobre servi\u00e7os p\u00fablicos de natureza forense, e caso seja aprovado, o referido Projeto de Lei aumentar\u00e1 as taxas judici\u00e1rias em todo o Estado, por meio da cria\u00e7\u00e3o de novas taxas e do aumento dos custos suportados pelos cidad\u00e3os que acessam a Justi\u00e7a, afetando principalmente a popula\u00e7\u00e3o mais vulner\u00e1vel, que j\u00e1 enfrenta dificuldades para acessar os tribunais, REQUEREMOS, seja expedida uma MO\u00c7\u00c3O DE REP\u00daDIO a ser enviada ao Excelent\u00edssimo Presidente da Assembleia Legislativa do Estado de S\u00e3o Paulo, Deputado Andr\u00e9 do Prado (andredoprado@al.sp.gov.br) para que seja distribu\u00edda a todos os demais legisladores do nosso Estado, e al\u00e9m disso que fosse comunicado a todos os associados da Su"}, {"id": "2962", "ano": "2023", "numero": "47", "tipo__sigla": "REQ", "tipo__descricao": "Requerimento", "autoria": "MARQUINHOS BARBOSA", "texto_original": "http://sapl.buritama.sp.leg.br/media/", "ementa": "REQUER URG\u00caNCIA NA DELIBERA\u00c7\u00c3O DO PROJETO DE LEI N\u00ba 33/23."}, {"id": "2963", "ano": "2023", "numero": "48", "tipo__sigla": "REQ", "tipo__descricao": "Requerimento", "autoria": "MARQUINHOS BARBOSA", "texto_original": "http://sapl.buritama.sp.leg.br/media/", "ementa": "REQUER URG\u00caNCIA NA DELIBERA\u00c7\u00c3O DO PROJETO DE LEI LEGISLATIVO N\u00ba 04/23."}, {"id": "2970", "ano": "2023", "numero": "49", "tipo__sigla": "REQ", "tipo__descricao": "Requerimento", "autoria": "FEBEM", "texto_original": "http://sapl.buritama.sp.leg.br/media/sapl/public/materialegislativa/2023/2970/requerimento_no_49.pdf", "ementa": "Eu, CARLOS ALBERTO DOS SANTOS, abaixo assinado, vereador com assento na C\u00e2mara Municipal de Buritama, Estado de S\u00e3o Paulo, REQUEIRO a gentileza de Vossa Excel\u00eancia, depois de ouvido o douto Plen\u00e1rio, seja oficiado o senhor Jos\u00e9 Eduardo Marins, Diretor Executivo do SAAEMB-Servi\u00e7o Aut\u00f4nomo de \u00c1gua e Esgoto do Munic\u00edpio de Buritama, solicitando-lhe a gentileza, no sentido de informar \u00e0 esta Casa Legislativa, se aquela Autarquia possui alguma an\u00e1lise recente sobre a qualidade da \u00e1gua de nossos C\u00f3rregos e Ribeir\u00f5es, que comprove eventual contamina\u00e7\u00e3o proveniente do uso de agrot\u00f3xicos que s\u00e3o lan\u00e7ados sobre as lavouras e levados pelas chuvas atingindo esses riachos."}, {"id": "2971", "ano": "2023", "numero": "50", "tipo__sigla": "REQ", "tipo__descricao": "Requerimento", "autoria": "MARQUINHOS BARBOSA", "texto_original": "http://sapl.buritama.sp.leg.br/media/", "ementa": "REQUER URG\u00caNCIA NA DELIBERA\u00c7\u00c3O DO PROJETO DE LEI N\u00ba 34/2023."}, {"id": "2973", "ano": "2023", "numero": "51", "tipo__sigla": "REQ", "tipo__descricao": "Requerimento", "autoria": "JUNIOR PICCOLI", "texto_original": "http://sapl.buritama.sp.leg.br/media/sapl/public/materialegislativa/2023/2973/requerimento_no_51.pdf", "ementa": "Eu, JOS\u00c9 ADEMIR PICCOLI JUNIOR, vereador, com assento na C\u00e2mara Municipal de Buritama, Estado de S\u00e3o Paulo, considerando a resposta do Requerimento n\u00ba 41/23, encaminhada atrav\u00e9s do Of\u00edcio n\u00ba 84/2023-GP de 24 de maio de 2023, e para complemento da aludida resposta nele contida, REQUEIRO a Vossa Excel\u00eancia, depois de ouvido o douto Plen\u00e1rio, seja oficiado novamente o senhor Rodrigo Zacarias dos Santos, Prefeito Municipal, solicitando-lhe a gentileza, no sentido de providenciar junto ao setor competente, o envio de c\u00f3pias de todo o processo de compra direta das marmitas j\u00e1 servidas, bem como de todo o Processo Licitat\u00f3rio que est\u00e1 sendo feito para a aquisi\u00e7\u00e3o de novas marmitas para atender aos trabalhadores do Conv\u00eanio celebrado com a FUNAP, inclusive com informa\u00e7\u00f5es sobre a quantidade de marmitas j\u00e1 servidas, o nome do fornecedor das mesmas e o valor pago por cada uma."}, {"id": "2974", "ano": "2023", "numero": "52", "tipo__sigla": "REQ", "tipo__descricao": "Requerimento", "autoria": "JUNIOR PICCOLI", "texto_original": "http://sapl.buritama.sp.leg.br/media/sapl/public/materialegislativa/2023/2974/requerimento_no_52.pdf", "ementa": "Eu, JOS\u00c9 ADEMIR PICCOLI JUNIOR, vereador, com assento na C\u00e2mara Municipal de Buritama, Estado de S\u00e3o Paulo, REQUEIRO a Vossa Excel\u00eancia, depois de ouvido o douto Plen\u00e1rio, seja oficiado o senhor Rodrigo Zacarias dos Santos, Prefeito Municipal, solicitando-lhe a gentileza, no sentido de informar \u00e0 esta Casa Legislativa, acerca do andamento do Programa Cidade Legal, quais os procedimentos que est\u00e3o sendo tomados, bem como o que j\u00e1 foi feito at\u00e9 a presente data."}, {"id": "2975", "ano": "2023", "numero": "53", "tipo__sigla": "REQ", "tipo__descricao": "Requerimento", "autoria": "AN\u00cdZIO", "texto_original": "http://sapl.buritama.sp.leg.br/media/sapl/public/materialegislativa/2023/2975/requerimento_no_53.pdf", "ementa": "Eu, AN\u00cdZIO ANTONIO DA SILVA, vereador, com assento na C\u00e2mara Municipal de Buritama, Estado de S\u00e3o Paulo, REQUEIRO a Vossa Excel\u00eancia, depois de ouvido o douto Plen\u00e1rio, seja oficiado o senhor Rodrigo Zacarias dos Santos, Prefeito Municipal, solicitando-lhe a gentileza, no sentido de fornecer \u00e0 esta Casa Legislativa c\u00f3pia do competente instrumento jur\u00eddico e seus anexos, que firmou parceria do Munic\u00edpio com o Clube de Rodeio Buritama, conforme a Lei Municipal n\u00ba 4.372, de 12 de maio de 2017, alterada pela Lei Municipal n\u00ba 4.858, de 11 de abril de 2023."}, {"id": "2999", "ano": "2023", "numero": "54", "tipo__sigla": "REQ", "tipo__descricao": "Requerimento", "autoria": "MARQUINHOS BARBOSA", "texto_original": "http://sapl.buritama.sp.leg.br/media/sapl/public/materialegislativa/2023/2999/requerimento_no_54.pdf", "ementa": "Eu, MARCOS BARBOSA DE FREITAS, abaixo assinado, vereador, com assento na C\u00e2mara Municipal de Buritama, Estado de S\u00e3o Paulo, REQUEIRO, depois de ouvido o douto Plen\u00e1rio, seja expedida uma MO\u00c7\u00c3O DE APLAUSO  em favor do senhor PAULO CRUZ, pelos relevantes servi\u00e7os prestados ao nosso munic\u00edpio."}, {"id": "3002", "ano": "2023", "numero": "55", "tipo__sigla": "REQ", "tipo__descricao": "Requerimento", "autoria": "JUNIOR PICCOLI", "texto_original": "http://sapl.buritama.sp.leg.br/media/sapl/public/materialegislativa/2023/3002/requerimento_no_55.pdf", "ementa": "Eu, JOS\u00c9 ADEMIR PICCOLI JUNIOR, vereador, com assento na C\u00e2mara Municipal de Buritama, Estado de S\u00e3o Paulo, considerando a resposta do Requerimento n\u00ba 41/23, encaminhada atrav\u00e9s do Of\u00edcio n\u00ba 84/2023-GP de 24 de maio de 2023, e para complemento da aludida resposta nele contida, REQUEIRO a Vossa Excel\u00eancia, depois de ouvido o douto Plen\u00e1rio, seja oficiado novamente o senhor Rodrigo Zacarias dos Santos, Prefeito Municipal, solicitando-lhe a gentileza, no sentido de providenciar junto ao setor competente, o envio de c\u00f3pias de todo o processo de compra direta das marmitas j\u00e1 servidas, bem como de todo o Processo Licitat\u00f3rio que est\u00e1 sendo feito para a aquisi\u00e7\u00e3o de novas marmitas para atender aos trabalhadores do Conv\u00eanio celebrado com a FUNAP, inclusive com informa\u00e7\u00f5es sobre a quantidade de marmitas j\u00e1 servidas, o nome do fornecedor das mesmas e o valor pago por cada uma, bem como informar quem era o fornecedor antes da realiza\u00e7\u00e3o do competente Processo Licitat\u00f3rio."}, {"id": "3004", "ano": "2023", "numero": "56", "tipo__sigla": "REQ", "tipo__descricao": "Requerimento", "autoria": "JO\u00c3OZINHO PEREZ", "texto_original": "http://sapl.buritama.sp.leg.br/media/", "ementa": "REQUER URG\u00caNCIA NA DELIBERA\u00c7\u00c3O NO PROJETO DE LEI N\u00ba 47/2023."}, {"id": "3005", "ano": "2023", "numero": "57", "tipo__sigla": "REQ", "tipo__descricao": "Requerimento", "autoria": "JO\u00c3OZINHO PEREZ", "texto_original": "http://sapl.buritama.sp.leg.br/media/", "ementa": "REQUER URG\u00caNCIA NA DELIBERA\u00c7\u00c3O NO PROJETO DE LEI N\u00ba 48/2023."}, {"id": "3006", "ano": "2023", "numero": "58", "tipo__sigla": "REQ", "tipo__descricao": "Requerimento", "autoria": "JO\u00c3OZINHO PEREZ", "texto_original": "http://sapl.buritama.sp.leg.br/media/", "ementa": "REQUER URG\u00caNCIA NA DELIBERA\u00c7\u00c3O NO PROJETO DE LEI N\u00ba 49/2023."}, {"id": "3007", "ano": "2023", "numero": "59", "tipo__sigla": "REQ", "tipo__descricao": "Requerimento", "autoria": "JO\u00c3OZINHO PEREZ", "texto_original": "http://sapl.buritama.sp.leg.br/media/", "ementa": "REQUER URG\u00caNCIA NA DELIBERA\u00c7\u00c3O DO PROJETO DE LEI LEGISLATIVO N\u00ba 05/2023."}, {"id": "3008", "ano": "2023", "numero": "60", "tipo__sigla": "REQ", "tipo__descricao": "Requerimento", "autoria": "ADRIANO TUST\u00c3O, ANDR\u00c9 DO Z\u00c9 CARL\u00c3O, AN\u00cdZIO, CARLINHO DO DIVINO, CHERRY, CRISTINA NOBRE, FEBEM, JO\u00c3OZINHO PEREZ, JUNIOR PICCOLI, MARQUINHOS BARBOSA, TONH\u00c3O DA EDITORA", "texto_original": "http://sapl.buritama.sp.leg.br/media/sapl/public/materialegislativa/2023/3008/requerimento_no_60.pdf", "ementa": "N\u00f3s, ABAIXO ASSINADOS, vereadores, com assento na C\u00e2mara Municipal de Buritama, Estado de S\u00e3o Paulo, REQUEREMOS, nos termos regimentais, depois de ouvido o douto Plen\u00e1rio, seja expedida uma MO\u00c7\u00c3O DE APOIO, \u00e0 demanda pleiteada pelo Sindicato de Especialistas de Educa\u00e7\u00e3o do Magist\u00e9rio Oficial do Estado de S\u00e3o Paulo, com gest\u00f5es junto ao Excelent\u00edssimo Senhor Governador do Estado, Tarc\u00edsio de Freitas, para que abra novo concurso p\u00fablico para Diretor Escolar, em car\u00e1ter de urg\u00eancia, para que as escolas de educa\u00e7\u00e3o b\u00e1sica do estado n\u00e3o continuem sendo prejudicadas pela falta desse importante profissional."}, {"id": "3009", "ano": "2023", "numero": "61", "tipo__sigla": "REQ", "tipo__descricao": "Requerimento", "autoria": "AN\u00cdZIO", "texto_original": "http://sapl.buritama.sp.leg.br/media/sapl/public/materialegislativa/2023/3009/requerimento_no_61.pdf", "ementa": "Eu, AN\u00cdZIO ANTONIO DA SILVA, vereador, com assento na C\u00e2mara Municipal de Buritama, Estado de S\u00e3o Paulo, REQUEIRO, seja oficiado o senhor Rodrigo Zacarias dos Santos, Prefeito Municipal, solicitando-lhe a gentileza, no sentido de fornecer \u00e0 esta Casa Legislativa, c\u00f3pia, capa a capa, do Processo Licitat\u00f3rio que culminou na formaliza\u00e7\u00e3o do Contrato n\u00ba 144/2023, celebrado entre o Governo do Munic\u00edpio de Buritama e o Clube de Rodeio Buritama em 26/07/2023, Extrato publicado na Edi\u00e7\u00e3o n\u00ba 954 do DOE-Di\u00e1rio Oficial Eletr\u00f4nico do Munic\u00edpio de Buritama em 03/08/2023, incluindo o referido contrato, e tamb\u00e9m, c\u00f3pia da presta\u00e7\u00e3o de contas e os respectivos contratos referentes \u00e0s Leis anteriormente aprovadas com o mesmo Clube de Rodeio nos anos de 2017, 2018 e 2019."}, {"id": "3015", "ano": "2023", "numero": "62", "tipo__sigla": "REQ", "tipo__descricao": "Requerimento", "autoria": "JO\u00c3OZINHO PEREZ", "texto_original": "http://sapl.buritama.sp.leg.br/media/sapl/public/materialegislativa/2023/3015/requerimento_no_62.pdf", "ementa": "Eu, JO\u00c3O LUIZ PEREZ JUNIOR, vereador, com assento na C\u00e2mara Municipal de Buritama, Estado de S\u00e3o Paulo, REQUEIRO, seja oficiado o senhor Rodrigo Zacarias dos Santos, Prefeito Municipal, solicitando-lhe a gentileza, no sentido de fornecer \u00e0 esta Casa Legislativa, c\u00f3pia do Contrato celebrado entre o Governo do Munic\u00edpio de Buritama e o (s) respons\u00e1vel (is) pela (s) empresa (as), que realizou (am) as Festas do Pe\u00e3o dos Exerc\u00edcios de 2013, 2014, 2015 e 2016."}, {"id": "3016", "ano": "2023", "numero": "63", "tipo__sigla": "REQ", "tipo__descricao": "Requerimento", "autoria": "ANDR\u00c9 DO Z\u00c9 CARL\u00c3O", "texto_original": "http://sapl.buritama.sp.leg.br/media/sapl/public/materialegislativa/2023/3016/requerimento_no_63.pdf", "ementa": "Eu, ANDR\u00c9 LUIZ CUNTO, vereador, com assento na C\u00e2mara Municipal de Buritama, Estado de S\u00e3o Paulo, REQUEIRO, seja oficiado o senhor Rodrigo Zacarias dos Santos, Prefeito Municipal, solicitando-lhe a gentileza, no sentido de informar \u00e0 esta Casa Legislativa, se o Governo do Munic\u00edpio de Buritama tem uma data precisa para inaugura\u00e7\u00e3o da revitaliza\u00e7\u00e3o do Parque Tur\u00edstico Jo\u00e3o Sim\u00e3o Garcia, Prainha."}, {"id": "3018", "ano": "2023", "numero": "64", "tipo__sigla": "REQ", "tipo__descricao": "Requerimento", "autoria": "MARQUINHOS BARBOSA", "texto_original": "http://sapl.buritama.sp.leg.br/media/", "ementa": "REQUER URG\u00caNCIA NA DELIBERA\u00c7\u00c3O DO PROJETO DE LEI N\u00ba 50/2023."}, {"id": "3026", "ano": "2023", "numero": "65", "tipo__sigla": "REQ", "tipo__descricao": "Requerimento", "autoria": "AN\u00cdZIO", "texto_original": "http://sapl.buritama.sp.leg.br/media/sapl/public/materialegislativa/2023/3026/requerimento_no_65_1.pdf", "ementa": "Eu, AN\u00cdZIO ANTONIO DA SILVA, vereador, com assento na C\u00e2mara Municipal de Buritama, Estado de S\u00e3o Paulo, REQUEIRO a gentileza de Vossa Excel\u00eancia, depois de ouvido o douto Plen\u00e1rio, seja oficiado o senhor Rodrigo Zacarias dos Santos, Prefeito Municipal, solicitando-lhe a gentileza, no sentido de fornecer \u00e0 esta Casa Legislativa, c\u00f3pia da Nota Fiscal e do respectivo Empenho sobre a aquisi\u00e7\u00e3o dos equipamentos de Academia de Gin\u00e1stica que permanecem, segundo informa\u00e7\u00f5es, h\u00e1 cerca de tr\u00eas anos, nas depend\u00eancias da Cozinha Piloto. (Foto Ilustrativa em Anexo)."}, {"id": "3027", "ano": "2023", "numero": "66", "tipo__sigla": "REQ", "tipo__descricao": "Requerimento", "autoria": "MARQUINHOS BARBOSA", "texto_original": "http://sapl.buritama.sp.leg.br/media/", "ementa": "REQUER URG\u00caNCIA NA DELIBERA\u00c7\u00c3O DO PROJETO DE LEI N\u00ba 51/2023."}, {"id": "3028", "ano": "2023", "numero": "67", "tipo__sigla": "REQ", "tipo__descricao": "Requerimento", "autoria": "ANDR\u00c9 DO Z\u00c9 CARL\u00c3O", "texto_original": "http://sapl.buritama.sp.leg.br/media/sapl/public/materialegislativa/2023/3028/requerimento_no_67.pdf", "ementa": "Eu, ANDR\u00c9 LUIZ CUNTO, abaixo assinado, vereador com assento na C\u00e2mara Municipal de Buritama, Estado de S\u00e3o Paulo, REQUEIRO a gentileza de Vossa Excel\u00eancia, depois de ouvido o douto Plen\u00e1rio, seja oficiado o senhor Rodrigo Zacarias dos Santos, Prefeito Municipal, solicitando-lhe a gentileza, no sentido de informar \u00e0 esta Casa Legislativa, se j\u00e1 tem uma data prevista para o in\u00edcio das obras de pavimenta\u00e7\u00e3o asf\u00e1ltica da Estrada Municipal BTM-400 Am\u00e9rico Pereira Dias, que tem in\u00edcio junto \u00e0 margem esquerda da Av. Antonio Alves Teixeira, sentido Buritama-SP-461, Deputado Roberto Rollemberg, Km 1, passando por diversas propriedades rurais, Condom\u00ednio Residencial Lago Azul, Loteamentos Residenciais Lago Azul, Praia Bela e Portal da Praia, at\u00e9 encontrar Av. Antonio Alves Teixeira, j\u00e1 nas proximidades do Parque Tur\u00edstico Jo\u00e3o Sim\u00e3o Garcia, Prainha, Km 4,5."}, {"id": "3029", "ano": "2023", "numero": "68", "tipo__sigla": "REQ", "tipo__descricao": "Requerimento", "autoria": "ADRIANO TUST\u00c3O, ANDR\u00c9 DO Z\u00c9 CARL\u00c3O, AN\u00cdZIO, CARLINHO DO DIVINO, CHERRY, CRISTINA NOBRE, FEBEM, JO\u00c3OZINHO PEREZ, JUNIOR PICCOLI, MARQUINHOS BARBOSA, TONH\u00c3O DA EDITORA", "texto_original": "http://sapl.buritama.sp.leg.br/media/sapl/public/materialegislativa/2023/3029/requerimento_no_68.pdf", "ementa": "N\u00f3s, VEREADORES, abaixo assinados, vereadores, com assento na C\u00e2mara Municipal de Buritama, Estado de S\u00e3o Paulo, REQUEREMOS a gentileza de Vossa Excel\u00eancia, depois de ouvido o douto Plen\u00e1rio, seja expedida uma MO\u00c7\u00c3O DE APLAUSO \u00e0 equipe de Jornalismo da Caravana da TV TEM, de S\u00e3o Jos\u00e9 do Rio Preto e Ara\u00e7atuba, pela divulga\u00e7\u00e3o regional na passagem do 75\u00ba anivers\u00e1rio de Emancipa\u00e7\u00e3o Pol\u00edtico-Administrativa de Buritama, promovendo transmiss\u00f5es ao vivo que exaltaram as qualidades receptivas do nosso povo e as belezas que constituem nosso amado munic\u00edpio de Buritama."}, {"id": "3031", "ano": "2023", "numero": "69", "tipo__sigla": "REQ", "tipo__descricao": "Requerimento", "autoria": "JUNIOR PICCOLI", "texto_original": "http://sapl.buritama.sp.leg.br/media/sapl/public/materialegislativa/2023/3031/requerimento_no_69.pdf", "ementa": "Eu, JOS\u00c9 ADEMIR PICCOLI JUNIOR, vereador, com assento na C\u00e2mara Municipal de Buritama, Estado de S\u00e3o Paulo, REQUEIRO a gentileza de Vossa Excel\u00eancia, depois de ouvido o douto Plen\u00e1rio, a respeito da ilumina\u00e7\u00e3o das vias p\u00fablicas constantes do Loteamento Residencial denominado Palmeiras, e tendo em vista outros Requerimentos de nossa autoria assinados com outros companheiros, que foram encaminhados ao Chefe do Poder Executivo e n\u00e3o foram respondidos, sejam oficiados novamente o senhor Rodrigo Zacarias dos Santos, Prefeito Municipal, e a Empresa Neoenergia Elektro, solicitando-lhes a gentileza, no sentido de informarem \u00e0 esta Casa Legislativa, em que p\u00e9 est\u00e1 a situa\u00e7\u00e3o para a conclus\u00e3o da liga\u00e7\u00e3o da rede de energia el\u00e9trica nas ruas do Loteamento Residencial Palmeiras, o que est\u00e1 de fato emperrando referido t\u00e9rmino dos servi\u00e7os, bem como quais as provid\u00eancias que efetivamente foram ou est\u00e3o sendo tomadas pelo Governo do Munic\u00edpio de Buritama para que essa situa\u00e7\u00e3o se resolva definitivamen"}, {"id": "3032", "ano": "2023", "numero": "70", "tipo__sigla": "REQ", "tipo__descricao": "Requerimento", "autoria": "AN\u00cdZIO", "texto_original": "http://sapl.buritama.sp.leg.br/media/sapl/public/materialegislativa/2023/3032/requerimento_no_70.pdf", "ementa": "Eu, AN\u00cdZIO ANTONIO DA SILVA, vereador, com assento na C\u00e2mara Municipal de Buritama, Estado de S\u00e3o Paulo, REQUEIRO a gentileza de Vossa Excel\u00eancia, depois de ouvido o douto Plen\u00e1rio, seja oficiado o senhor Rodrigo Zacarias dos Santos, Prefeito Municipal, solicitando-lhe a gentileza, no sentido de fornecer \u00e0 esta Casa Legislativa, c\u00f3pia de todos os contratos iniciais e respectivos aditamentos, caso houver, celebrados entre o Governo do Munic\u00edpio de Buritama e a Empresa Bariri Ag\u00eancia de Viagens Ltda., informando quantos \u00f4nibus est\u00e3o sendo utilizados atualmente, e nome e n\u00famero da Carteira Nacional de Habilita\u00e7\u00e3o - CNH dos respectivos motoristas."}, {"id": "3040", "ano": "2023", "numero": "71", "tipo__sigla": "REQ", "tipo__descricao": "Requerimento", "autoria": "ANDR\u00c9 DO Z\u00c9 CARL\u00c3O", "texto_original": "http://sapl.buritama.sp.leg.br/media/sapl/public/materialegislativa/2023/3040/requerimento_no_71.pdf", "ementa": "Eu, ANDR\u00c9 LUIZ CUNTO, vereador, com assento na C\u00e2mara Municipal de Buritama, Estado de S\u00e3o Paulo, REQUEIRO a gentileza de Vossa Excel\u00eancia, depois de ouvido o douto Plen\u00e1rio, seja oficiado o senhor Rodrigo Zacarias dos Santos, Prefeito Municipal, solicitando-lhe a gentileza, no sentido de fornecer \u00e0 esta Casa Legislativa, c\u00f3pia de todos os contratos de im\u00f3veis atualmente alugados pela Prefeitura Municipal de Buritama, onde constam o nome do propriet\u00e1rio ou empresa propriet\u00e1ria, endere\u00e7o do im\u00f3vel, prazo de vig\u00eancia do contrato, valor mensal do aluguel e a finalidade para a qual o im\u00f3vel est\u00e1 sendo utilizado pela Prefeitura."}, {"id": "3041", "ano": "2023", "numero": "72", "tipo__sigla": "REQ", "tipo__descricao": "Requerimento", "autoria": "ANDR\u00c9 DO Z\u00c9 CARL\u00c3O", "texto_original": "http://sapl.buritama.sp.leg.br/media/sapl/public/materialegislativa/2023/3041/requerimento_no_72..pdf", "ementa": "Eu, ANDR\u00c9 LUIZ CUNTO, abaixo assinado, vereador com assento na C\u00e2mara Municipal de Buritama, Estado de S\u00e3o Paulo, REQUEIRO a gentileza de Vossa Excel\u00eancia, depois de ouvido o douto Plen\u00e1rio, seja oficiado o senhor Rodrigo Zacarias dos Santos, Prefeito Municipal, solicitando-lhe a gentileza, no sentido de informar \u00e0 esta Casa Legislativa, os valores dos recursos repassados para os Departamentos Municipais de Turismo e Cultura, no per\u00edodo correspondente a 01 de janeiro de 2022 at\u00e9 a presente data (13 de setembro de 2023)."}, {"id": "3042", "ano": "2023", "numero": "73", "tipo__sigla": "REQ", "tipo__descricao": "Requerimento", "autoria": "ANDR\u00c9 DO Z\u00c9 CARL\u00c3O", "texto_original": "http://sapl.buritama.sp.leg.br/media/sapl/public/materialegislativa/2023/3042/requerimento_no_73..pdf", "ementa": "Eu, ANDR\u00c9 LUIZ CUNTO, abaixo assinado, vereador com assento na C\u00e2mara Municipal de Buritama, Estado de S\u00e3o Paulo, REQUEIRO a gentileza de Vossa Excel\u00eancia, depois de ouvido o douto Plen\u00e1rio, seja oficiado o senhor Rodrigo Zacarias dos Santos, Prefeito Municipal, solicitando-lhe a gentileza, no sentido de informar \u00e0 esta Casa Legislativa, quais as medidas que efetivamente que est\u00e3o sendo tomadas pelo Governo do Munic\u00edpio de Buritama em rela\u00e7\u00e3o a falta de transporte coletivo de passageiros para Birigui e Ara\u00e7atuba, uma necessidade premente para os usu\u00e1rios desse importante meio de transporte que n\u00e3o t\u00eam condi\u00e7\u00f5es financeiras de se locomover por conta pr\u00f3pria para esses destinos."}, {"id": "3055", "ano": "2023", "numero": "74", "tipo__sigla": "REQ", "tipo__descricao": "Requerimento", "autoria": "JUNIOR PICCOLI", "texto_original": "http://sapl.buritama.sp.leg.br/media/sapl/public/materialegislativa/2023/3055/requerimento_no_74.pdf", "ementa": "Eu, JOS\u00c9 ADEMIR PICCOLI JUNIOR, vereador, com assento na C\u00e2mara Municipal de Buritama, Estado de S\u00e3o Paulo, REQUEIRO a Vossa Excel\u00eancia, depois de ouvido o douto Plen\u00e1rio, seja oficiado o senhor Rodrigo Zacarias dos Santos, Prefeito Municipal, solicitando-lhe a gentileza, no sentido de informar \u00e0 esta Casa Legislativa, como est\u00e1 funcionando o Programa Mais M\u00e9dico em nosso Munic\u00edpio."}, {"id": "3056", "ano": "2023", "numero": "75", "tipo__sigla": "REQ", "tipo__descricao": "Requerimento", "autoria": "MARQUINHOS BARBOSA", "texto_original": "http://sapl.buritama.sp.leg.br/media/", "ementa": "REQUER URG\u00caNCIA NA DELIBERA\u00c7\u00c3O DO PROJETO DE LEI N\u00ba 54/2023."}, {"id": "3057", "ano": "2023", "numero": "76", "tipo__sigla": "REQ", "tipo__descricao": "Requerimento", "autoria": "MARQUINHOS BARBOSA", "texto_original": "http://sapl.buritama.sp.leg.br/media/", "ementa": "REQUER URG\u00caNCIA NA DELIBERA\u00c7\u00c3O DO PROJETO DE LEI N\u00ba 55/2023."}, {"id": "3058", "ano": "2023", "numero": "77", "tipo__sigla": "REQ", "tipo__descricao": "Requerimento", "autoria": "MARQUINHOS BARBOSA", "texto_original": "http://sapl.buritama.sp.leg.br/media/", "ementa": "REQUER URG\u00caNCIA NA DELIBERA\u00c7\u00c3O DO PROJETO DE LEI N\u00ba 56/2023."}, {"id": "3061", "ano": "2023", "numero": "78", "tipo__sigla": "REQ", "tipo__descricao": "Requerimento", "autoria": "JO\u00c3OZINHO PEREZ", "texto_original": "http://sapl.buritama.sp.leg.br/media/sapl/public/materialegislativa/2023/3061/requerimento_no_78.pdf", "ementa": "JO\u00c3O LUIZ PEREZ JUNIOR e MARIA CRISTINA NOBRE SANTOS, abaixo assinados, vereadores, com assento na C\u00e2mara Municipal de Buritama, Estado de S\u00e3o Paulo, REQUEREM a gentileza de Vossa Excel\u00eancia, depois de ouvido o douto Plen\u00e1rio, seja expedida uma MO\u00c7\u00c3O DE APLAUSO em favor do senhor JORDEMO ZANELI JUNIOR, pelos relevantes servi\u00e7os reconhecidamente prestados ao nosso Munic\u00edpio."}, {"id": "3062", "ano": "2023", "numero": "79", "tipo__sigla": "REQ", "tipo__descricao": "Requerimento", "autoria": "AN\u00cdZIO", "texto_original": "http://sapl.buritama.sp.leg.br/media/sapl/public/materialegislativa/2023/3062/requerimento_no_79.pdf", "ementa": "Eu, AN\u00cdZIO ANTONIO DA SILVA, vereador, com assento na C\u00e2mara Municipal de Buritama, Estado de S\u00e3o Paulo, REQUEIRO a gentileza de Vossa Excel\u00eancia, depois de ouvido o douto Plen\u00e1rio, seja oficiado o senhor Rodrigo Zacarias dos Santos, Prefeito Municipal, solicitando-lhe a gentileza, no sentido de agendar, dia e hor\u00e1rio, na Divis\u00e3o de Licita\u00e7\u00f5es e Contratos do Governo do Munic\u00edpio de Buritama, para que este vereador requerente possa verificar \u201cin loco\u201d os Processos Licitat\u00f3rios que ensejaram a contrata\u00e7\u00e3o de pr\u00f3teses para o setor de Odontologia do Departamento Municipal de Sa\u00fade."}, {"id": "3063", "ano": "2023", "numero": "80", "tipo__sigla": "REQ", "tipo__descricao": "Requerimento", "autoria": "MARQUINHOS BARBOSA", "texto_original": "http://sapl.buritama.sp.leg.br/media/", "ementa": "REQUER URG\u00caNCIA NA DELIBERA\u00c7\u00c3O DO PROJETO DE LEI N\u00ba 58/2023."}, {"id": "3069", "ano": "2023", "numero": "81", "tipo__sigla": "REQ", "tipo__descricao": "Requerimento", "autoria": "MARQUINHOS BARBOSA", "texto_original": "http://sapl.buritama.sp.leg.br/media/", "ementa": "REQUER URG\u00caNCIA NA DELIBERA\u00c7\u00c3O DO PROJETO DE LEI N\u00ba 59/2023."}, {"id": "3070", "ano": "2023", "numero": "82", "tipo__sigla": "REQ", "tipo__descricao": "Requerimento", "autoria": "MARQUINHOS BARBOSA", "texto_original": "http://sapl.buritama.sp.leg.br/media/", "ementa": "REQUER URG\u00caNCIA NA DELIBERA\u00c7\u00c3O DO PROJETO DE LEI N\u00ba 60/2023."}, {"id": "3077", "ano": "2023", "numero": "83", "tipo__sigla": "REQ", "tipo__descricao": "Requerimento", "autoria": "MARQUINHOS BARBOSA", "texto_original": "http://sapl.buritama.sp.leg.br/media/", "ementa": "REQUER URG\u00eaNCIA NA DELIBERA\u00c7\u00c3O DO PROJETO DE LEI N\u00ba 61/2023."}, {"id": "3082", "ano": "2023", "numero": "84", "tipo__sigla": "REQ", "tipo__descricao": "Requerimento", "autoria": "MARQUINHOS BARBOSA", "texto_original": "http://sapl.buritama.sp.leg.br/media/", "ementa": "REQUER URG\u00caNCIA NA DELIBERA\u00c7\u00c3O DO PROJETO DE LEI N\u00ba 62/2023."}, {"id": "3083", "ano": "2023", "numero": "85", "tipo__sigla": "REQ", "tipo__descricao": "Requerimento", "autoria": "MARQUINHOS BARBOSA", "texto_original": "http://sapl.buritama.sp.leg.br/media/", "ementa": "REQUER URG\u00caNCIA NA DELIBERA\u00c7\u00c3O DO PROJETO DE LEI N\u00ba 63/2023."}, {"id": "3088", "ano": "2023", "numero": "86", "tipo__sigla": "REQ", "tipo__descricao": "Requerimento", "autoria": "ANDR\u00c9 DO Z\u00c9 CARL\u00c3O", "texto_original": "http://sapl.buritama.sp.leg.br/media/sapl/public/materialegislativa/2023/3088/requerimento_no_86_1.pdf", "ementa": "Eu, ANDR\u00c9 LUIZ CUNTO, abaixo assinado, vereador com assento na C\u00e2mara Municipal de Buritama, Estado de S\u00e3o Paulo, REQUEIRO a gentileza de Vossa Excel\u00eancia, depois de ouvido o douto Plen\u00e1rio, seja oficiado a ARTESP - AG\u00caNCIA DE TRANSPORTE DO ESTADO DE S\u00c3O PAULO, solicitando intercess\u00e3o para reavaliar a situa\u00e7\u00e3o e considerar poss\u00edveis medidas que possam garantir a retomada e a continuidade do transporte de \u00f4nibus intermunicipal de Buritama com destino a Birigui e Ara\u00e7atuba e vice-versa."}, {"id": "3089", "ano": "2023", "numero": "87", "tipo__sigla": "REQ", "tipo__descricao": "Requerimento", "autoria": "MARQUINHOS BARBOSA", "texto_original": "http://sapl.buritama.sp.leg.br/media/", "ementa": "REQUER URG\u00caNCIA NA DELIBERA\u00c7\u00c3O DO PROJETO DE LEI N\u00ba 64/2023."}, {"id": "3090", "ano": "2023", "numero": "88", "tipo__sigla": "REQ", "tipo__descricao": "Requerimento", "autoria": "MARQUINHOS BARBOSA", "texto_original": "http://sapl.buritama.sp.leg.br/media/", "ementa": "REQUER URG\u00caNCIA NA DELIBERA\u00c7\u00c3O DO PROJETO DE LEI N\u00ba 65/2023."}, {"id": "3093", "ano": "2023", "numero": "89", "tipo__sigla": "REQ", "tipo__descricao": "Requerimento", "autoria": "CRISTINA NOBRE", "texto_original": "http://sapl.buritama.sp.leg.br/media/sapl/public/materialegislativa/2023/3093/requerimento_no_89.pdf", "ementa": "Eu Maria Cristina Nobre Santos, vereadora, com assento na C\u00e2mara Municipal de Buritama, Estado de S\u00e3o Paulo, REQUEIRO \u00e0 Vossa Excel\u00eancia, depois de ouvido o douto Plen\u00e1rio, seja Expedida MO\u00c7\u00c3O DE APOIO \u00e0 Coordenadoria de Defesa Agropecu\u00e1ria (CDA) do Estado de S\u00e3o Paulo, notadamente pela melhoria dos vencimentos e da remunera\u00e7\u00e3o de seus servidores, contribuindo, consequentemente para o avan\u00e7o dos servi\u00e7os prestados pela CDA."}, {"id": "3096", "ano": "2023", "numero": "90", "tipo__sigla": "REQ", "tipo__descricao": "Requerimento", "autoria": "MARQUINHOS BARBOSA", "texto_original": "http://sapl.buritama.sp.leg.br/media/", "ementa": "REQUER URG\u00caNCIA NA DELIBERA\u00c7\u00c3O DO PROJETO DE LEI N\u00ba 66/2023."}, {"id": "3097", "ano": "2023", "numero": "91", "tipo__sigla": "REQ", "tipo__descricao": "Requerimento", "autoria": "MARQUINHOS BARBOSA", "texto_original": "http://sapl.buritama.sp.leg.br/media/", "ementa": "REQUER URG\u00caNCIA NA DELIBERA\u00c7\u00c3O DO PROJETO DE LEI N\u00ba 67/2023."}, {"id": "3123", "ano": "2023", "numero": "92", "tipo__sigla": "REQ", "tipo__descricao": "Requerimento", "autoria": "ADRIANO TUST\u00c3O, CRISTINA NOBRE, JO\u00c3OZINHO PEREZ", "texto_original": "http://sapl.buritama.sp.leg.br/media/sapl/public/materialegislativa/2023/3123/requerimento_no_92.pdf", "ementa": "N\u00f3s, ADRIANO CARLO DE CARVALHO, JO\u00c3O LUIZ PEREZ JUNIOR E MARIA CRISTINA NOBRE SANTOS, abaixo assinados, vereadores, com assento na C\u00e2mara Municipal de Buritama, Estado de S\u00e3o Paulo, REQUEREMOS a gentileza de Vossa Excel\u00eancia, depois de ouvido o douto Plen\u00e1rio, seja expedida uma MO\u00c7\u00c3O DE APLAUSO em favor do CENTRO ASSISTENCIAL BENEDITA FERNANDES, representado pela senhora ALCIONE APARECIDA DE SOUZA. Este reconhecimento \u00e9 pelo excepcional 24\u00ba SHOW CRIAN\u00c7A TEM CONCERTO E O TEMA MUNDO DAS CRIAN\u00c7AS, realizado com sucesso no dia 08 de dezembro de 2023, que contou com a participa\u00e7\u00e3o de cerca de 130 crian\u00e7as e adolescentes, al\u00e9m do empenho e dedica\u00e7\u00e3o dos 11 funcion\u00e1rios do Centro e de 10 volunt\u00e1rios."}, {"id": "3124", "ano": "2023", "numero": "93", "tipo__sigla": "REQ", "tipo__descricao": "Requerimento", "autoria": "ADRIANO TUST\u00c3O, CRISTINA NOBRE, JO\u00c3OZINHO PEREZ", "texto_original": "http://sapl.buritama.sp.leg.br/media/sapl/public/materialegislativa/2023/3124/requerimento_no_93.pdf", "ementa": "N\u00f3s, ADRIANO CARLO DE CARVALHO, JO\u00c3O LUIZ PEREZ JUNIOR E MARIA CRISTINA NOBRE SANTOS, abaixo assinados, vereadores, com assento na C\u00e2mara Municipal de Buritama, Estado de S\u00e3o Paulo, REQUEREMOS a gentileza de Vossa Excel\u00eancia, depois de ouvido o douto Plen\u00e1rio, seja expedida uma MO\u00c7\u00c3O DE APLAUSO em favor do ARTS ACADEMY ST\u00daDIO por meio do seu Diretor Art\u00edstico GOMERI DA SILVA DIAS JUNIOR, o qual apresentou nos \u00faltimos dias 02 e 03 de Dezembro de 2023 um bel\u00edssimo espet\u00e1culo \u201cDan\u00e7a no Pa\u00eds das Maravilhas\u201d."}, {"id": "3125", "ano": "2023", "numero": "94", "tipo__sigla": "REQ", "tipo__descricao": "Requerimento", "autoria": "PITICA, FEBEM", "texto_original": "http://sapl.buritama.sp.leg.br/media/sapl/public/materialegislativa/2023/3125/requerimento_no_94.pdf", "ementa": "N\u00f3s, MILTON RODRIGUES GOULART e CARLOS ALBERTO DOS SANTOS, vereadores, com assento na C\u00e2mara Municipal de Buritama, Estado de S\u00e3o Paulo, REQUEREMOS, depois de ouvido o douto Plen\u00e1rio, seja oficiado o senhor Rodrigo Zacarias dos Santos, Prefeito Municipal, solicitando-lhe a gentileza, no sentido de informar \u00e0 esta Casa Legislativa, sobre o Edital de Chamamentos P\u00fablicos n\u00ba 01/2023, Referente ao Artigo 8\u00ba da Lei Complementar n\u00ba 195/2022 - Lei Paulo Gustavo, com 40 pr\u00eamios individuais no valor de R$. 1.300,51, conforme publica\u00e7\u00e3o no Di\u00e1rio Oficial Eletr\u00f4nico do Munic\u00edpio, edi\u00e7\u00e3o de ter\u00e7a-feira, dia 31 de outubro de 2023, quais os reais crit\u00e9rios usados para que referidos cidad\u00e3os fossem contemplados com tal benef\u00edcio."}, {"id": "3126", "ano": "2023", "numero": "95", "tipo__sigla": "REQ", "tipo__descricao": "Requerimento", "autoria": "JO\u00c3OZINHO PEREZ", "texto_original": "http://sapl.buritama.sp.leg.br/media/sapl/public/materialegislativa/2023/3126/requerimento_no_95.pdf", "ementa": "Eu, JO\u00c3O LUIZ PEREZ JUNIOR, abaixo assinado, vereador, com assento na C\u00e2mara Municipal de Buritama, Estado de S\u00e3o Paulo, REQUEIRO a gentileza de Vossa Excel\u00eancia, sejam oficiados os senhores Rodrigo Zacarias dos Santos, Prefeito Municipal, e Wilton Rosalino Borges, Diretor Municipal de Turismo, no sentido de encaminharem \u00e0 esta Casa Legislativa, um Relat\u00f3rio estratificado com as seguintes informa\u00e7\u00f5es especificadas."}, {"id": "3127", "ano": "2023", "numero": "96", "tipo__sigla": "REQ", "tipo__descricao": "Requerimento", "autoria": "MARQUINHOS BARBOSA", "texto_original": "http://sapl.buritama.sp.leg.br/media/", "ementa": "REQUER URG\u00caNCIA NA DELIBERA\u00c7\u00c3O DO PROJETO DE LEI N\u00ba 68/2023."}, {"id": "3128", "ano": "2023", "numero": "97", "tipo__sigla": "REQ", "tipo__descricao": "Requerimento", "autoria": "MARQUINHOS BARBOSA", "texto_original": "http://sapl.buritama.sp.leg.br/media/", "ementa": "REQUER URG\u00caNCIA NA DELIBERA\u00c7\u00c3O DO PROJETO DE LEI N\u00ba 69/2023."}, {"id": "3129", "ano": "2023", "numero": "98", "tipo__sigla": "REQ", "tipo__descricao": "Requerimento", "autoria": "MARQUINHOS BARBOSA", "texto_original": "http://sapl.buritama.sp.leg.br/media/", "ementa": "REQUER URG\u00caNCIA NA DELIBERA\u00c7\u00c3O DO PROJETO DE LEI N\u00ba 70/2023."}, {"id": "3130", "ano": "2023", "numero": "99", "tipo__sigla": "REQ", "tipo__descricao": "Requerimento", "autoria": "MARQUINHOS BARBOSA", "texto_original": "http://sapl.buritama.sp.leg.br/media/", "ementa": "REQUER URG\u00caNCIA NA DELIBERA\u00c7\u00c3O DO PROJETO DE LEI N\u00ba 71/2023."}, {"id": "3131", "ano": "2023", "numero": "100", "tipo__sigla": "REQ", "tipo__descricao": "Requerimento", "autoria": "MARQUINHOS BARBOSA", "texto_original": "http://sapl.buritama.sp.leg.br/media/", "ementa": "REQUER URG\u00caNCIA NA DELIBERA\u00c7\u00c3O DO PROJETO DE LEI N\u00ba 72/2023."}, {"id": "3132", "ano": "2023", "numero": "101", "tipo__sigla": "REQ", "tipo__descricao": "Requerimento", "autoria": "MARQUINHOS BARBOSA", "texto_original": "http://sapl.buritama.sp.leg.br/media/", "ementa": "REQUER URG\u00caNCIA NA DELIBERA\u00c7\u00c3O DO PROJETO DE LEI N\u00ba 73/2023."}, {"id": "3133", "ano": "2023", "numero": "102", "tipo__sigla": "REQ", "tipo__descricao": "Requerimento", "autoria": "MARQUINHOS BARBOSA", "texto_original": "http://sapl.buritama.sp.leg.br/media/", "ementa": "REQUER URG\u00caNCIA NA DELIBERA\u00c7\u00c3O DO PROJETO DE LEI N\u00ba 74/2023."}, {"id": "3134", "ano": "2023", "numero": "103", "tipo__sigla": "REQ", "tipo__descricao": "Requerimento", "autoria": "MARQUINHOS BARBOSA", "texto_original": "http://sapl.buritama.sp.leg.br/media/", "ementa": "REQUER URG\u00caNCIA NA DELIBERA\u00c7\u00c3O DO PROJETO DE LEI N\u00ba 75/2023."}, {"id": "3135", "ano": "2023", "numero": "104", "tipo__sigla": "REQ", "tipo__descricao": "Requerimento", "autoria": "MARQUINHOS BARBOSA", "texto_original": "http://sapl.buritama.sp.leg.br/media/", "ementa": "REQUER URG\u00caNCIA NA DELIBERA\u00c7\u00c3O DO PROJETO DE LEI N\u00ba 76/2023."}, {"id": "3136", "ano": "2023", "numero": "105", "tipo__sigla": "REQ", "tipo__descricao": "Requerimento", "autoria": "MARQUINHOS BARBOSA", "texto_original": "http://sapl.buritama.sp.leg.br/media/", "ementa": "REQUER URG\u00caNCIA NA DELIBERA\u00c7\u00c3O DO PROJETO DE LEI N\u00ba 77/2023."}, {"id": "3137", "ano": "2023", "numero": "106", "tipo__sigla": "REQ", "tipo__descricao": "Requerimento", "autoria": "MARQUINHOS BARBOSA", "texto_original": "http://sapl.buritama.sp.leg.br/media/", "ementa": "REQUER URG\u00caNCIA NA DELIBERA\u00c7\u00c3O DO PROJETO DE LEI N\u00ba 78/2023."}, {"id": "3138", "ano": "2023", "numero": "107", "tipo__sigla": "REQ", "tipo__descricao": "Requerimento", "autoria": "MARQUINHOS BARBOSA", "texto_original": "http://sapl.buritama.sp.leg.br/media/", "ementa": "REQUER URG\u00caNCIA NA DELIBERA\u00c7\u00c3O DO PROJETO DE LEI N\u00ba 79/2023."}, {"id": "3139", "ano": "2023", "numero": "108", "tipo__sigla": "REQ", "tipo__descricao": "Requerimento", "autoria": "MARQUINHOS BARBOSA", "texto_original": "http://sapl.buritama.sp.leg.br/media/", "ementa": "REQUER URG\u00caNCIA NA DELIBERA\u00c7\u00c3O DO PROJETO DE LEI N\u00ba 80/2023."}, {"id": "3140", "ano": "2023", "numero": "109", "tipo__sigla": "REQ", "tipo__descricao": "Requerimento", "autoria": "MARQUINHOS BARBOSA", "texto_original": "http://sapl.buritama.sp.leg.br/media/", "ementa": "REQUER URG\u00caNCIA NA DELIBERA\u00c7\u00c3O DO PROJETO DE LEI N\u00ba 81/2023."}, {"id": "2842", "ano": "2023", "numero": "1", "tipo__sigla": "IND", "tipo__descricao": "Indica\u00e7\u00e3o", "autoria": "CRISTINA NOBRE", "texto_original": "http://sapl.buritama.sp.leg.br/media/sapl/public/materialegislativa/2023/2842/indicacao_no_01.pdf", "ementa": "indicando aos senhores Rodrigo Zacarias dos Santos, Prefeito Municipal, e Edilson Carlos de Paiva, Diretor Municipal de Sa\u00fade, sejam tomadas as provid\u00eancias necess\u00e1rias, objetivando a expedi\u00e7\u00e3o de uma Norma Reguladora incluindo entre as atividades dos Agentes Comunit\u00e1rios de Sa\u00fade, a entrega domiciliar de medicamentos de uso cont\u00ednuo a pessoas portadoras de necessidades especiais, idosas ou acamadas;"}, {"id": "2843", "ano": "2023", "numero": "2", "tipo__sigla": "IND", "tipo__descricao": "Indica\u00e7\u00e3o", "autoria": "JO\u00c3OZINHO PEREZ", "texto_original": "http://sapl.buritama.sp.leg.br/media/sapl/public/materialegislativa/2023/2843/indicacao_no_02.pdf", "ementa": "indicando ao senhor Rodrigo Zacarias dos Santos, Prefeito Municipal, sejam tomadas as provid\u00eancias necess\u00e1rias e desenvolvidos os devidos estudos, objetivando o Poder P\u00fablico a proceder a aquisi\u00e7\u00e3o de climatizadores de ar ou algum outro aparelho equivalente, para instala\u00e7\u00e3o nas depend\u00eancias do Gin\u00e1sio de Esportes Maria Bassan Feroldi, para utiliza\u00e7\u00e3o quando da realiza\u00e7\u00e3o de Campeonatos de esportes ou outros tipos eventos, realizados naquele pr\u00f3prio municipal. Lembrando que fiz indica\u00e7\u00e3o, com teor id\u00eantico em 2019, a de n\u00famero 62, tendo sido encaminhada ao Poder Executivo atrav\u00e9s do Of\u00edcio 190/19;"}, {"id": "2844", "ano": "2023", "numero": "3", "tipo__sigla": "IND", "tipo__descricao": "Indica\u00e7\u00e3o", "autoria": "CRISTINA NOBRE", "texto_original": "http://sapl.buritama.sp.leg.br/media/sapl/public/materialegislativa/2023/2844/indicacao_no_03.pdf", "ementa": "indicando ao  senhor Rodrigo Zacarias dos Santos, Prefeito Municipal, sejam tomadas as provid\u00eancias necess\u00e1rias e desenvolvidos os devidos estudos, objetivando ver a possibilidade de reformular a Lei Municipal n\u00ba 4.421, de 14 de dezembro de 2017, que cria o Programa Municipal de Assist\u00eancia Social denominado \u201cMorar Melhor\u201d, com o intuito de atender o p\u00fablico que vai ser beneficiado, se a pessoa carente n\u00e3o tem condi\u00e7\u00f5es de pagar o pedreiro, a m\u00e3o de obra, mas o material, ou se a fam\u00edlia beneficiada tem condi\u00e7\u00f5es e tem algu\u00e9m da fam\u00edlia que fa\u00e7a, de a Prefeitura fornecer s\u00f3 o material, enfim, reformular a legisla\u00e7\u00e3o no sentido de atender esse tipo de situa\u00e7\u00e3o. Se a pessoal for totalmente carente, se h\u00e1 condi\u00e7\u00f5es tamb\u00e9m de atualizar os valores previstos na Lei Municipal para que possa atender a demanda que acreditamos existir."}, {"id": "2855", "ano": "2023", "numero": "4", "tipo__sigla": "IND", "tipo__descricao": "Indica\u00e7\u00e3o", "autoria": "CRISTINA NOBRE", "texto_original": "http://sapl.buritama.sp.leg.br/media/sapl/public/materialegislativa/2023/2855/indicacao_no_04.pdf", "ementa": "A vereadora que esta subscreve, nos termos regimentais, INDICA, por interm\u00e9dio de Vossa Excel\u00eancia, ao senhor Jos\u00e9 Eduardo Marins, Diretor Executivo do SAAEMB-Servi\u00e7o Aut\u00f4nomo de \u00c1gua, Esgoto e Meio Ambiente do Munic\u00edpio de Buritama, sejam tomadas as provid\u00eancias necess\u00e1rias, objetivando a execu\u00e7\u00e3o dos servi\u00e7os de manuten\u00e7\u00e3o nas obras das galerias que foram feitas num passado recente na Rua Floriano Peixoto, no trecho compreendido entre as Ruas Rio Preto e Francisco Marangoni."}, {"id": "2856", "ano": "2023", "numero": "5", "tipo__sigla": "IND", "tipo__descricao": "Indica\u00e7\u00e3o", "autoria": "CHERRY", "texto_original": "http://sapl.buritama.sp.leg.br/media/sapl/public/materialegislativa/2023/2856/indicacao_no_05.pdf", "ementa": "O vereador que esta subscreve, nos termos regimentais, INDICA, por interm\u00e9dio de Vossa Excel\u00eancia, ao senhor Rodrigo Zacarias dos Santos, Prefeito Municipal, sejam tomadas as provid\u00eancias necess\u00e1rias, objetivando resolver o problema de enchente da Rua Fabio Ribeiro da Silva, localizada entre as Ruas Buriti e Maria Nevack de Souza."}, {"id": "2857", "ano": "2023", "numero": "6", "tipo__sigla": "IND", "tipo__descricao": "Indica\u00e7\u00e3o", "autoria": "AN\u00cdZIO", "texto_original": "http://sapl.buritama.sp.leg.br/media/sapl/public/materialegislativa/2023/2857/indicacao_no_06.pdf", "ementa": "O vereador que esta subscreve, nos termos regimentais, INDICA, por interm\u00e9dio de Vossa Excel\u00eancia, ao senhor Rodrigo Zacarias dos Santos, Prefeito Municipal, sejam tomadas as provid\u00eancias necess\u00e1rias, objetivando proceder a troca das lonas dos abrigos para estudantes instalados na entrada do Loteamento Residencial Vale do Sol II. (Fotos Ilustrativas em Anexo)."}, {"id": "2858", "ano": "2023", "numero": "7", "tipo__sigla": "IND", "tipo__descricao": "Indica\u00e7\u00e3o", "autoria": "CRISTINA NOBRE", "texto_original": "http://sapl.buritama.sp.leg.br/media/sapl/public/materialegislativa/2023/2858/indicacao_no_07.pdf", "ementa": "A vereadora que esta subscreve, nos termos regimentais, INDICA, por interm\u00e9dio de Vossa Excel\u00eancia, ao senhor Rodrigo Zacarias dos Santos, Prefeito Municipal, sejam tomadas as provid\u00eancias necess\u00e1rias, objetivando a instala\u00e7\u00e3o de v\u00e1rias tendas na Rua Guilherme Guerbas, mais precisamente defronte ao Coreto Oficial para, caso chova, sirvam de abrigo para o grande p\u00fablico que se espera para participar das festividades carnavalescas do presente ano de 2023 em pra\u00e7a p\u00fablica."}, {"id": "2868", "ano": "2023", "numero": "8", "tipo__sigla": "IND", "tipo__descricao": "Indica\u00e7\u00e3o", "autoria": "JUNIOR PICCOLI", "texto_original": "http://sapl.buritama.sp.leg.br/media/sapl/public/materialegislativa/2023/2868/indicacao_no_08.pdf", "ementa": "O vereador que esta subscreve, nos termos regimentais, INDICA, por interm\u00e9dio de Vossa Excel\u00eancia, aos senhores Rodrigo Zacarias dos Santos, Prefeito Municipal, e Giselda Elias da Cunha, Diretora Municipal de Tr\u00e2nsito, sejam tomadas as provid\u00eancias necess\u00e1rias, objetivando a execu\u00e7\u00e3o dos servi\u00e7os de pintura de sinaliza\u00e7\u00e3o de tr\u00e2nsito de solo, \u201cfaixas para travessia de pedestres\u201d, nas duas pistas da Avenida Frei Marcelo Man\u00edlia, na conflu\u00eancia com a Rua Rui Barbosa."}, {"id": "2869", "ano": "2023", "numero": "9", "tipo__sigla": "IND", "tipo__descricao": "Indica\u00e7\u00e3o", "autoria": "CRISTINA NOBRE", "texto_original": "http://sapl.buritama.sp.leg.br/media/sapl/public/materialegislativa/2023/2869/indicacao_no_09.pdf", "ementa": "A vereadora que esta subscreve, nos termos regimentais, INDICA, por interm\u00e9dio de Vossa Excel\u00eancia, ao senhor Rodrigo Zacarias dos Santos, Prefeito Municipal, sejam tomadas as provid\u00eancias necess\u00e1rias, objetivando a cria\u00e7\u00e3o de vagas preferenciais em estacionamentos na \u00e1rea central da cidade para pessoas com transtorno do espectro autista (TEA). (Fotos Ilustrativas em Anexo)."}, {"id": "2870", "ano": "2023", "numero": "10", "tipo__sigla": "IND", "tipo__descricao": "Indica\u00e7\u00e3o", "autoria": "CRISTINA NOBRE", "texto_original": "http://sapl.buritama.sp.leg.br/media/sapl/public/materialegislativa/2023/2870/indicacao_no_10.pdf", "ementa": "A vereadora que esta subscreve, nos termos regimentais, considerando o fato de que o im\u00f3vel Carlos Guerbach objeto da Matr\u00edcula n\u00ba 006232 que pertenceu ao patrim\u00f4nio do Buritama Futebol Clube estar passando por reformas, mas muito em breve devem estar devidamente conclusas, e aproveitando o andamento c\u00e9lere das obras, INDICA, por interm\u00e9dio de Vossa Excel\u00eancia, ao senhor Rodrigo Zacarias dos Santos, Prefeito Municipal, sejam tomadas as provid\u00eancias necess\u00e1rias, para averiguar a possibilidade de se implantar naquela \u00e1rea uma Quadra de areia para a pr\u00e1tica esportiva, tais como: 1 - Beach Tenis;2 - Frescobol;3 - V\u00f4lei; 4 - Futev\u00f4lei."}, {"id": "2871", "ano": "2023", "numero": "11", "tipo__sigla": "IND", "tipo__descricao": "Indica\u00e7\u00e3o", "autoria": "MARQUINHOS BARBOSA", "texto_original": "http://sapl.buritama.sp.leg.br/media/sapl/public/materialegislativa/2023/2871/indicacao_no_11.pdf", "ementa": "O vereador que esta subscreve, nos termos regimentais, INDICA, por interm\u00e9dio de Vossa Excel\u00eancia, ao senhor Rodrigo Zacarias dos Santos, Prefeito Municipal, sejam tomadas as provid\u00eancias necess\u00e1rias, objetivando a constru\u00e7\u00e3o de uma pra\u00e7a, dotada de bancos, canteiros para arboriza\u00e7\u00e3o e o plantio de flores e ilumina\u00e7\u00e3o p\u00fablica no seu interior, na \u00e1rea de terra pertencente \u00e0 municipalidade, localizada \u00e0 margem esquerda da Rua Cunha Bueno, sentido cidade-bairro, mais precisamente ap\u00f3s a resid\u00eancia de n\u00famero 1493. (Fotos Ilustrativas em Anexo)."}, {"id": "2872", "ano": "2023", "numero": "12", "tipo__sigla": "IND", "tipo__descricao": "Indica\u00e7\u00e3o", "autoria": "ADRIANO TUST\u00c3O, ANDR\u00c9 DO Z\u00c9 CARL\u00c3O, AN\u00cdZIO, CARLINHO DO DIVINO, CHERRY, CRISTINA NOBRE, FEBEM, JO\u00c3OZINHO PEREZ, JUNIOR PICCOLI, MARQUINHOS BARBOSA, TONH\u00c3O DA EDITORA", "texto_original": "http://sapl.buritama.sp.leg.br/media/sapl/public/materialegislativa/2023/2872/indicacao_no_12.pdf", "ementa": "Os vereadores que esta subscrevem, nos termos regimentais, INDICAM, por interm\u00e9dio de Vossa Excel\u00eancia, ao senhor Rodrigo Zacarias dos Santos, Prefeito Municipal, sejam tomadas as provid\u00eancias necess\u00e1rias, objetivando a execu\u00e7\u00e3o dos servi\u00e7os de manuten\u00e7\u00e3o nos \u00f4nibus que necessitam de reparos, que fazem parte da frota municipal que operam no transporte de alunos universit\u00e1rios."}, {"id": "2873", "ano": "2023", "numero": "13", "tipo__sigla": "IND", "tipo__descricao": "Indica\u00e7\u00e3o", "autoria": "ANDR\u00c9 DO Z\u00c9 CARL\u00c3O", "texto_original": "http://sapl.buritama.sp.leg.br/media/sapl/public/materialegislativa/2023/2873/indicacao_no_13.pdf", "ementa": "O vereador que esta subscreve, nos termos regimentais, INDICA, por interm\u00e9dio de Vossa Excel\u00eancia, aos senhores Rodrigo Zacarias dos Santos, Prefeito Municipal, e Giselda Elias da Cunha, Diretora Municipal de Tr\u00e2nsito, sejam tomadas as provid\u00eancias necess\u00e1rias, objetivando a constru\u00e7\u00e3o de uma lombada ou de um outro tipo de redutor de velocidade na altura do n\u00famero 907 da Rua Maria Florinda."}, {"id": "2874", "ano": "2023", "numero": "14", "tipo__sigla": "IND", "tipo__descricao": "Indica\u00e7\u00e3o", "autoria": "AN\u00cdZIO", "texto_original": "http://sapl.buritama.sp.leg.br/media/sapl/public/materialegislativa/2023/2874/indicacao_no_14.pdf", "ementa": "O vereador que esta subscreve, nos termos regimentais, INDICA, por interm\u00e9dio de Vossa Excel\u00eancia, aos senhores Rodrigo Zacarias dos Santos, Prefeito Municipal, e Giselda Elias da Cunha, Diretora Municipal de Tr\u00e2nsito, sejam tomadas as provid\u00eancias necess\u00e1rias, objetivando a constru\u00e7\u00e3o de uma lombada ou de um outro tipo de redutor de velocidade, bem como faixa para travessia de pedestres na altura do n\u00famero 465 da Rua Braulino Barbosa de Souza."}, {"id": "2885", "ano": "2023", "numero": "15", "tipo__sigla": "IND", "tipo__descricao": "Indica\u00e7\u00e3o", "autoria": "AN\u00cdZIO", "texto_original": "http://sapl.buritama.sp.leg.br/media/sapl/public/materialegislativa/2023/2885/indicacao_no_15.pdf", "ementa": "O vereador que esta subscreve, nos termos regimentais, INDICA, por interm\u00e9dio de Vossa Excel\u00eancia, aos senhores Rodrigo Zacarias dos Santos, Prefeito Municipal e Giselda Elias da Cunha, Diretora Municipal de Tr\u00e2nsito, sejam tomadas as provid\u00eancias necess\u00e1rias, objetivando a execu\u00e7\u00e3o dos servi\u00e7os de pintura de faixa para travessia de pedestres na Rua Afonso Pena, mais precisamente em frente ao Instituto de Olhos."}, {"id": "2891", "ano": "2023", "numero": "16", "tipo__sigla": "IND", "tipo__descricao": "Indica\u00e7\u00e3o", "autoria": "CRISTINA NOBRE", "texto_original": "http://sapl.buritama.sp.leg.br/media/sapl/public/materialegislativa/2023/2891/indicacao_no_16.pdf", "ementa": "A vereadora que esta subscreve, nos termos regimentais, INDICA, por interm\u00e9dio de Vossa Excel\u00eancia, ao senhor Rodrigo Zacarias dos Santos, Prefeito Municipal, sejam tomadas as provid\u00eancias necess\u00e1rias, objetivando possibilitar, via Governo do Munic\u00edpio de Buritama, a coloca\u00e7\u00e3o de brinquedos gratuitos ao p\u00fablico envolvido, para que em datas especiais festivas como o Dia das Crian\u00e7as, Natal e Ano Novo, Junin\u00e3o, Carnaval, e todos os demais eventos considerados oficiais."}, {"id": "2892", "ano": "2023", "numero": "17", "tipo__sigla": "IND", "tipo__descricao": "Indica\u00e7\u00e3o", "autoria": "CRISTINA NOBRE", "texto_original": "http://sapl.buritama.sp.leg.br/media/sapl/public/materialegislativa/2023/2892/indicacao_no_17.pdf", "ementa": "A vereadora que esta subscreve, nos termos regimentais, INDICA, por interm\u00e9dio de Vossa Excel\u00eancia, ao senhor Rodrigo Zacarias dos Santos, Prefeito Municipal, sejam tomadas as provid\u00eancias necess\u00e1rias, objetivando a instala\u00e7\u00e3o de c\u00e2meras de monitoramento em diversos locais p\u00fablicos, como \u00e9 o caso da Pra\u00e7a de Skate Moacir Severino Pereira e Recinto de Festas e Exposi\u00e7\u00f5es Odilon Ferreira de Almeida."}, {"id": "2896", "ano": "2023", "numero": "18", "tipo__sigla": "IND", "tipo__descricao": "Indica\u00e7\u00e3o", "autoria": "ANDR\u00c9 DO Z\u00c9 CARL\u00c3O", "texto_original": "http://sapl.buritama.sp.leg.br/media/sapl/public/materialegislativa/2023/2896/indicacao_no_18.pdf", "ementa": "O vereador que esta subscreve, nos termos regimentais, INDICA, por interm\u00e9dio de Vossa Excel\u00eancia, ao senhor Rodrigo Zacarias dos Santos, Prefeito Municipal, sejam tomadas as provid\u00eancias necess\u00e1rias, objetivando a execu\u00e7\u00e3o dos servi\u00e7os de ro\u00e7agem das Pra\u00e7as Jo\u00e3o Roberto Rosa, Aparecido Rodrigues Moutinho, Da Crian\u00e7a, Da B\u00edblia, e de tantos outros espa\u00e7os p\u00fablicos, localizados na \u00e1rea urbana do Munic\u00edpio."}, {"id": "2897", "ano": "2023", "numero": "19", "tipo__sigla": "IND", "tipo__descricao": "Indica\u00e7\u00e3o", "autoria": "AN\u00cdZIO", "texto_original": "http://sapl.buritama.sp.leg.br/media/sapl/public/materialegislativa/2023/2897/indicacao_no_19.pdf", "ementa": "O vereador que esta subscreve, nos termos regimentais, INDICA, por interm\u00e9dio de Vossa Excel\u00eancia, ao senhor Rodrigo Zacarias dos Santos, Prefeito Municipal, sejam tomadas as provid\u00eancias necess\u00e1rias, objetivando a reimplanta\u00e7\u00e3o do EJA \u2013Educa\u00e7\u00e3o para Jovens e Adultos, cujo objetivo \u00e9 firmar pacto social para melhorar e fortalecer a educa\u00e7\u00e3o no munic\u00edpio colaborando decisivamente para a erradica\u00e7\u00e3o do analfabetismo e promover qualidade de vida."}, {"id": "2898", "ano": "2023", "numero": "20", "tipo__sigla": "IND", "tipo__descricao": "Indica\u00e7\u00e3o", "autoria": "AN\u00cdZIO", "texto_original": "http://sapl.buritama.sp.leg.br/media/sapl/public/materialegislativa/2023/2898/indicacao_no_20.pdf", "ementa": "O vereador que esta subscreve, nos termos regimentais, INDICA, por interm\u00e9dio de Vossa Excel\u00eancia, ao senhor Rodrigo Zacarias dos Santos, Prefeito Municipal, sejam tomadas as provid\u00eancias necess\u00e1rias, objetivando a ro\u00e7agem e limpeza na pra\u00e7a e \u00e1rea verde localizadas no Loteamento Residencial Interlagos."}, {"id": "2905", "ano": "2023", "numero": "21", "tipo__sigla": "IND", "tipo__descricao": "Indica\u00e7\u00e3o", "autoria": "JUNIOR PICCOLI", "texto_original": "http://sapl.buritama.sp.leg.br/media/sapl/public/materialegislativa/2023/2905/indicacao_no_21.pdf", "ementa": "O vereador que esta subscreve, nos termos regimentais, INDICA, por interm\u00e9dio de Vossa Excel\u00eancia, ao senhor Rodrigo Zacarias dos Santos, Prefeito Municipal, sejam tomadas as provid\u00eancias necess\u00e1rias, objetivando ver possibilidade de o Governo do Munic\u00edpio de Buritama patrocinar os senhores Matheus Castilho Mendes, Marcia Maria Nogueira Gomes e Camila Jaquier da Cruz, ciclistas de nossa cidade que participam todos os anos de torneios de ciclismo em v\u00e1rias cidades do Estado de S\u00e3o Paulo e at\u00e9 em cidade de estado vizinho."}, {"id": "2906", "ano": "2023", "numero": "22", "tipo__sigla": "IND", "tipo__descricao": "Indica\u00e7\u00e3o", "autoria": "TONH\u00c3O DA EDITORA", "texto_original": "http://sapl.buritama.sp.leg.br/media/sapl/public/materialegislativa/2023/2906/indicacao_no_22.pdf", "ementa": "O vereador que esta subscreve, nos termos regimentais, INDICA, por interm\u00e9dio de Vossa Excel\u00eancia, ao senhor Rodrigo Zacarias dos Santos, Prefeito Municipal, sejam tomadas as provid\u00eancias necess\u00e1rias, objetivando ver a possibilidade da execu\u00e7\u00e3o dos servi\u00e7os de constru\u00e7\u00e3o de um Sarjet\u00e3o padronizado na conflu\u00eancia das Ruas Ayrton Senna da Silva e Romeu Brito. (Fotos Ilustrativas em Anexo)."}, {"id": "2907", "ano": "2023", "numero": "23", "tipo__sigla": "IND", "tipo__descricao": "Indica\u00e7\u00e3o", "autoria": "CRISTINA NOBRE", "texto_original": "http://sapl.buritama.sp.leg.br/media/sapl/public/materialegislativa/2023/2907/indicacao_no_23.pdf", "ementa": "A vereadora que esta subscreve, nos termos regimentais, INDICA, por interm\u00e9dio de Vossa Excel\u00eancia, ao senhor Jos\u00e9 Eduardo Marins, Diretor Executivo do SAAEMB-Servi\u00e7o Aut\u00f4nomo de \u00c1gua, Esgoto e Meio Ambiente do Munic\u00edpio de Buritama, sejam tomadas as provid\u00eancias necess\u00e1rias, objetivando proceder uma reforma geral na Caixa D\u2019\u00c1gua localizada na conflu\u00eancia das Ruas Afonso Pena e Joaquim Pereira Rosa, mantendo permanente manuten\u00e7\u00e3o naquela estrutura para se evitar vazamento, bem como desenvolver uma Campanha de conscientiza\u00e7\u00e3o da popula\u00e7\u00e3o da import\u00e2ncia sobre a economia no consumo demasiado de \u00e1gua."}, {"id": "2908", "ano": "2023", "numero": "24", "tipo__sigla": "IND", "tipo__descricao": "Indica\u00e7\u00e3o", "autoria": "MARQUINHOS BARBOSA", "texto_original": "http://sapl.buritama.sp.leg.br/media/sapl/public/materialegislativa/2023/2908/indicacao_no_24.pdf", "ementa": "O vereador que esta subscreve, nos termos regimentais, INDICA, por interm\u00e9dio de Vossa Excel\u00eancia, ao senhor Rodrigo Zacarias dos Santos, Prefeito Municipal, sejam tomadas as provid\u00eancias necess\u00e1rias, objetivando ver a possibilidade de instala\u00e7\u00e3o de portas girat\u00f3rias, com detector de metais, nas portarias principais dos estabelecimentos de ensino de nosso munic\u00edpio, como forma de garantir uma melhor seguran\u00e7a aos alunos, aos professores e aos demais servidores da Educa\u00e7\u00e3o. (Fotos Ilustrativas em Anexo)."}, {"id": "2914", "ano": "2023", "numero": "25", "tipo__sigla": "IND", "tipo__descricao": "Indica\u00e7\u00e3o", "autoria": "CRISTINA NOBRE", "texto_original": "http://sapl.buritama.sp.leg.br/media/sapl/public/materialegislativa/2023/2914/indicacao_no_25_1.pdf", "ementa": "Autoria: vereadora Maria Cristina Nobre Santos, indicando ao senhor Luis Carlos Martins, DD. Comandante do Destacamento Policial de Buritama, sejam tomadas as provid\u00eancias necess\u00e1rias, objetivando ver a possibilidade de alguns policiais que fazem parte da Atividade Delegada, em hor\u00e1rios de pico, passem nas depend\u00eancias dos Estabelecimentos de Ensino, para que os alunos, servidores e professores sintam mais seguran\u00e7a com a presen\u00e7a de policiais nesses locais;"}, {"id": "2915", "ano": "2023", "numero": "26", "tipo__sigla": "IND", "tipo__descricao": "Indica\u00e7\u00e3o", "autoria": "CRISTINA NOBRE, ADRIANO TUST\u00c3O, CARLINHO DO DIVINO, CHERRY, FEBEM, JO\u00c3OZINHO PEREZ, MARQUINHOS BARBOSA", "texto_original": "http://sapl.buritama.sp.leg.br/media/sapl/public/materialegislativa/2023/2915/indicacao_no_26.pdf", "ementa": "Autoria: vereadores Maria Cristina Nobre Santos, Adriano Carlo de Carvalho, Carlos Alberto dos Santos, Carlos Roberto Teixeira, Jo\u00e3o Luiz Perez Junior, Marcos Barbosa de Freitas e Weslley Rodrigues da Silva., indicando ao senhor Rodrigo Zacarias dos Santos, Prefeito Municipal, sejam tomadas as provid\u00eancias necess\u00e1rias e desenvolvidos os devidos estudos, objetivando ver a possibilidade de instala\u00e7\u00e3o de \u201ccanalet\u00f5es\u201d nas laterais da BTM-470 - Estrada Municipal Antonio Batista Borges - \u201cB\u00f3rginho\u201d, no trecho compreendido entre o ponto que d\u00e1 acesso \u00e0 Fazenda Macuco e a Portaria n\u00ba 02 do Loteamento Residencial Riviera Santa B\u00e1rbara."}, {"id": "2923", "ano": "2023", "numero": "27", "tipo__sigla": "IND", "tipo__descricao": "Indica\u00e7\u00e3o", "autoria": "AN\u00cdZIO", "texto_original": "http://sapl.buritama.sp.leg.br/media/sapl/public/materialegislativa/2023/2923/indicacao_no_27.pdf", "ementa": "Indica ao senhor por interm\u00e9dio de Vossa Excel\u00eancia, ao senhor Rodrigo Zacarias dos Santos, Prefeito Municipal, sejam tomadas as provid\u00eancias necess\u00e1rias, objetivando determinar ao Setor competente do Governo do Munic\u00edpio de Buritama para passar a motoniveladora nas ruas de terra do Loteamento Residencial Riviera Santa B\u00e1rbara."}, {"id": "2929", "ano": "2023", "numero": "28", "tipo__sigla": "IND", "tipo__descricao": "Indica\u00e7\u00e3o", "autoria": "JUNIOR PICCOLI, TONH\u00c3O DA EDITORA", "texto_original": "http://sapl.buritama.sp.leg.br/media/sapl/public/materialegislativa/2023/2929/indicacao_no_28.pdf", "ementa": "Os vereadores que esta subscrevem, nos termos regimentais, INDICAM, por interm\u00e9dio de Vossa Excel\u00eancia, ao senhor Rodrigo Zacarias dos Santos, Prefeito Municipal, sejam tomadas as provid\u00eancias necess\u00e1rias, objetivando ver a possibilidade do aumento dos muros das Escolas e Creches Municipais, bem como a instala\u00e7\u00e3o de cerca el\u00e9trica."}, {"id": "2934", "ano": "2023", "numero": "29", "tipo__sigla": "IND", "tipo__descricao": "Indica\u00e7\u00e3o", "autoria": "ADRIANO TUST\u00c3O, CARLINHO DO DIVINO, CHERRY, CRISTINA NOBRE, FEBEM, JO\u00c3OZINHO PEREZ, MARQUINHOS BARBOSA", "texto_original": "http://sapl.buritama.sp.leg.br/media/sapl/public/materialegislativa/2023/2934/indicacao_no_29.pdf", "ementa": "Os vereadores que esta subscrevem, nos termos regimentais, INDICAM, por interm\u00e9dio de Vossa Excel\u00eancia, ao senhor Rodrigo Zacarias dos Santos, Prefeito Municipal, sejam efetuados estudos no sentido de averiguar a possibilidade de se implantar em Buritama, a concess\u00e3o de uma gratifica\u00e7\u00e3o mensal, a t\u00edtulo de \u201cpro-labore\u201d aos Policiais Militares do Munic\u00edpio, considerando o fato de que v\u00e1rios s\u00e3o os Munic\u00edpios que j\u00e1 aderiram a esta implanta\u00e7\u00e3o, como forma de valorizar esses profissionais que sempre mant\u00e9m com presteza a ordem e a seguran\u00e7a nas suas respectivas cidades."}, {"id": "2942", "ano": "2023", "numero": "30", "tipo__sigla": "IND", "tipo__descricao": "Indica\u00e7\u00e3o", "autoria": "ADRIANO TUST\u00c3O, CARLINHO DO DIVINO, CHERRY, CRISTINA NOBRE, FEBEM, JO\u00c3OZINHO PEREZ, MARQUINHOS BARBOSA", "texto_original": "http://sapl.buritama.sp.leg.br/media/sapl/public/materialegislativa/2023/2942/indicacao_no_30_1.pdf", "ementa": "Os vereadores que esta subscrevem, nos termos regimentais, INDICAM, por interm\u00e9dio de Vossa Excel\u00eancia, ao senhor Rodrigo Zacarias dos Santos, Prefeito Municipal, sejam efetuados estudos para ver a possibilidade de encaminhar Projeto de Lei \u00e0 esta Casa Legislativa, dispondo sobre altera\u00e7\u00e3o da Lei Municipal n\u00ba 4.437, de 07 de fevereiro de 2018, permitindo que seja estendida aos Policiais Civis o Conv\u00eanio com a Secretaria de Estado de Seguran\u00e7a P\u00fablica, objetivando a Atividade Delegada, nos termos da Lei Estadual n\u00ba 1372, de 12 de janeiro de 2022, que alterou a Lei n\u00ba 10.291, de 26 de novembro de 1968, que instituiu o Regime Especial de Trabalho Policial, na forma que especifica."}, {"id": "2947", "ano": "2023", "numero": "31", "tipo__sigla": "IND", "tipo__descricao": "Indica\u00e7\u00e3o", "autoria": "CRISTINA NOBRE", "texto_original": "http://sapl.buritama.sp.leg.br/media/sapl/public/materialegislativa/2023/2947/indicacao_no_31.pdf", "ementa": "A vereadora que esta subscreve, nos termos regimentais, considerando que est\u00e3o quase finalizando as obras de revitaliza\u00e7\u00e3o do Parque Tur\u00edstico Jo\u00e3o Sim\u00e3o Garcia e a previs\u00e3o para inaugura\u00e7\u00e3o daquela \u00e1rea de lazer sendo aguardada com muita ansiedade para os m\u00eas de agosto, quando ocorre o anivers\u00e1rio da cidade, ou no mais tardar, setembro de 2023, INDICA, por interm\u00e9dio de Vossa Excel\u00eancia, ao senhor Rodrigo Zacarias dos Santos, Prefeito Municipal, sejam efetuados estudos para ver a possibilidade de instala\u00e7\u00e3o de dois balan\u00e7os r\u00fasticos de praia, conforme foto ilustrada, em pontos estrat\u00e9gicos nas extremidades da nossa Prainha."}, {"id": "2952", "ano": "2023", "numero": "32", "tipo__sigla": "IND", "tipo__descricao": "Indica\u00e7\u00e3o", "autoria": "AN\u00cdZIO", "texto_original": "http://sapl.buritama.sp.leg.br/media/sapl/public/materialegislativa/2023/2952/indicacao_no_32.pdf", "ementa": "O vereador que esta subscreve, nos termos regimentais, INDICA por interm\u00e9dio de Vossa Excel\u00eancia, ao senhor Rodrigo Zacarias dos Santos, Prefeito Municipal, sejam tomadas as provid\u00eancias necess\u00e1rias e desenvolvidos os devidos estudos, objetivando a elabora\u00e7\u00e3o e encaminhamento de um Projeto de Lei \u00e0 esta Casa Legislativa, dispondo sobre a implementa\u00e7\u00e3o do Piso Salarial dos Profissionais de Enfermagem, conforme a Lei n\u00ba 14.434, de 04 de agosto de 2022 e a Emenda Constitucional n\u00ba 124, de 14 de julho de 2022. Indica, ainda, seja adequada a Lei Or\u00e7ament\u00e1ria Anual (LOA), com abertura de cr\u00e9ditos suplementares, tendo em vista os recursos recebidos e a Emenda Constitucional n\u00ba 127, de 22 de dezembro de 2022, para efetuar o pagamento do Piso Salarial de Enfermagem. (Modelo de Projeto de Lei em Anexo)."}, {"id": "2953", "ano": "2023", "numero": "33", "tipo__sigla": "IND", "tipo__descricao": "Indica\u00e7\u00e3o", "autoria": "MARQUINHOS BARBOSA", "texto_original": "http://sapl.buritama.sp.leg.br/media/sapl/public/materialegislativa/2023/2953/indicacao_no_33.pdf", "ementa": "O vereador que esta subscreve, nos termos regimentais, INDICA por interm\u00e9dio de Vossa Excel\u00eancia, ao senhor Rodrigo Zacarias dos Santos, Prefeito Municipal, sejam tomadas as provid\u00eancias necess\u00e1rias e desenvolvidos os devidos estudos, objetivando ver a possibilidade da execu\u00e7\u00e3o dos servi\u00e7os de ilumina\u00e7\u00e3o p\u00fablica na \u00e1rea interna do Cemit\u00e9rio Municipal."}, {"id": "2954", "ano": "2023", "numero": "34", "tipo__sigla": "IND", "tipo__descricao": "Indica\u00e7\u00e3o", "autoria": "CRISTINA NOBRE", "texto_original": "http://sapl.buritama.sp.leg.br/media/sapl/public/materialegislativa/2023/2954/indicacao_no_34.pdf", "ementa": "A vereadora que esta subscreve, nos termos regimentais, INDICA, por interm\u00e9dio de Vossa Excel\u00eancia, ao senhor Rodrigo Zacarias dos Santos, Prefeito Municipal, sejam realizados os devidos estudos, objetivando ver a possibilidade de execu\u00e7\u00e3o dos servi\u00e7os de jardinagem, com plantio de v\u00e1rias esp\u00e9cies de flores, em todo o interior da Rotat\u00f3ria Rubens Nicoletti, com o objetivo de criar uma harmonia perfeita entre o paisagismo, popula\u00e7\u00e3o local, turistas e visitantes, visando uma melhor qualidade de vida."}, {"id": "2955", "ano": "2023", "numero": "35", "tipo__sigla": "IND", "tipo__descricao": "Indica\u00e7\u00e3o", "autoria": "CRISTINA NOBRE", "texto_original": "http://sapl.buritama.sp.leg.br/media/sapl/public/materialegislativa/2023/2955/indicacao_no_35.pdf", "ementa": "A vereadora que esta subscreve, nos termos regimentais, INDICA, por interm\u00e9dio de Vossa Excel\u00eancia, ao senhor Rodrigo Zacarias dos Santos, Prefeito Municipal, sejam realizados os devidos estudos, objetivando ver a possibilidade de execu\u00e7\u00e3o de cal\u00e7amento nas \u00e1reas pertencentes \u00e0 Municipalidade, em especial uma \u00e1rea de aproximadamente 200 metros localizada na Rua Jo\u00e3o Padre do Nascimento, nas proximidades da Pra\u00e7a Jo\u00e3o Roberto Rosa/Recinto de Exposi\u00e7\u00f5es e Festas Odilon Ferreira de Almeida."}, {"id": "2956", "ano": "2023", "numero": "36", "tipo__sigla": "IND", "tipo__descricao": "Indica\u00e7\u00e3o", "autoria": "CRISTINA NOBRE, CARLINHO DO DIVINO", "texto_original": "http://sapl.buritama.sp.leg.br/media/sapl/public/materialegislativa/2023/2956/indicacao_no_36.pdf", "ementa": "Os vereadores que esta subscrevem, nos termos regimentais, REITERAM, por interm\u00e9dio de Vossa Excel\u00eancia, ao senhor Rodrigo Zacarias dos Santos, Prefeito Municipal, a Indica\u00e7\u00e3o n\u00ba 83, lida na sess\u00e3o ordin\u00e1ria do dia 08 de agosto de 2022, a qual sugeriu ao Chefe do Poder Executivo, fossem tomadas as provid\u00eancias necess\u00e1rias, objetivando elaborar e encaminhar \u00e0 esta Casa Legislativa um Projeto de Lei dispondo sobre a aplica\u00e7\u00e3o tamb\u00e9m no Munic\u00edpio de Buritama da eleva\u00e7\u00e3o do valor da fixa\u00e7\u00e3o do piso salarial dos seguintes cargos do Quadro de Pessoal do Governo do Munic\u00edpio de Buritama: Enfermeiros (R$. 4.750,00), dos T\u00e9cnicos de Enfermagem (R$. 3.325,00) e dos Auxiliares de Enfermagem (R$. 2.375,00), em conformidade com a Lei n\u00ba 14.434, de 04 de agosto de 2022. (Lei em Anexo)."}, {"id": "2964", "ano": "2023", "numero": "37", "tipo__sigla": "IND", "tipo__descricao": "Indica\u00e7\u00e3o", "autoria": "JO\u00c3OZINHO PEREZ", "texto_original": "http://sapl.buritama.sp.leg.br/media/sapl/public/materialegislativa/2023/2964/indicacao_no_37.pdf", "ementa": "O vereador que esta subscreve, nos termos regimentais, INDICA, por interm\u00e9dio de Vossa Excel\u00eancia, aos senhores Rodrigo Zacarias dos Santos, Prefeito Municipal, e Wilton Rosalino Borges, Diretor Municipal de Turismo, sejam tomadas as provid\u00eancias necess\u00e1rias e realizados os devidos estudos, objetivando aproveitar as obras de revitaliza\u00e7\u00e3o do Parque Tur\u00edstico \u201cJo\u00e3o Sim\u00e3o Garcia\u201d, Prainha, onde todos os quiosques e banheiros foram reformados, e implementar o sistema de energia solar no referido Parque, gerando assim, maior economicidade ao munic\u00edpio, bem como impactos positivos ao meio ambiente, devido esse tipo de energia ser renov\u00e1vel, sustent\u00e1vel e, sobretudo, limpa, pois a fonte \u00e9 a luz solar, muito abundante em nossa regi\u00e3o."}, {"id": "2965", "ano": "2023", "numero": "38", "tipo__sigla": "IND", "tipo__descricao": "Indica\u00e7\u00e3o", "autoria": "JO\u00c3OZINHO PEREZ", "texto_original": "http://sapl.buritama.sp.leg.br/media/sapl/public/materialegislativa/2023/2965/indicacao_no_38.pdf", "ementa": "O vereador que esta subscreve, nos termos regimentais, INDICA, por interm\u00e9dio de Vossa Excel\u00eancia, ao senhor Rodrigo Zacarias dos Santos, Prefeito Municipal, sejam tomadas as provid\u00eancias necess\u00e1rias e realizados os devidos estudos, objetivando encaminhar \u00e0 esta Casa Legislativa, um Projeto de Lei Complementar, dispondo sobre a revis\u00e3o/altera\u00e7\u00e3o na Lei Complementar n\u00ba 195, de 27 de outubro de 2021, que \u201cInstitui a Lei de Zoneamento, Uso e Ocupa\u00e7\u00e3o do Solo...\u201d, especificamente em seu Artigo 97, Inciso IV, Al\u00edneas \u201ca\u201d e \u201cb\u201d, onde constam algumas atividades comerciais \u201cde grande porte\u201d e, na realidade, s\u00e3o pequenos com\u00e9rcios e que deveriam constar como \u201cCom\u00e9rcio e Servi\u00e7o Local\u201d, no Inciso II da presente Lei."}, {"id": "2967", "ano": "2023", "numero": "39", "tipo__sigla": "IND", "tipo__descricao": "Indica\u00e7\u00e3o", "autoria": "CHERRY", "texto_original": "http://sapl.buritama.sp.leg.br/media/sapl/public/materialegislativa/2023/2967/indicacao_no_39.pdf", "ementa": "O vereador que esta subscreve, nos termos regimentais, INDICA a Vossa Excel\u00eancia, o nome da senhora MARIA GORETI DOS SANTOS OKAMOTO, para o recebimento da MEDALHA 24 DE AGOSTO."}, {"id": "2968", "ano": "2023", "numero": "40", "tipo__sigla": "IND", "tipo__descricao": "Indica\u00e7\u00e3o", "autoria": "CHERRY", "texto_original": "http://sapl.buritama.sp.leg.br/media/sapl/public/materialegislativa/2023/2968/indicacao_no_40.pdf", "ementa": "O vereador que esta subscreve, nos termos regimentais, INDICA a Vossa Excel\u00eancia,o nome da senhora MIRLENE CRISTINA DE FREITAS GARCIA, para recebimento do T\u00cdTULO DE CIDAD\u00c3 BENEM\u00c9RITA BURITAMENSE."}, {"id": "2969", "ano": "2023", "numero": "41", "tipo__sigla": "IND", "tipo__descricao": "Indica\u00e7\u00e3o", "autoria": "CARLINHO DO DIVINO", "texto_original": "http://sapl.buritama.sp.leg.br/media/sapl/public/materialegislativa/2023/2969/indicacao_no_41.pdf", "ementa": "O vereador que esta subscreve, nos termos regimentais, INDICA por interm\u00e9dio de Vossa Excel\u00eancia, ao senhor Rodrigo Zacarias dos Santos, Prefeito Municipal, sejam tomadas as provid\u00eancias necess\u00e1rias e desenvolvidos os devidos estudos, objetivando a elabora\u00e7\u00e3o e encaminhamento de um Projeto de Lei \u00e0 esta Casa Legislativa, dispondo sobre concess\u00e3o de desconto no parcelamento do pagamento do Imposto Predial e Territorial Urbano (IPTU) 2023, bem como estender um desconto especial para aqueles contribuintes que optarem pelo pagamento \u00e0 vista."}, {"id": "2992", "ano": "2023", "numero": "42", "tipo__sigla": "IND", "tipo__descricao": "Indica\u00e7\u00e3o", "autoria": "MARQUINHOS BARBOSA", "texto_original": "http://sapl.buritama.sp.leg.br/media/sapl/public/materialegislativa/2023/2992/indicacao_no_42.pdf", "ementa": "O vereador que esta subscreve, nos termos regimentais, INDICA a Vossa Excel\u00eancia, o nome da senhora SUELEN RODRIGUES ORDAYA, para o recebimento da MEDALHA 24 DE AGOSTO.(CANCELADA A PEDIDO DO AUTOR)"}, {"id": "2993", "ano": "2023", "numero": "43", "tipo__sigla": "IND", "tipo__descricao": "Indica\u00e7\u00e3o", "autoria": "JO\u00c3OZINHO PEREZ", "texto_original": "http://sapl.buritama.sp.leg.br/media/sapl/public/materialegislativa/2023/2993/indicacao_no_43.pdf", "ementa": "O vereador que esta subscreve, nos termos regimentais, INDICA a Vossa Excel\u00eancia, o nome do senhor HEVERTON CANDIDO DE PAIVA, para o recebimento da MEDALHA 24 DE AGOSTO."}, {"id": "2994", "ano": "2023", "numero": "44", "tipo__sigla": "IND", "tipo__descricao": "Indica\u00e7\u00e3o", "autoria": "AN\u00cdZIO", "texto_original": "http://sapl.buritama.sp.leg.br/media/sapl/public/materialegislativa/2023/2994/indicacao_no_44.pdf", "ementa": "O vereador que esta subscreve, nos termos regimentais, INDICA, por interm\u00e9dio de Vossa Excel\u00eancia, ao senhor Rodrigo Zacarias dos Santos, Prefeito Municipal, sejam tomadas as provid\u00eancias necess\u00e1rias, objetivando a fixa\u00e7\u00e3o de dispositivo de tr\u00e2nsito, o chamado \u201cOlho de Gato\u201d, antes e depois das lombadas constru\u00eddas na Avenida Antonio Alves Teixeira, nas proximidades da Tilabr\u00e1s."}, {"id": "2995", "ano": "2023", "numero": "45", "tipo__sigla": "IND", "tipo__descricao": "Indica\u00e7\u00e3o", "autoria": "TONH\u00c3O DA EDITORA", "texto_original": "http://sapl.buritama.sp.leg.br/media/sapl/public/materialegislativa/2023/2995/indicacao_no_45.pdf", "ementa": "O vereador que esta subscreve, nos termos regimentais, INDICA, por interm\u00e9dio de Vossa Excel\u00eancia, ao senhor Rodrigo Zacarias dos Santos, Prefeito Municipal, sejam tomadas as provid\u00eancias necess\u00e1rias, objetivando a instala\u00e7\u00e3o de um Conjunto de Lixeiras Fixas para a Coleta Seletiva de Lixo, na conflu\u00eancia da Av. Frei Marcelo Man\u00edlia com a Rua Maria Goulart Antonio."}, {"id": "2996", "ano": "2023", "numero": "46", "tipo__sigla": "IND", "tipo__descricao": "Indica\u00e7\u00e3o", "autoria": "CRISTINA NOBRE, JO\u00c3OZINHO PEREZ", "texto_original": "http://sapl.buritama.sp.leg.br/media/sapl/public/materialegislativa/2023/2996/indicacao_no_46.pdf", "ementa": "Os vereadores, abaixo assinados, que esta subscrevem, nos termos regimentais, INDICAM, por interm\u00e9dio de Vossa Excel\u00eancia, ao senhor Rodrigo Zacarias dos Santos, Prefeito Municipal, que sejam tomadas as provid\u00eancias necess\u00e1rias e realizados os devidos estudos, no sentido de encaminhar junto a Delegacia Regional da Receita Federal de Ara\u00e7atuba (DRF/ATA), subordinada \u00e0 Superintend\u00eancia Regional da 8\u00aa Regi\u00e3o Fiscal, of\u00edcio solicitando doa\u00e7\u00f5es de mercadorias apreendidas por aquele \u00f3rg\u00e3o, para serem utilizados nas divis\u00f5es da Administra\u00e7\u00e3o P\u00fablica Municipal, conforme a demanda municipal levantada, proporcionando maior economicidade e efici\u00eancia \u00e0 gest\u00e3o p\u00fablica, e muitos benef\u00edcios para nossa popula\u00e7\u00e3o."}, {"id": "2997", "ano": "2023", "numero": "47", "tipo__sigla": "IND", "tipo__descricao": "Indica\u00e7\u00e3o", "autoria": "JO\u00c3OZINHO PEREZ", "texto_original": "http://sapl.buritama.sp.leg.br/media/sapl/public/materialegislativa/2023/2997/indicacao_no_47.pdf", "ementa": "O vereador que esta subscreve, nos termos regimentais, INDICA, por interm\u00e9dio de Vossa Excel\u00eancia, aos senhores Rodrigo Zacarias dos Santos, Prefeito Municipal, e Wilton Rosalino Borges, Diretor Municipal de Turismo, que sejam tomadas as provid\u00eancias necess\u00e1rias e realizados os devidos estudos, objetivando que o Governo Municipal, aproveitando as obras de revitaliza\u00e7\u00e3o do Parque Tur\u00edstico Jo\u00e3o Sim\u00e3o Garcia, Prainha, ofere\u00e7a um espa\u00e7o amplo e confort\u00e1vel, com infraestrutura de apoio, para recebermos os turistas que viajam de trailers e motorhomes, onde este segmento de turismo tem aumentado muito no Brasil, podendo fazer com que nosso munic\u00edpio seja pioneiro entre os 27 munic\u00edpios da Regi\u00e3o Tur\u00edstica Tiet\u00ea Vivo e se torne um destino desse tipo de turismo, inexistente em nossa regi\u00e3o, al\u00e9m de estarmos cumprindo um dos eixos do Plano Diretor Municipal de Turismo de Buritama/SP, atrav\u00e9s da Lei Complementar n\u00ba 228, de 04 de julho de 2023."}, {"id": "3001", "ano": "2023", "numero": "48", "tipo__sigla": "IND", "tipo__descricao": "Indica\u00e7\u00e3o", "autoria": "AN\u00cdZIO", "texto_original": "http://sapl.buritama.sp.leg.br/media/sapl/public/materialegislativa/2023/3001/indicacao_no_48.pdf", "ementa": "O vereador que esta subscreve, nos termos regimentais, tendo em vista o Of\u00edcio n\u00ba 008/2023-GS do IPREM (anexo), INDICA, por interm\u00e9dio de Vossa Excel\u00eancia, ao senhor Rodrigo Zacarias dos Santos, Prefeito Municipal, sejam tomadas as provid\u00eancias necess\u00e1rias, objetivando encaminhar, com urg\u00eancia, para aprecia\u00e7\u00e3o desta c. Casa Legislativa, um Projeto de Lei Complementar (minuta anexo), alterando o artigo 1\u00ba da Lei Complementar n\u00ba 222, de 23 de janeiro de 2023, para que sejam cumpridos em suas \u00edntegras os ditames legais acerca dos Regimes Pr\u00f3prios de Previd\u00eancia Social (RPPSs), impl\u00edcitos no Art. 40 da CF, principalmente no que se refere a aposentadoria por \u201cparidade\u201d que garante ao servidor p\u00fablico o direito de que os seus proventos de aposentadoria sejam revistos na mesma propor\u00e7\u00e3o e na mesma data, sempre que se modificar a remunera\u00e7\u00e3o dos servidores em atividade."}, {"id": "3010", "ano": "2023", "numero": "49", "tipo__sigla": "IND", "tipo__descricao": "Indica\u00e7\u00e3o", "autoria": "CRISTINA NOBRE", "texto_original": "http://sapl.buritama.sp.leg.br/media/sapl/public/materialegislativa/2023/3010/indicacao_no_49.pdf", "ementa": "A vereadora que esta subscreve, nos termos regimentais, INDICA, por interm\u00e9dio de Vossa Excel\u00eancia, ao senhor Rodrigo Zacarias dos Santos, Prefeito Municipal, sejam tomadas as provid\u00eancias necess\u00e1rias, objetivando a instala\u00e7\u00e3o de Lixeiras Fixas para a Coleta Seletiva de Lixo, nas depend\u00eancias do Gin\u00e1sio de Esportes Maria Bassan Feroldi."}, {"id": "3011", "ano": "2023", "numero": "50", "tipo__sigla": "IND", "tipo__descricao": "Indica\u00e7\u00e3o", "autoria": "AN\u00cdZIO", "texto_original": "http://sapl.buritama.sp.leg.br/media/sapl/public/materialegislativa/2023/3011/indicacao_no_50.pdf", "ementa": "O vereador que esta subscreve, nos termos regimentais, INDICA, por interm\u00e9dio de Vossa Excel\u00eancia, ao senhor Rodrigo Zacarias dos Santos, Prefeito Municipal, sejam tomadas as provid\u00eancias necess\u00e1rias, objetivando a defini\u00e7\u00e3o de uma data para a inaugura\u00e7\u00e3o da Escola Prof\u00aa Maria Aparecida Duarte, localizada \u00e0 Rua Afif Jos\u00e9 Abdo, n\u00ba 331, no Loteamento Residencial Interlagos, bem como a realiza\u00e7\u00e3o de concurso p\u00fablico visando a contrata\u00e7\u00e3o de professores e funcion\u00e1rios para a \u00e1rea da Educa\u00e7\u00e3o no Munic\u00edpio."}, {"id": "3012", "ano": "2023", "numero": "51", "tipo__sigla": "IND", "tipo__descricao": "Indica\u00e7\u00e3o", "autoria": "CRISTINA NOBRE", "texto_original": "http://sapl.buritama.sp.leg.br/media/sapl/public/materialegislativa/2023/3012/indicacao_no_51.pdf", "ementa": "A vereadora que esta subscreve, nos termos regimentais, INDICA, por interm\u00e9dio de Vossa Excel\u00eancia, ao senhor Rodrigo Zacarias dos Santos, Prefeito Municipal, sejam tomadas as provid\u00eancias necess\u00e1rias, para quando for encaminhar \u00e0 esta Casa Legislativa o Projeto de Lei tratando sobre a fixa\u00e7\u00e3o do piso salarial dos Enfermeiros, de acordo com a Lei n\u00ba 14.434/2023 e manifesta\u00e7\u00e3o do Supremo Tribunal Federal, que tamb\u00e9m fosse efetuado devido estudo para ver a possibilidade de se estender este piso aos servidores lotados no cargo efetivo de \"Motorista de Ambul\u00e2ncia\"."}, {"id": "3014", "ano": "2023", "numero": "52", "tipo__sigla": "IND", "tipo__descricao": "Indica\u00e7\u00e3o", "autoria": "ANDR\u00c9 DO Z\u00c9 CARL\u00c3O", "texto_original": "http://sapl.buritama.sp.leg.br/media/sapl/public/materialegislativa/2023/3014/indicacao_no_52.pdf", "ementa": "O vereador que esta subscreve, nos termos regimentais, INDICA a Vossa Excel\u00eancia, o nome do senhor LAUCIMAR CASSIANO para receber a MEDALHA 24 DE AGOSTO, pelos relevantes servi\u00e7os reconhecidamente prestados ao nosso Munic\u00edpio.  Nascido em Buritama no dia 11 de mar\u00e7o de 1985."}, {"id": "3019", "ano": "2023", "numero": "53", "tipo__sigla": "IND", "tipo__descricao": "Indica\u00e7\u00e3o", "autoria": "AN\u00cdZIO", "texto_original": "http://sapl.buritama.sp.leg.br/media/sapl/public/materialegislativa/2023/3019/indicacao_no_53.pdf", "ementa": "O vereador que esta subscreve, nos termos regimentais, INDICA, por interm\u00e9dio de Vossa Excel\u00eancia, ao senhor Rodrigo Zacarias dos Santos, Prefeito Municipal, sejam tomadas as provid\u00eancias necess\u00e1rias, objetivando a coloca\u00e7\u00e3o de sinaliza\u00e7\u00e3o de tr\u00e2nsito e redutor de velocidade na Avenida Vicente Jos\u00e9 da Trindade, nas proximidades do acesso ao Loteamento Residencial Jardim Paris."}, {"id": "3020", "ano": "2023", "numero": "54", "tipo__sigla": "IND", "tipo__descricao": "Indica\u00e7\u00e3o", "autoria": "AN\u00cdZIO", "texto_original": "http://sapl.buritama.sp.leg.br/media/sapl/public/materialegislativa/2023/3020/indicacao_no_54.pdf", "ementa": "O vereador que esta subscreve, nos termos regimentais, INDICA, por interm\u00e9dio de Vossa Excel\u00eancia, ao senhor Rodrigo Zacarias dos Santos, Prefeito Municipal, sejam tomadas as provid\u00eancias necess\u00e1rias, objetivando a cria\u00e7\u00e3o de vagas para abrigar idosos que n\u00e3o disp\u00f5em de la\u00e7os familiares em nossa cidade, nos exatos termos do Estatuto Idoso."}, {"id": "3022", "ano": "2023", "numero": "55", "tipo__sigla": "IND", "tipo__descricao": "Indica\u00e7\u00e3o", "autoria": "ADRIANO TUST\u00c3O", "texto_original": "http://sapl.buritama.sp.leg.br/media/sapl/public/materialegislativa/2023/3022/indicacao_no_55_1.pdf", "ementa": "O vereador que esta subscreve, nos termos regimentais, INDICA a Vossa Excel\u00eancia, o nome do senhor JO\u00c3O XAVIER PRATES, popular \u201cJo\u00e3ozinho da \u00c1gua\u201d, para o recebimento da MEDALHA 24 DE AGOSTO, pelos relevantes servi\u00e7os reconhecidamente prestados ao nosso munic\u00edpio. Nascido em Buritama no dia 19 de outubro de 1966. Trabalhou como Escritur\u00e1rio em v\u00e1rios Escrit\u00f3rios de Contabilidade da Cidade. Desde 16 de junho de 1987 \u00e9 ex\u00edmio funcion\u00e1rio p\u00fablico municipal, lotado no cargo de Fiscal de Leitura no SAAEMB-Servi\u00e7o Aut\u00f4nomo de \u00c1gua, Esgoto e Meio Ambiente do Munic\u00edpio de Buritama. Sempre foi e \u00e9 um apaixonado por esportes. Junto com seu amigo Gelson Ant\u00f4nio Cardoso Fernandes, j\u00e1 falecido, criaram em 07/09/02 um time de futebol denominado de Atl\u00e9tico Clube Buritama, e de l\u00e1 para c\u00e1 vem participando com \u00eaxito de diversos Campeonatos Municipais e Regionais, tendo sido Campe\u00e3o enfrentando a Equipe de Gast\u00e3o Vidigal na cidade de Votuporanga, no dia 13 de junho de 2016."}, {"id": "3023", "ano": "2023", "numero": "56", "tipo__sigla": "IND", "tipo__descricao": "Indica\u00e7\u00e3o", "autoria": "AN\u00cdZIO", "texto_original": "http://sapl.buritama.sp.leg.br/media/sapl/public/materialegislativa/2023/3023/indicacao_no_56_1.pdf", "ementa": "O vereador que esta subscreve, nos termos regimentais, INDICA por interm\u00e9dio de Vossa Excel\u00eancia, ao senhor Rodrigo Zacarias dos Santos, Prefeito Municipal, sejam tomadas as provid\u00eancias necess\u00e1rias e desenvolvidos os devidos estudos, para ver a possibilidade de se construir lombofaixas nos dois sentidos da Av. Frei Marcelo Man\u00edlia, mais precisamente em frente aos Supermercados S\u00e3o Carlos e Bandeirantes, visando proporcionar uma maior seguran\u00e7a dos clientes que v\u00e3o \u00e0queles estabelecimentos comerciais, principalmente das pessoas idosas e crian\u00e7as que fazem o uso das faixas de pedestres j\u00e1 existentes nos locais. (Foto Ilustrativa em Anexo)."}, {"id": "3024", "ano": "2023", "numero": "57", "tipo__sigla": "IND", "tipo__descricao": "Indica\u00e7\u00e3o", "autoria": "CRISTINA NOBRE, JO\u00c3OZINHO PEREZ", "texto_original": "http://sapl.buritama.sp.leg.br/media/sapl/public/materialegislativa/2023/3024/indicacao_no_57_1.pdf", "ementa": "Os vereadores que esta subscrevem, nos termos regimentais, INDICAM, por interm\u00e9dio de Vossa Excel\u00eancia, ao senhor Rodrigo Zacarias dos Santos, Prefeito Municipal, sejam tomadas as provid\u00eancias necess\u00e1rias, no sentido de encaminhar \u00e0 esta Casa Legislativa, um Projeto de Lei dispondo sobre a cria\u00e7\u00e3o do Conselho Municipal dos Direitos da Mulher."}, {"id": "3025", "ano": "2023", "numero": "58", "tipo__sigla": "IND", "tipo__descricao": "Indica\u00e7\u00e3o", "autoria": "CRISTINA NOBRE, JO\u00c3OZINHO PEREZ", "texto_original": "http://sapl.buritama.sp.leg.br/media/sapl/public/materialegislativa/2023/3025/indicacao_no_58_1.pdf", "ementa": "Os vereadores que esta subscrevem, nos termos regimentais, INDICAM, por interm\u00e9dio de Vossa Excel\u00eancia, aos senhores Rodrigo Zacarias dos Santos, Prefeito Municipal, Wilton Rosalino Borges, Diretor do Departamento Municipal de Turismo, e Luciene Santos C\u00e2ndido, Diretora do Departamento Municipal de Cultura, sejam tomadas as provid\u00eancias necess\u00e1rias e realizados os devidos estudos, objetivando que no dia 14 de outubro de 2023, data programada para a reinaugura\u00e7\u00e3o do Parque Tur\u00edstico Jo\u00e3o Sim\u00e3o Garcia, Prainha, com um show de uma Banda nacional renomada, sejam disponibilizados tamb\u00e9m, shows com cantores da nossa cidade, como por exemplo, os cantores Adriany Maceno, Pedrinho Feroldi, Helinho Ranucci, Turi\u00faba, Ewerton Polizel, as Bandas Bixo Grilo (Darl\u00e3), Bo\u00eamios (Los Cabe\u00e7as), Jo\u00e3o Montanha e a Banda Viracopos, buritamense que faz muito sucesso nas praias do Litoral Norte de SP, al\u00e9m de outros m\u00fasicos locais, valorizando assim, a nossa cultura local, numa data que ser\u00e1 muito importante p"}, {"id": "3030", "ano": "2023", "numero": "59", "tipo__sigla": "IND", "tipo__descricao": "Indica\u00e7\u00e3o", "autoria": "AN\u00cdZIO", "texto_original": "http://sapl.buritama.sp.leg.br/media/sapl/public/materialegislativa/2023/3030/indicacao_no_59.pdf", "ementa": "O vereador que esta subscreve, nos termos regimentais, INDICA, por interm\u00e9dio de Vossa Excel\u00eancia, ao senhor Rodrigo Zacarias dos Santos, Prefeito Municipal, sejam tomadas as provid\u00eancias necess\u00e1rias, objetivando a instala\u00e7\u00e3o de alguns equipamentos, pr\u00f3prios para crian\u00e7as, no interior da Pra\u00e7a Gaud\u00eancio Falleiros, localizada no Loteamento Residencial Benedito Garcia."}, {"id": "3033", "ano": "2023", "numero": "60", "tipo__sigla": "IND", "tipo__descricao": "Indica\u00e7\u00e3o", "autoria": "AN\u00cdZIO", "texto_original": "http://sapl.buritama.sp.leg.br/media/sapl/public/materialegislativa/2023/3033/indicacao_no_60.pdf", "ementa": "O vereador que esta subscreve, nos termos regimentais, INDICA a Vossa Excel\u00eancia, o nome do senhor KLEBER RODRIGO PEREIRA, para o recebimento da MEDALHA 24 DE AGOSTO, pelos relevantes servi\u00e7os reconhecidamente prestados ao nosso munic\u00edpio (TRANSFORMOU PARA T\u00cdTULO DE CIDAD\u00c3O)"}, {"id": "3034", "ano": "2023", "numero": "61", "tipo__sigla": "IND", "tipo__descricao": "Indica\u00e7\u00e3o", "autoria": "ANDR\u00c9 DO Z\u00c9 CARL\u00c3O", "texto_original": "http://sapl.buritama.sp.leg.br/media/sapl/public/materialegislativa/2023/3034/indicacao_no_61.pdf", "ementa": "O vereador que esta subscreve, nos termos regimentais, INDICA, por interm\u00e9dio de Vossa Excel\u00eancia, ao senhor Rodrigo Zacarias dos Santos, Prefeito Municipal, aproveitando a inaugura\u00e7\u00e3o da revitaliza\u00e7\u00e3o do Parque Tur\u00edstico Jo\u00e3o Sim\u00e3o Garcia, Prainha, sejam tomadas as provid\u00eancias necess\u00e1rias e desenvolvidos os devidos estudos, no sentido de se elaborar e encaminhar \u00e0 esta Casa Legislativa um Projeto de Lei, objetivando conceder um desconto especial no acesso \u00e0quela \u00e1rea de lazer, como na entrada e uso de quiosques, aos turistas que apresentarem comprovantes de gastos no nosso com\u00e9rcio, como Postos de Combust\u00edveis, Supermercados, Lojas de Conveni\u00eancia e afins."}, {"id": "3043", "ano": "2023", "numero": "62", "tipo__sigla": "IND", "tipo__descricao": "Indica\u00e7\u00e3o", "autoria": "ANDR\u00c9 DO Z\u00c9 CARL\u00c3O", "texto_original": "http://sapl.buritama.sp.leg.br/media/sapl/public/materialegislativa/2023/3043/indicacao_no_62.pdf", "ementa": "O vereador que esta subscreve, nos termos regimentais, INDICA, por interm\u00e9dio de Vossa Excel\u00eancia, ao senhor Rodrigo Zacarias dos Santos, Prefeito Municipal, sejam tomadas as provid\u00eancias necess\u00e1rias, objetivando voltar a servir a farta e deliciosa sopa \u00e0s fam\u00edlias carentes do Munic\u00edpio como era servida na gest\u00e3o pioneira do Prefeito Municipal Realino Feroldi e no primeiro mandato do Governo do Dr. Messias Ferreira Mendes."}, {"id": "3044", "ano": "2023", "numero": "63", "tipo__sigla": "IND", "tipo__descricao": "Indica\u00e7\u00e3o", "autoria": "JUNIOR PICCOLI", "texto_original": "http://sapl.buritama.sp.leg.br/media/sapl/public/materialegislativa/2023/3044/indicacao_no_63.pdf", "ementa": "O vereador que esta subscreve, nos termos regimentais, INDICA, por interm\u00e9dio de Vossa Excel\u00eancia, ao senhor Rodrigo Zacarias dos Santos, Prefeito Municipal, sejam tomadas as provid\u00eancias necess\u00e1rias, objetivando a constru\u00e7\u00e3o de rampas de acessibilidade nas cal\u00e7adas de diversas vias p\u00fablicas que ainda n\u00e3o contam com essa adapta\u00e7\u00e3o, inclusive em alguns pontos do canteiro central da Avenida Frei Marcelo Man\u00edlia."}, {"id": "3045", "ano": "2023", "numero": "64", "tipo__sigla": "IND", "tipo__descricao": "Indica\u00e7\u00e3o", "autoria": "AN\u00cdZIO", "texto_original": "http://sapl.buritama.sp.leg.br/media/sapl/public/materialegislativa/2023/3045/indicacao_no_64.pdf", "ementa": "O vereador que esta subscreve, nos termos regimentais, INDICA, por interm\u00e9dio de Vossa Excel\u00eancia, aos senhores Rodrigo Zacarias dos Santos, Prefeito Municipal e Cristiano Gon\u00e7alves de Oliveira, Diretor do Departamento Municipal de Esporte e Lazer, sejam tomadas as provid\u00eancias necess\u00e1rias, objetivando o n\u00e3o agendamento de jogos dos Campeonatos Esportivos \u00e0s ter\u00e7as-feiras, porque nesses dias da semana, tradicionalmente, \u00e9 realizada a Feira Livre na pra\u00e7a central da cidade."}, {"id": "3049", "ano": "2023", "numero": "65", "tipo__sigla": "IND", "tipo__descricao": "Indica\u00e7\u00e3o", "autoria": "CRISTINA NOBRE", "texto_original": "http://sapl.buritama.sp.leg.br/media/sapl/public/materialegislativa/2023/3049/indicacao_no_65.pdf", "ementa": "A vereadora que esta subscreve, nos termos regimentais, INDICA, por interm\u00e9dio de Vossa Excel\u00eancia, ao senhor Rodrigo Zacarias dos Santos, Prefeito Municipal, sejam tomadas as provid\u00eancias necess\u00e1rias, objetivando ceder uma sala do pr\u00e9dio constru\u00eddo no Parque Tur\u00edstico Jo\u00e3o Sim\u00e3o Garcia, Prainha, onde acolhe o Destacamento Policial, aos artes\u00e3os de Buritama para que os mesmos possam expor e ofertar os seus trabalhos \u00e0s muitas pessoas que frequentam aquela \u00e1rea de lazer, tenham tamb\u00e9m a oportunidade de adquirir os artesanatos desses artistas e levar para as suas casas como lembran\u00e7as de Buritama."}, {"id": "3050", "ano": "2023", "numero": "66", "tipo__sigla": "IND", "tipo__descricao": "Indica\u00e7\u00e3o", "autoria": "CRISTINA NOBRE", "texto_original": "http://sapl.buritama.sp.leg.br/media/sapl/public/materialegislativa/2023/3050/indicacao_no_66.pdf", "ementa": "A vereadora que esta subscreve, nos termos regimentais, INDICA, por interm\u00e9dio de Vossa Excel\u00eancia, ao senhor Rodrigo Zacarias dos Santos, Prefeito Municipal, sejam tomadas as provid\u00eancias necess\u00e1rias, objetivando averiguar a possibilidade de contrata\u00e7\u00e3o de profissionais para forma\u00e7\u00e3o de uma equipe multidisciplinar composta de Psic\u00f3loga, Fonoaudi\u00f3loga, Terapeuta Ocupacional, Psicopedagogo, e que em seus perfis, no que couber, tenham conhecimento e capacita\u00e7\u00e3o de ABA - An\u00e1lise do Comportamento Aplicada, para que possam manejar o comportamento inadequado do paciente, ou que seja feita uma reestrutura\u00e7\u00e3o do NAMP para atendimento de autistas e/ou sinais de autismo, tanto das crian\u00e7as da rede de ensino municipal quanto do Munic\u00edpio."}, {"id": "3051", "ano": "2023", "numero": "67", "tipo__sigla": "IND", "tipo__descricao": "Indica\u00e7\u00e3o", "autoria": "ANDR\u00c9 DO Z\u00c9 CARL\u00c3O", "texto_original": "http://sapl.buritama.sp.leg.br/media/sapl/public/materialegislativa/2023/3051/indicacao_no_67.pdf", "ementa": "O vereador que esta subscreve, nos termos regimentais, INDICA, por interm\u00e9dio de Vossa Excel\u00eancia, ao senhor Rodrigo Zacarias dos Santos, Prefeito Municipal, sejam tomadas as provid\u00eancias necess\u00e1rias, objetivando a cria\u00e7\u00e3o de uma aba no Portal do Governo do Munic\u00edpio de Buritama, para disponibilizar gratuitamente informa\u00e7\u00f5es de guia comercial e tur\u00edstico aos mun\u00edcipes e visitantes."}, {"id": "3052", "ano": "2023", "numero": "68", "tipo__sigla": "IND", "tipo__descricao": "Indica\u00e7\u00e3o", "autoria": "AN\u00cdZIO", "texto_original": "http://sapl.buritama.sp.leg.br/media/sapl/public/materialegislativa/2023/3052/indicacao_no_68.pdf", "ementa": "O vereador que esta subscreve, nos termos regimentais, INDICA, por interm\u00e9dio de Vossa Excel\u00eancia, ao senhor Rodrigo Zacarias dos Santos, Prefeito Municipal, sejam tomadas as provid\u00eancias necess\u00e1rias, objetivando providenciar a instala\u00e7\u00e3o de bebedouros de \u00e1gua suficientes para atender toda a demanda ocasionada pelos Projetos desenvolvidos no CERET."}, {"id": "3059", "ano": "2023", "numero": "69", "tipo__sigla": "IND", "tipo__descricao": "Indica\u00e7\u00e3o", "autoria": "CRISTINA NOBRE, ADRIANO TUST\u00c3O, CARLINHO DO DIVINO, JO\u00c3OZINHO PEREZ", "texto_original": "http://sapl.buritama.sp.leg.br/media/sapl/public/materialegislativa/2023/3059/indicacao_no_69.pdf", "ementa": "Os vereadores que esta subscrevem, nos termos regimentais, INDICAM, por interm\u00e9dio de Vossa Excel\u00eancia, ao senhor Rodrigo Zacarias dos Santos, Prefeito Municipal, sejam tomadas as provid\u00eancias necess\u00e1rias, sobre a possibilidade de firmar conv\u00eanio e/ou contrato com o Sesi-SP, objetivando a implanta\u00e7\u00e3o de um Espa\u00e7o Maker dentro das unidades escolares municipais, dotado de m\u00e1quinas, equipamentos e recursos de mais alto n\u00edvel para desenvolvimento e prototipa\u00e7\u00e3o de projetos, visando a ampliar as experi\u00eancias de aprendizagem multidisciplinares."}, {"id": "3064", "ano": "2023", "numero": "70", "tipo__sigla": "IND", "tipo__descricao": "Indica\u00e7\u00e3o", "autoria": "AN\u00cdZIO", "texto_original": "http://sapl.buritama.sp.leg.br/media/sapl/public/materialegislativa/2023/3064/indicacao_no_70.pdf", "ementa": "O vereador que esta subscreve, nos termos regimentais, INDICA, por interm\u00e9dio de Vossa Excel\u00eancia, ao senhor Rodrigo Zacarias dos Santos, Prefeito Municipal, sejam tomadas as provid\u00eancias necess\u00e1rias, para que os agendamentos dos atendimentos da \u00e1rea da sa\u00fade do Governo do Munic\u00edpio de Buritama aconte\u00e7am atrav\u00e9s de sistema digital, inclusive o atendimento odontol\u00f3gico."}, {"id": "3071", "ano": "2023", "numero": "71", "tipo__sigla": "IND", "tipo__descricao": "Indica\u00e7\u00e3o", "autoria": "JUNIOR PICCOLI", "texto_original": "http://sapl.buritama.sp.leg.br/media/sapl/public/materialegislativa/2023/3071/indicacao_no_71.pdf", "ementa": "O vereador que esta subscreve, nos termos regimentais, INDICA a Vossa Excel\u00eancia, o nome da senhora DIRLEI ANTONIA DA SILVA, para o recebimento da MEDALHA 24 DE AGOSTO, pelos relevantes servi\u00e7os reconhecidamente prestados ao nosso munic\u00edpio."}, {"id": "3072", "ano": "2023", "numero": "72", "tipo__sigla": "IND", "tipo__descricao": "Indica\u00e7\u00e3o", "autoria": "AN\u00cdZIO", "texto_original": "http://sapl.buritama.sp.leg.br/media/sapl/public/materialegislativa/2023/3072/indicacao_no_72.pdf", "ementa": "O vereador que esta subscreve, nos termos regimentais, INDICA a Vossa Excel\u00eancia, o nome da senhora APARECIDA ANGELINA ROMANO PELIELO, para o recebimento do T\u00cdTULO DE CIDAD\u00c3 BURITAMENSE, pelos relevantes servi\u00e7os reconhecidamente prestados ao nosso Munic\u00edpio."}, {"id": "3073", "ano": "2023", "numero": "73", "tipo__sigla": "IND", "tipo__descricao": "Indica\u00e7\u00e3o", "autoria": "AN\u00cdZIO", "texto_original": "http://sapl.buritama.sp.leg.br/media/sapl/public/materialegislativa/2023/3073/indicacao_no_73.pdf", "ementa": "O vereador que esta subscreve, nos termos regimentais, INDICA, por interm\u00e9dio de Vossa Excel\u00eancia, ao senhor Rodrigo Zacarias dos Santos, Prefeito Municipal, sejam tomadas as provid\u00eancias necess\u00e1rias e desenvolvidos os devidos estudos, para ver a possibilidade de os corpos dos entes sepultados durante a pandemia nos casos positivos de COVID-19, respeitando as normas sanit\u00e1rias pertinentes, possam de acordo com as solicita\u00e7\u00f5es de familiares, ser transladados para os Jazigos Familiares."}, {"id": "3075", "ano": "2023", "numero": "74", "tipo__sigla": "IND", "tipo__descricao": "Indica\u00e7\u00e3o", "autoria": "FEBEM", "texto_original": "http://sapl.buritama.sp.leg.br/media/sapl/public/materialegislativa/2023/3075/indicacao_no_74.pdf", "ementa": "O vereador que esta subscreve, nos termos regimentais, INDICA, por interm\u00e9dio de Vossa Excel\u00eancia, ao senhor Rodrigo Zacarias dos Santos, Prefeito Municipal, sejam tomadas as provid\u00eancias necess\u00e1rias e desenvolvidos os devidos estudos, objetivando dotar de pelo menos uma infraestrutura razo\u00e1vel uma \u00e1rea de terra pertencente \u00e0 Municipalidade, que se encontra totalmente ociosa, objeto de uma permuta proveniente do fechamento de uma Estrada Municipal, atrav\u00e9s de um TAC-Termo de Ajustamento de Conduta, localizada ao lado do Loteamento Residencial Jardim Itaparica, \u00e0s margens do Reservat\u00f3rio da Usina Hidrel\u00e9trica Nova Avanhandava (Ribeir\u00e3o Santa B\u00e1rbara), para que a popula\u00e7\u00e3o interessada possa usufruir daquele espa\u00e7o p\u00fablico."}, {"id": "3078", "ano": "2023", "numero": "75", "tipo__sigla": "IND", "tipo__descricao": "Indica\u00e7\u00e3o", "autoria": "CRISTINA NOBRE", "texto_original": "http://sapl.buritama.sp.leg.br/media/sapl/public/materialegislativa/2023/3078/indicacao_no_75.pdf", "ementa": "A vereadora que esta subscreve, nos termos regimentais, INDICA, por interm\u00e9dio de Vossa Excel\u00eancia, ao senhor Heverton C\u00e2ndido Paiva, Superintendente do IPREM-Instituto de Previd\u00eancia Municipal de Buritama, sejam tomadas as provid\u00eancias necess\u00e1rias e desenvolvidos os devidos estudos, para ver a possibilidade, em que toda vez que o pagamento dos servidores p\u00fablicos municipais ativos for antecipado no decorrer do ano, em qualquer circunst\u00e2ncia que isso ocorrer, que essa antecipa\u00e7\u00e3o tamb\u00e9m seja estendida aos servidores inativos e que recebem os seus proventos de aposentadoria junto \u00e0quele Instituto de Previd\u00eancia."}, {"id": "3081", "ano": "2023", "numero": "76", "tipo__sigla": "IND", "tipo__descricao": "Indica\u00e7\u00e3o", "autoria": "TONH\u00c3O DA EDITORA", "texto_original": "http://sapl.buritama.sp.leg.br/media/sapl/public/materialegislativa/2023/3081/indicacao_no_76.pdf", "ementa": "O vereador que esta subscreve, nos termos regimentais, INDICA, por interm\u00e9dio de Vossa Excel\u00eancia, ao senhor Rodrigo Zacarias dos Santos, Prefeito Municipal, sejam tomadas as provid\u00eancias necess\u00e1rias, objetivando ver a possibilidade de instala\u00e7\u00e3o de ventiladores nas depend\u00eancias dos vesti\u00e1rios esportivos do Gin\u00e1sio de Esportes \"Maria Bassan Feroldi\"."}, {"id": "3084", "ano": "2023", "numero": "77", "tipo__sigla": "IND", "tipo__descricao": "Indica\u00e7\u00e3o", "autoria": "CRISTINA NOBRE", "texto_original": "http://sapl.buritama.sp.leg.br/media/sapl/public/materialegislativa/2023/3084/indicacao_no_77.pdf", "ementa": "A vereadora que esta subscreve, nos termos regimentais, INDICA, por interm\u00e9dio de Vossa Excel\u00eancia, ao senhor Rodrigo Zacarias dos Santos, Prefeito Municipal, sejam tomadas as provid\u00eancias necess\u00e1rias, objetivando ver a possibilidade de o Governo do Munic\u00edpio de Buritama disponibilizar um micro-\u00f4nibus, nem que seja uma vez por dia, aos finais de semana e feriados, para o transporte da popula\u00e7\u00e3o que tem vontade de ir \u00e0 Prainha e n\u00e3o tem ve\u00edculo para locomo\u00e7\u00e3o."}, {"id": "3085", "ano": "2023", "numero": "78", "tipo__sigla": "IND", "tipo__descricao": "Indica\u00e7\u00e3o", "autoria": "FEBEM", "texto_original": "http://sapl.buritama.sp.leg.br/media/sapl/public/materialegislativa/2023/3085/indicacao_no_78.pdf", "ementa": "O vereador que esta subscreve, nos termos regimentais, INDICA, por interm\u00e9dio de Vossa Excel\u00eancia, ao senhor Rodrigo Zacarias dos Santos, Prefeito Municipal, sejam tomadas as provid\u00eancias necess\u00e1rias e desenvolvidos os devidos estudos, para ver a possibilidade da implementa\u00e7\u00e3o em nosso Munic\u00edpio do Projeto EJA-Educa\u00e7\u00e3o de Jovens e Adultos."}, {"id": "3091", "ano": "2023", "numero": "79", "tipo__sigla": "IND", "tipo__descricao": "Indica\u00e7\u00e3o", "autoria": "CRISTINA NOBRE", "texto_original": "http://sapl.buritama.sp.leg.br/media/sapl/public/materialegislativa/2023/3091/indicacao_no_79.pdf", "ementa": "A vereadora que esta subscreve, nos termos regimentais, INDICA, por interm\u00e9dio de Vossa Excel\u00eancia, ao senhor Rodrigo Zacarias dos Santos, Prefeito Municipal,sejam tomadas as provid\u00eancias necess\u00e1rias, dentro das possibilidades, objetivando a coloca\u00e7\u00e3o de bra\u00e7os de luz, com lumin\u00e1rias, entre o final da Avenida Frei Marcelo Man\u00edlia e Avenida Benedito Garcia."}, {"id": "3100", "ano": "2023", "numero": "80", "tipo__sigla": "IND", "tipo__descricao": "Indica\u00e7\u00e3o", "autoria": "JO\u00c3OZINHO PEREZ", "texto_original": "http://sapl.buritama.sp.leg.br/media/sapl/public/materialegislativa/2023/3100/indicacao_no_80.pdf", "ementa": "O vereador que esta subscreve, nos termos regimentais, INDICA, por interm\u00e9dio de Vossa Excel\u00eancia, ao senhor Rodrigo Zacarias dos Santos, Prefeito Municipal, sejam realizados estudos e a tomada das provid\u00eancias necess\u00e1rias, objetivando a elabora\u00e7\u00e3o de uma legisla\u00e7\u00e3o municipal, conforme a Portaria DPC/DGN/MB n\u00ba 54, de 20 de maio de 2022, objetivando a regulamenta\u00e7\u00e3o de atividades n\u00e1uticas de lazer amadora e para fins comerciais, e da conscientiza\u00e7\u00e3o e a sinaliza\u00e7\u00e3o adequada, inclusive com coloca\u00e7\u00e3o de placas, em toda a extens\u00e3o do Parque Tur\u00edstico Jo\u00e3o Sim\u00e3o Garcia, Prainha, assim como, da obrigatoriedade de tomada do mesmo procedimento, nos Loteamentos, Condom\u00ednios, Clubes N\u00e1uticos localizados \u00e0 margem do Reservat\u00f3rio da Usina Hidrel\u00e9trica Nova Avanhandava, de forma a separar e a garantir com uma margem de seguran\u00e7a esses ve\u00edculos n\u00e1uticos dos banhistas, a fim de resguardar a integridade f\u00edsica das pessoas que estiverem fazendo uso daquele ambiente."}, {"id": "3101", "ano": "2023", "numero": "81", "tipo__sigla": "IND", "tipo__descricao": "Indica\u00e7\u00e3o", "autoria": "CRISTINA NOBRE", "texto_original": "http://sapl.buritama.sp.leg.br/media/sapl/public/materialegislativa/2023/3101/indicacao_no_81.pdf", "ementa": "A vereadora que esta subscreve, nos termos regimentais, INDICA, por interm\u00e9dio de Vossa Excel\u00eancia, ao senhor Rodrigo Zacarias dos Santos, Prefeito Municipal, sejam tomadas as provid\u00eancias necess\u00e1rias e desenvolvidos os devidos estudos, para ver a possibilidade de encaminhar \u00e0 esta Casa Legislativa Projeto de Lei dispondo sobre altera\u00e7\u00e3o no Plano de Carreira do Magist\u00e9rio, bem como na Lei que estendeu a assiduidade aos servidores, contemplando-os no caso de serem convocados para trabalhar em dias de elei\u00e7\u00f5es e participa\u00e7\u00e3o como jurados em J\u00fari Popular."}, {"id": "3114", "ano": "2023", "numero": "82", "tipo__sigla": "IND", "tipo__descricao": "Indica\u00e7\u00e3o", "autoria": "CRISTINA NOBRE", "texto_original": "http://sapl.buritama.sp.leg.br/media/sapl/public/materialegislativa/2023/3114/indicacao_no_82.pdf", "ementa": "A vereadora que esta subscreve, nos termos regimentais, INDICA, por interm\u00e9dio de Vossa Excel\u00eancia, ao senhor Rodrigo Zacarias dos Santos, Prefeito Municipal, sejam tomadas as provid\u00eancias necess\u00e1rias, por ocasi\u00e3o do ato da revis\u00e3o geral anual aos servidores p\u00fablicos municipais que ocorrer\u00e1 em janeiro do pr\u00f3ximo ano, e caso haja a concess\u00e3o de aumento real juntamente, tamb\u00e9m sejam estendidos aos servidores inativos."}, {"id": "3115", "ano": "2023", "numero": "83", "tipo__sigla": "IND", "tipo__descricao": "Indica\u00e7\u00e3o", "autoria": "CRISTINA NOBRE", "texto_original": "http://sapl.buritama.sp.leg.br/media/sapl/public/materialegislativa/2023/3115/indicacao_no_83.pdf", "ementa": "A vereadora que esta subscreve, nos termos regimentais, INDICA, por interm\u00e9dio de Vossa Excel\u00eancia, ao senhor Rodrigo Zacarias dos Santos, Prefeito Municipal, sejam tomadas as provid\u00eancias necess\u00e1rias, para ver a possibilidade de dar continuidade na coloca\u00e7\u00e3o de postinhos com lumin\u00e1rias na Ciclovia M\u00e1rio Bianchinni, no trecho compreendido entre a Rotat\u00f3ria Rubens Nicoleti at\u00e9 onde pararam as obras."}, {"id": "3116", "ano": "2023", "numero": "84", "tipo__sigla": "IND", "tipo__descricao": "Indica\u00e7\u00e3o", "autoria": "CRISTINA NOBRE", "texto_original": "http://sapl.buritama.sp.leg.br/media/sapl/public/materialegislativa/2023/3116/indicacao_no_84.pdf", "ementa": "A vereadora que esta subscreve, nos termos regimentais, INDICA, por interm\u00e9dio de Vossa Excel\u00eancia, ao senhor Rodrigo Zacarias dos Santos, Prefeito Municipal, sejam tomadas as provid\u00eancias necess\u00e1rias e desenvolvidos os devidos estudos, por ocasi\u00e3o do encaminhamento do PPI para prorroga\u00e7\u00e3o para 2024, e a poss\u00edvel altera\u00e7\u00e3o do par\u00e1grafo 4\u00ba do Artigo 1\u00ba da Lei Complementar n\u00ba 161, onde consta sal\u00e1rio m\u00ednimo nacional seja alterado para sal\u00e1rio m\u00ednimo do Estado de S\u00e3o Paulo."}, {"id": "3117", "ano": "2023", "numero": "85", "tipo__sigla": "IND", "tipo__descricao": "Indica\u00e7\u00e3o", "autoria": "MARQUINHOS BARBOSA, ADRIANO TUST\u00c3O", "texto_original": "http://sapl.buritama.sp.leg.br/media/sapl/public/materialegislativa/2023/3117/indicacao_no_85.pdf", "ementa": "Os vereadores que esta subscrevem, nos termos regimentais, INDICAM, por interm\u00e9dio de Vossa Excel\u00eancia, aos senhores Rodrigo Zacarias dos Santos, Prefeito Municipal, e Giselda Elias da Cunha, Diretora Municipal de Tr\u00e2nsito do Governo do Munic\u00edpio de Buritama, sejam tomadas as provid\u00eancias necess\u00e1rias, objetivando providenciar a confec\u00e7\u00e3o e a coloca\u00e7\u00e3o de placas na margem direita ao longo da Avenida Antonio Alves Teixeira, sentido Buritama-Parque Tur\u00edstico Jo\u00e3o Sim\u00e3o Garcia, Prainha, indicando a localiza\u00e7\u00e3o do Loteamento Mirante do Tiet\u00ea (Vila dos Pescadores). Ex. \u201cLoteamento Mirante do Tiet\u00ea (Vila dos Pescadores) - 5 Km, 3 Km, 1 Km - Seta Indicativa\u201d. (Fotos Ilustrativas em anexo)."}, {"id": "3118", "ano": "2023", "numero": "86", "tipo__sigla": "IND", "tipo__descricao": "Indica\u00e7\u00e3o", "autoria": "CRISTINA NOBRE", "texto_original": "http://sapl.buritama.sp.leg.br/media/sapl/public/materialegislativa/2023/3118/indicacao_no_86.pdf", "ementa": "A vereadora que esta subscreve, nos termos regimentais, INDICA, por interm\u00e9dio de Vossa Excel\u00eancia, ao senhor Heverton Candido de Paiva, Superintendente do IPREM-Instituto de Previd\u00eancia Municipal, sejam tomadas as provid\u00eancias necess\u00e1rias e desenvolvidos os devidos estudos, por ocasi\u00e3o da concess\u00e3o do Abono Pecuni\u00e1rio que \u00e9 concedido todos os anos aos servidores p\u00fablicos municipais, veja a possibilidade de se efetuar referido benef\u00edcio para os servidores inativos."}, {"id": "3119", "ano": "2023", "numero": "87", "tipo__sigla": "IND", "tipo__descricao": "Indica\u00e7\u00e3o", "autoria": "JO\u00c3OZINHO PEREZ", "texto_original": "http://sapl.buritama.sp.leg.br/media/sapl/public/materialegislativa/2023/3119/indicacao_no_87.pdf", "ementa": "O vereador que esta subscreve, nos termos regimentais, INDICA, por interm\u00e9dio de Vossa Excel\u00eancia, ao senhor Rodrigo Zacarias dos Santos, Prefeito Municipal, que sejam realizados os devidos estudos e tomadas as provid\u00eancias necess\u00e1rias, no sentido de encaminhar \u00e0 esta Casa de Leis, um Projeto de Lei denominado \u201cLei das Antenas\u201d (segue Minuta da Anatel, em anexo), para que nosso munic\u00edpio fique adequado conforme as regras da Anatel na implanta\u00e7\u00e3o do 5G, revisando as normas de par\u00e2metros urban\u00edsticos, edil\u00edcios, paisag\u00edsticos, tribut\u00e1rios e ambientais relacionados ao licenciamento urban\u00edstico para a instala\u00e7\u00e3o das infraestruturas de telecomunica\u00e7\u00f5es, popularmente conhecidas como antenas e as infraestruturas de suporte, devendo observar as regras de uso e ocupa\u00e7\u00e3o do solo dispostas nas legisla\u00e7\u00f5es urban\u00edsticas, em destaque o Plano Diretor e leis derivadas para disciplinar a mat\u00e9ria e estimular um ambiente de inova\u00e7\u00e3o, servi\u00e7os inteligentes e inclus\u00e3o digital,  e da realiza\u00e7\u00e3o de campanhas"}, {"id": "3120", "ano": "2023", "numero": "88", "tipo__sigla": "IND", "tipo__descricao": "Indica\u00e7\u00e3o", "autoria": "JO\u00c3OZINHO PEREZ", "texto_original": "http://sapl.buritama.sp.leg.br/media/sapl/public/materialegislativa/2023/3120/indicacao_no_88.pdf", "ementa": "O vereador que esta subscreve, nos termos regimentais, INDICA, por interm\u00e9dio de Vossa Excel\u00eancia, ao senhor Rodrigo Zacarias dos Santos, Prefeito Municipal, a senhora Luciene de Oliveira Santos, e ao senhor Wilton Rosalino Borges, Diretor Municipal de Turismo, que sejam tomadas as provid\u00eancias necess\u00e1rias e realizados os devidos estudos, objetivando que o Governo Municipal promova shows com artistas, do nosso munic\u00edpio ou da regi\u00e3o, nos finais de semana na Prainha Municipal, durante o per\u00edodo de f\u00e9rias, para que a popula\u00e7\u00e3o de nossa cidade, juntamente com os turistas que venham a desfrutar das nossa belezas, possam usufruir, curtir e se divertir naquele espa\u00e7o primoroso. Aproveito a oportunidade, para reiterar a Indica\u00e7\u00e3o n\u00ba 77/2023 da companheira Maria Cristina Nobre Santos, lida em Plen\u00e1rio no dia 20/11/2023."}, {"id": "3121", "ano": "2023", "numero": "89", "tipo__sigla": "IND", "tipo__descricao": "Indica\u00e7\u00e3o", "autoria": "JO\u00c3OZINHO PEREZ", "texto_original": "http://sapl.buritama.sp.leg.br/media/sapl/public/materialegislativa/2023/3121/indicacao_no_89.pdf", "ementa": "O vereador que esta subscreve, nos termos regimentais, INDICA, por interm\u00e9dio de Vossa Excel\u00eancia, ao senhor Rodrigo Zacarias dos Santos, Prefeito Municipal, que sejam realizados os devidos estudos e tomadas as provid\u00eancias necess\u00e1rias, no sentido de encaminhar \u00e0 esta Casa de Leis, um Projeto de Lei que regulamenta e contempla aos Agentes Comunit\u00e1rios de Sa\u00fade e aos Agentes de Combate \u00e0s Endemias, proporcional ao n\u00famero de agentes cadastrados no Sistema de Cadastro Nacional de Estabelecimentos de Sa\u00fade (SCNES), atrav\u00e9s do Incentivo Financeiro Adicional (IFA), com recursos advindos do repasse financeiro pelo Minist\u00e9rio da Sa\u00fade, visando a valorizar as fun\u00e7\u00f5es t\u00e3o importantes exercidas por esses profissionais junto a popula\u00e7\u00e3o de nossa cidade, assim como v\u00e1rios outros munic\u00edpios que possuem legisla\u00e7\u00e3o pr\u00f3pria j\u00e1 fazem."}, {"id": "3122", "ano": "2023", "numero": "90", "tipo__sigla": "IND", "tipo__descricao": "Indica\u00e7\u00e3o", "autoria": "CRISTINA NOBRE", "texto_original": "http://sapl.buritama.sp.leg.br/media/sapl/public/materialegislativa/2023/3122/indicacao_no_90.pdf", "ementa": "A vereadora que esta subscreve, nos termos regimentais, INDICA, por interm\u00e9dio de Vossa Excel\u00eancia, ao senhor Rodrigo Zacarias dos Santos, Prefeito Municipal, sejam tomadas as provid\u00eancias necess\u00e1rias e desenvolvidos os devidos estudos, para ver a possibilidade de organizar um evento cat\u00f3lico no pr\u00f3ximo ano, passando a fazer parte do Calend\u00e1rio Anual de Eventos. Esta proposta vem \u00e0 tona considerando o grande sucesso do evento gospel que ocorre anualmente em nossa cidade e tem sido uma fonte de enriquecimento cultural e espiritual para a comunidade."}, {"id": "2927", "ano": "2023", "numero": "1", "tipo__sigla": "MOC", "tipo__descricao": "Mo\u00e7\u00e3o", "autoria": "JO\u00c3OZINHO PEREZ, ADRIANO TUST\u00c3O, ANDR\u00c9 DO Z\u00c9 CARL\u00c3O, AN\u00cdZIO, CARLINHO DO DIVINO, CHERRY, CRISTINA NOBRE, FEBEM, JUNIOR PICCOLI, MARQUINHOS BARBOSA, TONH\u00c3O DA EDITORA", "texto_original": "http://sapl.buritama.sp.leg.br/media/sapl/public/materialegislativa/2023/2927/mocao_no_01.pdf", "ementa": "MO\u00c7\u00c3O DE APOIO  AO MOVIMENTO NACIONAL DE PRODUTORES E SANGRADORES DE BORRACHA NATURAL."}, {"id": "2928", "ano": "2023", "numero": "2", "tipo__sigla": "MOC", "tipo__descricao": "Mo\u00e7\u00e3o", "autoria": "ADRIANO TUST\u00c3O, ANDR\u00c9 DO Z\u00c9 CARL\u00c3O, AN\u00cdZIO, CARLINHO DO DIVINO, CHERRY, CRISTINA NOBRE, FEBEM, JO\u00c3OZINHO PEREZ, JUNIOR PICCOLI, MARQUINHOS BARBOSA, TONH\u00c3O DA EDITORA", "texto_original": "http://sapl.buritama.sp.leg.br/media/sapl/public/materialegislativa/2023/2928/mocao_de_apalusos_mario_roberto_opice_leao_ceo_santander_1.pdf", "ementa": "MO\u00c7\u00c3O DE APLAUSO, em favor do senhor M\u00c1RIO ROBERTO OPICE LE\u00c3O, CEO DO BANCO SANTANDER S.A."}, {"id": "2972", "ano": "2023", "numero": "3", "tipo__sigla": "MOC", "tipo__descricao": "Mo\u00e7\u00e3o", "autoria": "ADRIANO TUST\u00c3O, ANDR\u00c9 DO Z\u00c9 CARL\u00c3O, AN\u00cdZIO, CARLINHO DO DIVINO, CHERRY, CRISTINA NOBRE, FEBEM, JO\u00c3OZINHO PEREZ, JUNIOR PICCOLI, MARQUINHOS BARBOSA, TONH\u00c3O DA EDITORA", "texto_original": "http://sapl.buritama.sp.leg.br/media/sapl/public/materialegislativa/2023/2972/mocao_de_repudio_ao_projeto_de_lei_no_752.2021_proposto_pelo_tj-sp.pdf", "ementa": "MO\u00c7\u00c3O DE REP\u00daDIO - \u201cREP\u00daDIO AO PROJETO DE LEI N\u00ba 752/2021, QUE TEM COMO OBJETIVO MODIFICAR DISPOSI\u00c7\u00d5ES DA LEI N\u00ba 11.608/2003 - LEI DA TAXA JUDICI\u00c1RIA, INCIDENTE SOBRE SERVI\u00c7OS P\u00daBLICOS DE NATUREZA FORENSE \u201d."}, {"id": "3013", "ano": "2023", "numero": "4", "tipo__sigla": "MOC", "tipo__descricao": "Mo\u00e7\u00e3o", "autoria": "ADRIANO TUST\u00c3O, ANDR\u00c9 DO Z\u00c9 CARL\u00c3O, AN\u00cdZIO, CARLINHO DO DIVINO, CHERRY, CRISTINA NOBRE, FEBEM, JO\u00c3OZINHO PEREZ, JUNIOR PICCOLI, MARQUINHOS BARBOSA, TONH\u00c3O DA EDITORA", "texto_original": "http://sapl.buritama.sp.leg.br/media/sapl/public/materialegislativa/2023/3013/mocao_de_apoio_-_diretores_de_escola_estadual.pdf", "ementa": "MO\u00c7\u00c3O DE APOIO \u00e0 demanda pleiteada pelo Sindicato de Especialistas de Educa\u00e7\u00e3o do Magist\u00e9rio Oficial do Estado de S\u00e3o Paulo, solicitando total empenho do Excelent\u00edssimo Senhor Governador do Estado de S\u00e3o Paulo, Tarc\u00edsio de Freitas, para que abra novo concurso p\u00fablico para Diretor Escolar, em car\u00e1ter de urg\u00eancia, para que as escolas de educa\u00e7\u00e3o b\u00e1sica do estado n\u00e3o continuem sendo prejudicadas pela falta desse importante profissional."}, {"id": "3038", "ano": "2023", "numero": "5", "tipo__sigla": "MOC", "tipo__descricao": "Mo\u00e7\u00e3o", "autoria": "ADRIANO TUST\u00c3O, ANDR\u00c9 DO Z\u00c9 CARL\u00c3O, AN\u00cdZIO, CARLINHO DO DIVINO, CHERRY, CRISTINA NOBRE, FEBEM, JO\u00c3OZINHO PEREZ, JUNIOR PICCOLI, MARQUINHOS BARBOSA, TONH\u00c3O DA EDITORA", "texto_original": "http://sapl.buritama.sp.leg.br/media/sapl/public/materialegislativa/2023/3038/mocao_de_alausos_pela_caravana_da_tv_tem.pdf", "ementa": "Por for\u00e7a do Requerimento n\u00ba 68/23, de autoria da Edilidade, aprovado por unanimidade, na Sess\u00e3o Ordin\u00e1ria do dia 11 de setembro de 2023, a C\u00e2mara Municipal de Buritama, expede a presente MO\u00c7\u00c3O DE APLAUSO \u00e0 equipe de Jornalismo da Caravana da TV TEM de S\u00e3o Jos\u00e9 do Rio Preto e Ara\u00e7atuba, pela divulga\u00e7\u00e3o regional na passagem do 75\u00ba anivers\u00e1rio de Emancipa\u00e7\u00e3o Pol\u00edtico-Administrativa de Buritama, promovendo transmiss\u00f5es ao vivo que exaltaram as qualidades receptivas do nosso povo e as belezas que constituem nosso amado munic\u00edpio de Buritama."}, {"id": "3157", "ano": "2023", "numero": "6", "tipo__sigla": "MOC", "tipo__descricao": "Mo\u00e7\u00e3o", "autoria": "CRISTINA NOBRE, ADRIANO TUST\u00c3O, ANDR\u00c9 DO Z\u00c9 CARL\u00c3O, CARLINHO DO DIVINO, CHERRY, FEBEM, JO\u00c3OZINHO PEREZ, MARQUINHOS BARBOSA, NOEMIA BORGES, PITICA, TONH\u00c3O DA EDITORA", "texto_original": "http://sapl.buritama.sp.leg.br/media/sapl/public/materialegislativa/2023/3157/mocao_de_apoio_-_coordenadoria_de_defesa_agropecuaria_cda.pdf", "ementa": "MO\u00c7\u00c3O DE APOIO \u00e0 Coordenadoria de Defesa Agropecu\u00e1ria (CDA) do Estado de S\u00e3o Paulo."}, {"id": "2862", "ano": "2023", "numero": "11", "tipo__sigla": "PLS", "tipo__descricao": "Projeto De Lei Substitutivo", "autoria": "RODRIGO ZACARIAS DOS SANTOS", "texto_original": "http://sapl.buritama.sp.leg.br/media/", "ementa": "Disp\u00f5e sobre abertura de cr\u00e9dito especial e adicional suplementar ao or\u00e7amento, na importancia de R$ 200.000,00, programa do SAAEMB para o exerc\u00edcio de 2023 e d\u00e1 outras provid\u00eancias (SUBSTITUI PL 11/23)"}, {"id": "2836", "ano": "2023", "numero": "1", "tipo__sigla": "RQA", "tipo__descricao": "Requerimento Avulso", "autoria": "AN\u00cdZIO", "texto_original": "http://sapl.buritama.sp.leg.br/media/sapl/public/materialegislativa/2023/2836/requerimento_retirada_de_projetos_23_01_2023_1.pdf", "ementa": "Requer a retirada de pauta do dia 23/01/2023, dos Projetos de Lei Complementares n\u00ba 01 e 03/2023"}, {"id": "2958", "ano": "2023", "numero": "1", "tipo__sigla": "TCE", "tipo__descricao": "Parecer do TCE-SP Contas", "autoria": "", "texto_original": "http://sapl.buritama.sp.leg.br/media/sapl/public/materialegislativa/2023/2958/contas_executivo_2020.pdf", "ementa": "P A R E C E R - CONTAS MUNICIPAIS. OBSERV\u00c2NCIA AOS ASPECTOS DE LEGALIDADE / CONFORMIDADE. RESSALVAS EM FACE DA INSUFICI\u00caNCIA DOS RESULTADOS OBTIDOS NO IEGM, ALTERA\u00c7\u00c3O EXPRESSIVA DO PROGRAMA OR\u00c7AMENT\u00c1RIO AO LONGO DE SUA EXECU\u00c7\u00c3O E GEST\u00c3O DE PESSOAL. PARECER FAVOR\u00c1VEL, COM RESSALVAS E RECOMENDA\u00c7\u00d5ES."}, {"id": "2879", "ano": "2023", "numero": "1", "tipo__sigla": "COM", "tipo__descricao": "Parecer Comiss\u00e3o de Or\u00e7amento Contas", "autoria": "MARQUINHOS BARBOSA, CARLINHO DO DIVINO, JUNIOR PICCOLI", "texto_original": "http://sapl.buritama.sp.leg.br/media/sapl/public/materialegislativa/2023/2879/parecer_cofc_julgamento_das_contas_2018_03_03_2023_1.pdf", "ementa": "Julgamento das Contas do Governo do Munic\u00edpio de Buritama referente ao exerc\u00edcio de 2018."}, {"id": "2957", "ano": "2023", "numero": "2", "tipo__sigla": "COM", "tipo__descricao": "Parecer Comiss\u00e3o de Or\u00e7amento Contas", "autoria": "MARQUINHOS BARBOSA, CARLINHO DO DIVINO, JUNIOR PICCOLI", "texto_original": "http://sapl.buritama.sp.leg.br/media/sapl/public/materialegislativa/2023/2957/parecer_favoravel_cofc_contas_2020_1.pdf", "ementa": "Julgamento das Contas do Governo do Munic\u00edpio de Buritama referente ao exerc\u00edcio de 2020."}, {"id": "3092", "ano": "2023", "numero": "1", "tipo__sigla": "PARCE", "tipo__descricao": "Parecer Comiss\u00e3o de \u00c9tica e Decoro Parlamentar", "autoria": "CARLINHO DO DIVINO, CRISTINA NOBRE, Ermenegildo Nava, MARQUINHOS BARBOSA", "texto_original": "http://sapl.buritama.sp.leg.br/media/sapl/public/materialegislativa/2023/3092/parecer_final_cedp_p.d_no_01.2023.pdf", "ementa": "Processo disciplinar n\u00b0 01/2023 - PARECER FINAL."}, {"id": "2937", "ano": "2023", "numero": "1", "tipo__sigla": "RCE", "tipo__descricao": "Relat\u00f3rio da Comiss\u00e3o de \u00c9tica", "autoria": "CARLINHO DO DIVINO, CRISTINA NOBRE, MARQUINHOS BARBOSA", "texto_original": "http://sapl.buritama.sp.leg.br/media/sapl/public/materialegislativa/2023/2937/processo_disciplinar_01-2023_-_330-343_relatorio_e_consideracoes_ocred.pdf", "ementa": "RELAT\u00d3RIO E CONSIDERA\u00c7\u00d5ES DA ASSESSORIA JUR\u00cdDICA PARA SUBSIDIAR 0 PARECER OPINATIVO DA COMISS\u00c3O DE \u00c9TICA E DECORO PARLAMENTAR, NOS AUTOS DO PROCESSO DISCIPLINAR Ng 01/2023, VISANDO 0 JU\u00cdZO DE ADMISSIBILIDADE PELO PLEN\u00c1RIO DA C\u00c2MARA MUNICIPAL."}, {"id": "3074", "ano": "2023", "numero": "2", "tipo__sigla": "RCE", "tipo__descricao": "Relat\u00f3rio da Comiss\u00e3o de \u00c9tica", "autoria": "FEBEM, CRISTINA NOBRE, MARQUINHOS BARBOSA", "texto_original": "http://sapl.buritama.sp.leg.br/media/sapl/public/materialegislativa/2023/3074/parecer_1.pdf", "ementa": "RELAT\u00d3RIO DA COMISS\u00c3O DE \u00c9TICA E DECORO PARLAMENTAR, NOS AUTOS DO PROCESSO DISCIPLINAR N\u00b0 02/2023."}, {"id": "2938", "ano": "2023", "numero": "1", "tipo__sigla": "DCA", "tipo__descricao": "Den\u00fancia", "autoria": "", "texto_original": "http://sapl.buritama.sp.leg.br/media/sapl/public/materialegislativa/2023/2938/denuncia_mikael.pdf", "ementa": "DEN\u00daNCIA CONTRA A VEREADORA MARIA CRISTINA NOBRE SANTOS, CONFORME DECRETO 201/67 E DEMAIS DISPOSI\u00c7\u00d5ES VIGENTES."}]}