{"headers": {"id": "ID", "ano": "Ano", "numero": "N\u00famero", "tipo__sigla": "Tipo de Mat\u00e9ria Legislativa/Sigla", "tipo__descricao": "Tipo de Mat\u00e9ria Legislativa/Descri\u00e7\u00e3o", "autoria": "Autorias", "texto_original": "Texto Original", "ementa": "Ementa"}, "results": [{"id": "303", "ano": "2016", "numero": "1", "tipo__sigla": "E-LOM", "tipo__descricao": "Proposta de Emenda a Lei Org\u00e2nica", "autoria": "RONALDO RAMOS FERNANDES", "texto_original": "http://sapl.buritama.sp.leg.br/media/", "ementa": "ALTERA A REDA\u00c7\u00c3O DOS ARTIGOS 18 E 19 DA LEI ORG\u00c2NICA DO MUNIC\u00cdPIO DE BURITAMA"}, {"id": "304", "ano": "2016", "numero": "2", "tipo__sigla": "E-LOM", "tipo__descricao": "Proposta de Emenda a Lei Org\u00e2nica", "autoria": "ANTONIO CARLOS, ANTONIO ROMILDO DOS SANTOS, BETO DO JEROMINHO, CARLINHO DO DIVINO, EDILSON HONORATO DA SILVA - BOCA LETRAS, FEBEM, LIZE ROLD\u00c3O, OSVALDINHO, RONALDO RAMOS FERNANDES, ROSELI NOBRE, RUB\u00c3O DA FARM\u00c1CIA", "texto_original": "http://sapl.buritama.sp.leg.br/media/", "ementa": "QUE CRIA O PAR\u00c1GRAFO 2\u00ba E RENUMERA O PAR\u00c1GRAFO \u00daNICO DO ARTIGO 35 DA LEI ORG\u00c2NICA DO MUNIC\u00cdPIO"}, {"id": "1", "ano": "2016", "numero": "1", "tipo__sigla": "PLO", "tipo__descricao": "Projeto de Lei Ordin\u00e1ria", "autoria": "Partido Popular Socialista", "texto_original": "http://sapl.buritama.sp.leg.br/media/sapl/public/materialegislativa/2016/1/1_texto_integral.doc", "ementa": "PROJETO DE LEI N\u00ba 01/16 - AUTORIA: PODER EXECUTIVO MUNICIPAL, QUE DISP\u00d5E SOBRE ABERTURA DE CR\u00c9DITO ADICIONAL SUPLEMENTAR NA IMPORT\u00c2NCIA DE R$. 200.000,00, DESTINADOS \u00c0 SUPLEMENTA\u00c7\u00c3O DE DOTA\u00c7\u00c3O DO OR\u00c7AMENTO VIGENTE DO SAAEMB-SERVI\u00c7O AUT\u00d4NOMO DE \u00c1GUA, ESGOTO E MEIO AMBIENTE DO MUNIC\u00cdPIO DE BURITAMA, VISANDO O COMPLEMENTO DO PROJETO DE CONSTRU\u00c7\u00c3O DO BARRAC\u00c3O DO CENTRO DE RECICLAGEM MUNICIPAL."}, {"id": "2", "ano": "2016", "numero": "2", "tipo__sigla": "PLO", "tipo__descricao": "Projeto de Lei Ordin\u00e1ria", "autoria": "Partido Popular Socialista", "texto_original": "http://sapl.buritama.sp.leg.br/media/sapl/public/materialegislativa/2016/2/2_texto_integral.doc", "ementa": "DISP\u00d5E SOBRE ABERTURA DE CR\u00c9DITO ADICIONAL ESPECIAL NA IMPORT\u00c2NCIA DE R$ 362.749,28, E D\u00c1 OUTRAS PROVID\u00caNCIAS."}, {"id": "3", "ano": "2016", "numero": "3", "tipo__sigla": "PLO", "tipo__descricao": "Projeto de Lei Ordin\u00e1ria", "autoria": "Partido Popular Socialista", "texto_original": "http://sapl.buritama.sp.leg.br/media/sapl/public/materialegislativa/2016/3/3_texto_integral.doc", "ementa": "DISP\u00d5E SOBRE  ABERTURA DE CR\u00c9DITO ADICIONAL ESPECIAL NA IMPORT\u00c2NCIA DE R$ 1.010.998,90, E D\u00c1 OUTRAS PROVID\u00caNCIAS."}, {"id": "4", "ano": "2016", "numero": "4", "tipo__sigla": "PLO", "tipo__descricao": "Projeto de Lei Ordin\u00e1ria", "autoria": "Partido Popular Socialista", "texto_original": "http://sapl.buritama.sp.leg.br/media/sapl/public/materialegislativa/2016/4/4_texto_integral.doc", "ementa": "PROJETO DE LEI N\u00ba 04/16 - QUE AUTORIZA O MUNIC\u00cdPIO DE BURITAMA A CELEBRAR ACORDO JUDICIAL OU ADMINISTRATIVO AO PROCESSO N\u00ba 3000896-41.2013.8.26.0097 QUE TRAMITA PERANTE O PODER JUDICI\u00c1RIO DO MUNIC\u00cdPIO, DANDO OUTRAS PROVID\u00caNCIAS ADMINISTRATIVAS."}, {"id": "11", "ano": "2016", "numero": "5", "tipo__sigla": "PLO", "tipo__descricao": "Projeto de Lei Ordin\u00e1ria", "autoria": "Partido Popular Socialista", "texto_original": "http://sapl.buritama.sp.leg.br/media/sapl/public/materialegislativa/2016/11/11_texto_integral.doc", "ementa": "PROJETO DE LEI N\u00ba 05/16 - AUTORIA: PODER EXECUTIVO MUNICIPAL, QUE DISP\u00d5E SOBRE ABERTURA DE CR\u00c9DITO ADICIONAL SUPLEMENTAR NA IMPORT\u00c2NCIA DE R$. 120.000,00, VISANDO A SUPLEMENTA\u00c7\u00c3O DE DOTA\u00c7\u00c3O OR\u00c7AMENT\u00c1RIA PARA SUPORTAR DESPESAS CONTRATUAIS JUNTO AO DEPARTAMENTO MUNICIPAL DE EDUCA\u00c7\u00c3O, E D\u00c1 OUTRAS PROVID\u00caNCIAS; "}, {"id": "12", "ano": "2016", "numero": "6", "tipo__sigla": "PLO", "tipo__descricao": "Projeto de Lei Ordin\u00e1ria", "autoria": "Partido Popular Socialista", "texto_original": "http://sapl.buritama.sp.leg.br/media/sapl/public/materialegislativa/2016/12/12_texto_integral.doc", "ementa": "PROJETO DE LEI N\u00ba 06/16 - AUTORIA: PODER EXECUTIVO MUNICIPAL, QUE DISP\u00d5E SOBRE ABERTURA DE CR\u00c9DITO ADICIONAL ESPECIAL NA IMPORT\u00c2NCIA DE R$. 10.964,00, VISANDO SUPORTAR DESPESAS COM AQUISI\u00c7\u00c3O DE MEDICAMENTOS PARA DISTRIBUI\u00c7\u00c3O A POPULA\u00c7\u00c3O, E D\u00c1 OUTRAS PROVID\u00caNCIAS; "}, {"id": "13", "ano": "2016", "numero": "7", "tipo__sigla": "PLO", "tipo__descricao": "Projeto de Lei Ordin\u00e1ria", "autoria": "Partido Popular Socialista", "texto_original": "http://sapl.buritama.sp.leg.br/media/sapl/public/materialegislativa/2016/13/13_texto_integral.doc", "ementa": "PROJETO DE LEI N\u00ba 07/16 - AUTORIA: PODER EXECUTIVO MUNICIPAL, QUE DISP\u00d5E SOBRE ABERTURA DE CR\u00c9DITO ADICIONAL ESPECIAL NA IMPORT\u00c2NCIA DE R$. 141.525,00, VISANDO A AQUISI\u00c7\u00c3O DE UM VE\u00cdCULO VAN 0 KM PARA ATENDER DEMANDA NA \u00c1REA DA SA\u00daDE P\u00daBLICA MUNICIPAL, E D\u00c1 OUTRAS PROVID\u00caNCIAS;  "}, {"id": "14", "ano": "2016", "numero": "8", "tipo__sigla": "PLO", "tipo__descricao": "Projeto de Lei Ordin\u00e1ria", "autoria": "Partido Popular Socialista", "texto_original": "http://sapl.buritama.sp.leg.br/media/sapl/public/materialegislativa/2016/14/14_texto_integral.doc", "ementa": "PROJETO DE LEI N\u00ba 08/16 - AUTORIA: PODER EXECUTIVO MUNICIPAL, QUE DISP\u00d5E SOBRE ABERTURA DE CR\u00c9DITO ADICIONAL SUPLEMENTAR NA IMPORT\u00c2NCIA DE R$. 90.000,00, VISANDO A AQUISI\u00c7\u00c3O DE UM VE\u00cdCULO AMBUL\u00c2NCIA 0 KM PARA ATENDER DEMANDA NA \u00c1REA DA SA\u00daDE P\u00daBLICA MUNICIPAL, E D\u00c1 OUTRAS PROVID\u00caNCIAS; "}, {"id": "23", "ano": "2016", "numero": "9", "tipo__sigla": "PLO", "tipo__descricao": "Projeto de Lei Ordin\u00e1ria", "autoria": "Partido Popular Socialista", "texto_original": "http://sapl.buritama.sp.leg.br/media/sapl/public/materialegislativa/2016/23/23_texto_integral.doc", "ementa": "DISP\u00d5E SOBRE ABERTURA DE CR\u00c9DITO ADICIONAL ESPECIAL NA IMPORT\u00c2NCIA DE R$. 10.964,00, DESTINADOS \u00c0 AQUISI\u00c7\u00c3O DE MEDICAMENTOS PARA DISTRIBUI\u00c7\u00c3O GRATUITA JUNTO A POPULA\u00c7\u00c3O DE BURITAMA, MEDIANTE REPASSE GOVERNAMENTAL, E D\u00c1 OUTRAS PROVID\u00caNCIAS"}, {"id": "24", "ano": "2016", "numero": "10", "tipo__sigla": "PLO", "tipo__descricao": "Projeto de Lei Ordin\u00e1ria", "autoria": "Partido Popular Socialista", "texto_original": "http://sapl.buritama.sp.leg.br/media/sapl/public/materialegislativa/2016/24/24_texto_integral.doc", "ementa": "DISP\u00d5E SOBRE ALTERA\u00c7\u00c3O DA LEI MUNICIPAL N\u00ba 3.124/2007 QUE  TRATA SOBRE A CRIA\u00c7\u00c3O DO FUNDEB"}, {"id": "142", "ano": "2016", "numero": "11", "tipo__sigla": "PLO", "tipo__descricao": "Projeto de Lei Ordin\u00e1ria", "autoria": "Partido Popular Socialista", "texto_original": "http://sapl.buritama.sp.leg.br/media/sapl/public/materialegislativa/2016/142/142_texto_integral.doc", "ementa": "\"DISP\u00d5E SOBRE CONCESS\u00c3O DE SUBVEN\u00c7\u00c3O SOCIAL \u00c0 ENTIDADE QUE ESPECIFICA\".\r\n\r\n"}, {"id": "143", "ano": "2016", "numero": "12", "tipo__sigla": "PLO", "tipo__descricao": "Projeto de Lei Ordin\u00e1ria", "autoria": "Partido Popular Socialista", "texto_original": "http://sapl.buritama.sp.leg.br/media/sapl/public/materialegislativa/2016/143/143_texto_integral.doc", "ementa": "&#8220;DISP\u00d5E SOBRE ABERTURA DE CR\u00c9DITO ADICIONAL SUPLEMENTAR NA IMPORT\u00c2NCIA DE R$ 170.000,00 (CENTO E SETENTA MIL REAIS), E D\u00c1 OUTRAS PROVIDENCIAS&#8221;.\r\n\r\n"}, {"id": "144", "ano": "2016", "numero": "13", "tipo__sigla": "PLO", "tipo__descricao": "Projeto de Lei Ordin\u00e1ria", "autoria": "Partido Popular Socialista", "texto_original": "http://sapl.buritama.sp.leg.br/media/sapl/public/materialegislativa/2016/144/144_texto_integral.doc", "ementa": "&#8220;AUTORIZA O MUNIC\u00cdPIO A FIRMAR TERMO DE ADES\u00c3O A CAMPANHA &#8220;TODOS JUNTOS CONTRA O AEDES AEGYPTI&#8221; DO PROGRAMA DE INCENTIVO AOS MUNIC\u00cdPIOS, DA SECRETARIA DO ESTADO DA SA\u00daDE, E D\u00c1 OUTRAS PROVID\u00caNCIAS&#8221;.\r\n\r\n"}, {"id": "145", "ano": "2016", "numero": "14", "tipo__sigla": "PLO", "tipo__descricao": "Projeto de Lei Ordin\u00e1ria", "autoria": "", "texto_original": "http://sapl.buritama.sp.leg.br/media/sapl/public/materialegislativa/2016/145/145_texto_integral.doc", "ementa": "&#8220;DISP\u00d5E SOBRE REVOGA\u00c7\u00c3O DA LEI MUNICIPAL N\u00ba 3.315/2009 E 3.532/2010, E D\u00c1 OUTRAS PROVID\u00caNCIAS&#8221;.\r\n"}, {"id": "146", "ano": "2016", "numero": "15", "tipo__sigla": "PLO", "tipo__descricao": "Projeto de Lei Ordin\u00e1ria", "autoria": "Partido Popular Socialista", "texto_original": "http://sapl.buritama.sp.leg.br/media/sapl/public/materialegislativa/2016/146/146_texto_integral.doc", "ementa": "&#8220;AUTORIZA O MUNIC\u00cdPIO DE BURITAMA A CELEBRAR ACORDO JUDICIAL OU ADMINISTRATIVO AO PROCESSO N\u00ba 0004531-62.2005.8.26.0097, EMBARGOS \u00c0 EXECU\u00c7\u00c3O N\u00ba 0002469-34.2014.8.26.0097 QUE TRAMITA PERANTE O PODER JUDICI\u00c1RIO DO MUNIC\u00cdPIO, DANDO OUTRAS PROVID\u00caNCIAS ADMINISTRATIVAS&#8221;.\r\n\r\n"}, {"id": "147", "ano": "2016", "numero": "16", "tipo__sigla": "PLO", "tipo__descricao": "Projeto de Lei Ordin\u00e1ria", "autoria": "Partido Popular Socialista", "texto_original": "http://sapl.buritama.sp.leg.br/media/sapl/public/materialegislativa/2016/147/147_texto_integral.doc", "ementa": "\"AUTORIZA O PODER EXECUTIVO MUNICIPAL A PERMUTAR PARTE DE IM\u00d3VEIS DE PROPRIET\u00c1RIOS DE \u00c1REAS RURAIS DO MUNIC\u00cdPIO, COM BENFEITORIAS QUE ESPECIFICAM E D\u00c1 OUTRAS PROVID\u00caNCIAS&#8221;.\r\n"}, {"id": "148", "ano": "2016", "numero": "17", "tipo__sigla": "PLO", "tipo__descricao": "Projeto de Lei Ordin\u00e1ria", "autoria": "Partido Popular Socialista", "texto_original": "http://sapl.buritama.sp.leg.br/media/sapl/public/materialegislativa/2016/148/148_texto_integral.doc", "ementa": "\"ALTERA DISPOSITIVO DA LEI MUNICIPAL N\u00ba 4.239/2016 QUE TRATA SOBRE CONCESS\u00c3O DE SUBVEN\u00c7\u00c3O A ENTIDADE, E D\u00c1 OUTRAS PROVID\u00caNCIAS&#8221;.\r\n\r\n"}, {"id": "149", "ano": "2016", "numero": "18", "tipo__sigla": "PLO", "tipo__descricao": "Projeto de Lei Ordin\u00e1ria", "autoria": "Partido Popular Socialista", "texto_original": "http://sapl.buritama.sp.leg.br/media/sapl/public/materialegislativa/2016/149/149_texto_integral.doc", "ementa": "\"REVOGA LEI MUNICIPAL N\u00ba 4.229/2015, QUE AUTORIZA O PODER EXECUTIVO MUNICIPAL A RECEBER BENFEITORIAS, EM PERMUTA A \u00c1REA INSTITUCIONAL DA EMPRESA MIRANTE DAS AGUAS EMPREENDIMENTOS IMOBILIARIOS DE BURITAMA SPE LTDA., CADASTRADA NO CNPJ N\u00ba 21.794.980/0001-11, RESPONS\u00c1VEL PELA IMPLANTA\u00c7\u00c3O DE &#8220;LOTEAMENTO MIRANTE DAS AGUAS&#8221;, E D\u00c1 OUTRAS PROVID\u00caNCIAS&#8221;.\r\n\r\n"}, {"id": "150", "ano": "2016", "numero": "19", "tipo__sigla": "PLO", "tipo__descricao": "Projeto de Lei Ordin\u00e1ria", "autoria": "Partido Popular Socialista", "texto_original": "http://sapl.buritama.sp.leg.br/media/sapl/public/materialegislativa/2016/150/150_texto_integral.doc", "ementa": "&#8220;DISP\u00d5E SOBRE DOA\u00c7\u00c3O DE MATERIAL MET\u00c1LICO PERTENCENTE A ESTA MUNICIPALIDADE AO CLUBE DE CAMPO DOS FUNCION\u00c1RIOS P\u00daBLICOS DE BURITAMA, E D\u00c1 OUTRAS PROVID\u00caNCIAS&#8221;.\r\n\r\n\r\n"}, {"id": "151", "ano": "2016", "numero": "20", "tipo__sigla": "PLO", "tipo__descricao": "Projeto de Lei Ordin\u00e1ria", "autoria": "Partido Popular Socialista", "texto_original": "http://sapl.buritama.sp.leg.br/media/sapl/public/materialegislativa/2016/151/151_texto_integral.doc", "ementa": "&#8220;AUTORIZA A PERMISS\u00c3O DE USO, DE BEM P\u00daBLICO MUNICIPAL, A T\u00cdTULO PREC\u00c1RIO, BEM COMO A FIRMAR CONTRATO DE PARCERIA COM A ASSOCIA\u00c7\u00c3O CULTURAL &#8220;JOAQUIM DA MATA&#8221; E D\u00c1 OUTRAS PROVID\u00caNCIAS. &#8221;\r\n\r\n"}, {"id": "152", "ano": "2016", "numero": "21", "tipo__sigla": "PLO", "tipo__descricao": "Projeto de Lei Ordin\u00e1ria", "autoria": "Partido Popular Socialista", "texto_original": "http://sapl.buritama.sp.leg.br/media/sapl/public/materialegislativa/2016/152/152_texto_integral.doc", "ementa": "&#8220;DISP\u00d5E SOBRE ABERTURA DE CR\u00c9DITO ADICIONAL ESPECIAL NA IMPORT\u00c2NCIA DE R$ 50.000,00 (CINQUENTA MIL REAIS), E D\u00c1 OUTRAS PROVIDENCIAS&#8221;.\r\n\r\n"}, {"id": "153", "ano": "2016", "numero": "22", "tipo__sigla": "PLO", "tipo__descricao": "Projeto de Lei Ordin\u00e1ria", "autoria": "Partido Popular Socialista", "texto_original": "http://sapl.buritama.sp.leg.br/media/sapl/public/materialegislativa/2016/153/153_texto_integral.doc", "ementa": "&#8220;DISP\u00d5E SOBRE ABERTURA DE CR\u00c9DITO ADICIONAL SUPLEMENTAR NA IMPORT\u00c2NCIA DE R$ 879.000,00 (OITOCENTOS E SETENTA E NOVE MIL REAIS), E D\u00c1 OUTRAS PROVIDENCIAS&#8221;.\r\n\r\n"}, {"id": "154", "ano": "2016", "numero": "23", "tipo__sigla": "PLO", "tipo__descricao": "Projeto de Lei Ordin\u00e1ria", "autoria": "", "texto_original": "http://sapl.buritama.sp.leg.br/media/sapl/public/materialegislativa/2016/154/154_texto_integral.doc", "ementa": "&#8220;DISP\u00d5E SOBRE AS DIRETRIZES GERAIS PARA A ELABORA\u00c7\u00c3O DA LEI OR\u00c7AMENT\u00c1RIA PARA O EXERC\u00cdCIO DE 2017, E D\u00c1 OUTRAS PROVID\u00caNCIAS. &#8221;\r\n\r\n"}, {"id": "155", "ano": "2016", "numero": "24", "tipo__sigla": "PLO", "tipo__descricao": "Projeto de Lei Ordin\u00e1ria", "autoria": "Partido Popular Socialista", "texto_original": "http://sapl.buritama.sp.leg.br/media/sapl/public/materialegislativa/2016/155/155_texto_integral.doc", "ementa": "&#8220;DISP\u00d5E SOBRE ABERTURA DE CR\u00c9DITO ADICIONAL ESPECIAL NA IMPORT\u00c2NCIA DE R$ 151.996,62 (CENTO E CINQUENTA E UM MIL, NOVECENTOS E NOVENTA E SEIS REAIS E SESSENTA E DOIS CENTAVOS), E D\u00c1 OUTRAS PROVIDENCIAS&#8221;.\r\n\r\n"}, {"id": "156", "ano": "2016", "numero": "25", "tipo__sigla": "PLO", "tipo__descricao": "Projeto de Lei Ordin\u00e1ria", "autoria": "Partido Popular Socialista", "texto_original": "http://sapl.buritama.sp.leg.br/media/sapl/public/materialegislativa/2016/156/156_texto_integral.doc", "ementa": "&#8220;INSTITUI O \"DIA MUNICIPAL DO UF\u00d3LOGO EM BURITAMA&#8221;.\r\n\r\n"}, {"id": "157", "ano": "2016", "numero": "26", "tipo__sigla": "PLO", "tipo__descricao": "Projeto de Lei Ordin\u00e1ria", "autoria": "Partido Popular Socialista", "texto_original": "http://sapl.buritama.sp.leg.br/media/sapl/public/materialegislativa/2016/157/157_texto_integral.doc", "ementa": "\"DISP\u00d5E SOBRE CONCESS\u00c3O DE SUBVEN\u00c7\u00c3O SOCIAL PARA O EXERC\u00cdCIO DE 2016, \u00c0 ENTIDADE QUE ESPECIFICA\".\r\n"}, {"id": "158", "ano": "2016", "numero": "27", "tipo__sigla": "PLO", "tipo__descricao": "Projeto de Lei Ordin\u00e1ria", "autoria": "Partido Popular Socialista", "texto_original": "http://sapl.buritama.sp.leg.br/media/sapl/public/materialegislativa/2016/158/158_texto_integral.doc", "ementa": "&#8220;DISP\u00d5E SOBRE ALTERA\u00c7\u00c3O DA LEI MUNICIPAL N\u00ba 4.073/2014, QUE AUTORIZA DESAPROPRIA\u00c7\u00c3O POR UTILIDADE P\u00daBLICA, DE FAIXA DE \u00c1REA DE TERRA SITUADA NA ZONA URBANA DESTE MUNIC\u00cdPIO, DE PROPRIEDADE DE ANT\u00d4NIO SEVERINO DA SILVA, ALCIDES DE SOUZA NOBRE, CAROLINA SANCHES RODRIGUES, IZAIR DOS SANTOS TEIXEIRA, E FAIXA DE \u00c1REA DE TERRA SITUADA NA ZONA RURAL DESTE MUNIC\u00cdPIO, DE PROPRIEDADE DE MARIA DE F\u00c1TIMA RIBEIRO GUIMARAES E IZAIR DOS SANTOS TEIXEIRA, TODAS DESTINADAS AO ALARGAMENTO DE VIA P\u00daBLICA, E D\u00c1 OUTRAS PROVID\u00caNCIAS&#8221;.\r\n\r\n"}, {"id": "159", "ano": "2016", "numero": "28", "tipo__sigla": "PLO", "tipo__descricao": "Projeto de Lei Ordin\u00e1ria", "autoria": "Partido Popular Socialista", "texto_original": "http://sapl.buritama.sp.leg.br/media/sapl/public/materialegislativa/2016/159/159_texto_integral.doc", "ementa": "&#8220;DISP\u00d5E SOBRE ABERTURA DE CR\u00c9DITO ADICIONAL ESPECIAL NA IMPORT\u00c2NCIA DE R$ 400.000,00 (QUATROCENTOS MIL REAIS), E D\u00c1 OUTRAS PROVIDENCIAS&#8221;.\r\n\r\n"}, {"id": "160", "ano": "2016", "numero": "29", "tipo__sigla": "PLO", "tipo__descricao": "Projeto de Lei Ordin\u00e1ria", "autoria": "Partido Popular Socialista", "texto_original": "http://sapl.buritama.sp.leg.br/media/sapl/public/materialegislativa/2016/160/160_texto_integral.doc", "ementa": "&#8220;DISP\u00d5E SOBRE ABERTURA DE CR\u00c9DITO ADICIONAL ESPECIAL NA IMPORT\u00c2NCIA DE R$ 56.936,61 (CINQUENTA E SEIS MIL, NOVECENTOS E TRINTA E SEIS REAIS E SESSENTA E UM CENTAVOS), E D\u00c1 OUTRAS PROVIDENCIAS&#8221;.\r\n"}, {"id": "161", "ano": "2016", "numero": "30", "tipo__sigla": "PLO", "tipo__descricao": "Projeto de Lei Ordin\u00e1ria", "autoria": "Partido Popular Socialista", "texto_original": "http://sapl.buritama.sp.leg.br/media/sapl/public/materialegislativa/2016/161/161_texto_integral.doc", "ementa": "&#8220;DISP\u00d5E SOBRE ABERTURA DE CR\u00c9DITO ADICIONAL ESPECIAL NA IMPORT\u00c2NCIA DE R$ 56.936,61 (CINQUENTA E SEIS MIL, NOVECENTOS E TRINTA E SEIS REAIS E SESSENTA E UM CENTAVOS), E D\u00c1 OUTRAS PROVIDENCIAS&#8221;.\r\n"}, {"id": "162", "ano": "2016", "numero": "31", "tipo__sigla": "PLO", "tipo__descricao": "Projeto de Lei Ordin\u00e1ria", "autoria": "Partido Popular Socialista", "texto_original": "http://sapl.buritama.sp.leg.br/media/sapl/public/materialegislativa/2016/162/162_texto_integral.doc", "ementa": "&#8220;DISP\u00d5E SOBRE A OBRIGATORIEDADE DA INSTALA\u00c7\u00c3O DE RECIPIENTES CONTENDO GEL SANITIZANTE (\u00c1LCOOL EM GEL) EM INSTALA\u00c7\u00d5ES P\u00daBLICAS E PRIVADAS, E D\u00c1 OUTRAS PROVID\u00caNCIAS&#8221;.\r\n\r\n"}, {"id": "163", "ano": "2016", "numero": "32", "tipo__sigla": "PLO", "tipo__descricao": "Projeto de Lei Ordin\u00e1ria", "autoria": "Partido Popular Socialista", "texto_original": "http://sapl.buritama.sp.leg.br/media/sapl/public/materialegislativa/2016/163/163_texto_integral.doc", "ementa": "&#8220;DISP\u00d5E SOBRE ALTERA\u00c7\u00c3O NA DESCRI\u00c7\u00c3O DA \u00c1REA DE IM\u00d3VEL, TRATADO NA LEI MUNICIPAL N\u00ba 3.005 DE 28 DE SETEMBRO DE 2004.\r\n"}, {"id": "164", "ano": "2016", "numero": "33", "tipo__sigla": "PLO", "tipo__descricao": "Projeto de Lei Ordin\u00e1ria", "autoria": "Partido Popular Socialista", "texto_original": "http://sapl.buritama.sp.leg.br/media/sapl/public/materialegislativa/2016/164/164_texto_integral.doc", "ementa": "&#8220;DISP\u00d5E SOBRE ABERTURA DE CR\u00c9DITO ADICIONAL ESPECIAL NA IMPORT\u00c2NCIA DE R$ 151.116,66 (CENTO E CINQUENTA E UM MIL, CENTO E ONZE REAIS E SESSENTA E SEIS CENTAVOS), E D\u00c1 OUTRAS PROVIDENCIAS&#8221;.\r\n"}, {"id": "165", "ano": "2016", "numero": "34", "tipo__sigla": "PLO", "tipo__descricao": "Projeto de Lei Ordin\u00e1ria", "autoria": "", "texto_original": "http://sapl.buritama.sp.leg.br/media/sapl/public/materialegislativa/2016/165/165_texto_integral.doc", "ementa": "&#8220;REFORMULA A LEI MUNICIPAL N\u00ba 3.187 DE 04 DE JULHO DE 2008, QUE DISP\u00d5E SOBRE A PROIBI\u00c7\u00c3O DO TR\u00c1FEGO DE VE\u00cdCULOS PESADOS EM VIAS P\u00daBLICAS URBANAS DE NOSSA CIDADE&#8221;.\r\n\r\n"}, {"id": "166", "ano": "2016", "numero": "35", "tipo__sigla": "PLO", "tipo__descricao": "Projeto de Lei Ordin\u00e1ria", "autoria": "Partido Popular Socialista", "texto_original": "http://sapl.buritama.sp.leg.br/media/sapl/public/materialegislativa/2016/166/166_texto_integral.doc", "ementa": "&#8220;DISP\u00d5E SOBRE PERMISS\u00c3O DE UTILIZA\u00c7\u00c3O DE BEM P\u00daBLICO &#8211; \u00c1REA INSTITUCIONAL LOCALIZADA NO LOTEAMENTO PORTAL DA PRAIA, E D\u00c1 OUTRAS PROVID\u00caNCIAS&#8221;.\r\n"}, {"id": "167", "ano": "2016", "numero": "36", "tipo__sigla": "PLO", "tipo__descricao": "Projeto de Lei Ordin\u00e1ria", "autoria": "Partido Popular Socialista", "texto_original": "http://sapl.buritama.sp.leg.br/media/sapl/public/materialegislativa/2016/167/167_texto_integral.doc", "ementa": "&#8220;DISP\u00d5E SOBRE ABERTURA DE CR\u00c9DITO ADICIONAL ESPECIAL NA IMPORT\u00c2NCIA DE R$ 59.329,66 (CINQUENTA E NOVE MIL, TREZENTOS E VINTE E NOVE REAIS E SESSENTA E SEIS CENTAVOS), E D\u00c1 OUTRAS PROVIDENCIAS&#8221;.\r\n\r\n"}, {"id": "168", "ano": "2016", "numero": "37", "tipo__sigla": "PLO", "tipo__descricao": "Projeto de Lei Ordin\u00e1ria", "autoria": "Partido Popular Socialista", "texto_original": "http://sapl.buritama.sp.leg.br/media/sapl/public/materialegislativa/2016/168/168_texto_integral.doc", "ementa": "&#8220;DISP\u00d5E SOBRE ABERTURA DE CR\u00c9DITO ADICIONAL SUPLEMENTAR NA IMPORT\u00c2NCIA DE R$ 329.559,46 (TREZENTOS E VINTE E NOVE REAIS, QUINHENTOS E CINQUENTA E NOVE REAIS E QUARENTA E SEIS CENTAVOS), E D\u00c1 OUTRAS PROVIDENCIAS&#8221;.\r\n"}, {"id": "169", "ano": "2016", "numero": "38", "tipo__sigla": "PLO", "tipo__descricao": "Projeto de Lei Ordin\u00e1ria", "autoria": "Partido Popular Socialista", "texto_original": "http://sapl.buritama.sp.leg.br/media/sapl/public/materialegislativa/2016/169/169_texto_integral.doc", "ementa": "&#8220;DISP\u00d5E SOBRE ABERTURA DE CR\u00c9DITO ADICIONAL SUPLEMENTAR NA IMPORT\u00c2NCIA DE R$ 8.397,92 (OITO MIL, TREZENTOS E NOVENTA E SETE REAIS E NOVENTA E DOIS CENTAVOS), E D\u00c1 OUTRAS PROVIDENCIAS&#8221;.\r\n"}, {"id": "170", "ano": "2016", "numero": "39", "tipo__sigla": "PLO", "tipo__descricao": "Projeto de Lei Ordin\u00e1ria", "autoria": "Partido Popular Socialista", "texto_original": "http://sapl.buritama.sp.leg.br/media/sapl/public/materialegislativa/2016/170/170_texto_integral.doc", "ementa": "&#8220;DISP\u00d5E SOBRE ABERTURA DE CR\u00c9DITO ADICIONAL ESPECIAL NA IMPORT\u00c2NCIA DE R$ 13.588,62 (TREZE MIL, QUINHENTOS E OITENTA E OITO REAIS E SESSENTA E DOIS CENTAVOS), E D\u00c1 OUTRAS PROVIDENCIAS&#8221;.\r\n\r\n"}, {"id": "171", "ano": "2016", "numero": "40", "tipo__sigla": "PLO", "tipo__descricao": "Projeto de Lei Ordin\u00e1ria", "autoria": "Partido Popular Socialista", "texto_original": "http://sapl.buritama.sp.leg.br/media/sapl/public/materialegislativa/2016/171/171_texto_integral.doc", "ementa": "&#8220;DISP\u00d5E SOBRE ABERTURA DE CR\u00c9DITO ADICIONAL ESPECIAL NA IMPORT\u00c2NCIA DE R$ 213,34 (DUZENTOS E TREZE REAIS E TRINTA E QUATRO CENTAVOS), E D\u00c1 OUTRAS PROVIDENCIAS&#8221;.\r\n\r\n"}, {"id": "172", "ano": "2016", "numero": "41", "tipo__sigla": "PLO", "tipo__descricao": "Projeto de Lei Ordin\u00e1ria", "autoria": "Partido Popular Socialista", "texto_original": "http://sapl.buritama.sp.leg.br/media/sapl/public/materialegislativa/2016/172/172_texto_integral.doc", "ementa": "&#8220;DISP\u00d5E SOBRE ABERTURA DE CR\u00c9DITO ADICIONAL SUPLEMENTAR NA IMPORT\u00c2NCIA DE R$ 2.817,70 (DOIS MIL, OITOCENTOS E DEZESSETE REAIS E SETENTA CENTAVOS), E D\u00c1 OUTRAS PROVIDENCIAS&#8221;.\r\n\r\n"}, {"id": "173", "ano": "2016", "numero": "42", "tipo__sigla": "PLO", "tipo__descricao": "Projeto de Lei Ordin\u00e1ria", "autoria": "Partido Popular Socialista", "texto_original": "http://sapl.buritama.sp.leg.br/media/sapl/public/materialegislativa/2016/173/173_texto_integral.doc", "ementa": "&#8220;DISP\u00d5E SOBRE ABERTURA DE CR\u00c9DITO ADICIONAL SUPLEMENTAR NA IMPORT\u00c2NCIA DE R$ 54.108,87 (CINQUENTA E QUATRO MIL, CENTO E OITO REAIS E OITENTA E SETE CENTAVOS), E D\u00c1 OUTRAS PROVIDENCIAS&#8221;.\r\n\r\n"}, {"id": "174", "ano": "2016", "numero": "43", "tipo__sigla": "PLO", "tipo__descricao": "Projeto de Lei Ordin\u00e1ria", "autoria": "Partido Popular Socialista", "texto_original": "http://sapl.buritama.sp.leg.br/media/sapl/public/materialegislativa/2016/174/174_texto_integral.doc", "ementa": "&#8220;DISP\u00d5E SOBRE ABERTURA DE CR\u00c9DITO ADICIONAL ESPECIAL NA IMPORT\u00c2NCIA DE R$ 1.600,00 (HUM MIL E SEISCENTOS REAIS), E D\u00c1 OUTRAS PROVIDENCIAS&#8221;.\r\n\r\n"}, {"id": "175", "ano": "2016", "numero": "44", "tipo__sigla": "PLO", "tipo__descricao": "Projeto de Lei Ordin\u00e1ria", "autoria": "Partido Popular Socialista", "texto_original": "http://sapl.buritama.sp.leg.br/media/sapl/public/materialegislativa/2016/175/175_texto_integral.doc", "ementa": "&#8220;DISP\u00d5E SOBRE ABERTURA DE CR\u00c9DITO ADICIONAL SUPLEMENTAR NA IMPORT\u00c2NCIA DE R$ 1.665.000,00 (HUM MILH\u00c3O, SEISCENTOS E SESSENTA E CINCO MIL REAIS), E D\u00c1 OUTRAS PROVIDENCIAS&#8221;.\r\n"}, {"id": "176", "ano": "2016", "numero": "45", "tipo__sigla": "PLO", "tipo__descricao": "Projeto de Lei Ordin\u00e1ria", "autoria": "Partido Popular Socialista", "texto_original": "http://sapl.buritama.sp.leg.br/media/sapl/public/materialegislativa/2016/176/176_texto_integral.doc", "ementa": "&#8220;DISP\u00d5E SOBRE ABERTURA DE CR\u00c9DITO ADICIONAL SUPLEMENTA\u00c7\u00c3O NA IMPORT\u00c2NCIA DE R$ 105.000,00 (CENTO E CINCO MIL REAIS), E D\u00c1 OUTRAS PROVIDENCIAS&#8221;.\r\n"}, {"id": "178", "ano": "2016", "numero": "46", "tipo__sigla": "PLO", "tipo__descricao": "Projeto de Lei Ordin\u00e1ria", "autoria": "Partido Popular Socialista", "texto_original": "http://sapl.buritama.sp.leg.br/media/sapl/public/materialegislativa/2016/178/178_texto_integral.doc", "ementa": "&#8220;DISP\u00d5E SOBRE DOA\u00c7\u00c3O DE BEM IM\u00d3VEL DE PROPRIEDADE DO MUNIC\u00cdPIO DE BURITAMA, PARA A FAZENDA P\u00daBLICA ESTADUAL, COM AFETA\u00c7\u00c3O PARA O MINIST\u00c9RIO P\u00daBLICO DO ESTADO DE S\u00c3O PAULO, E D\u00c1 OUTRAS PROVID\u00caNCIAS&#8221;.\r\n\r\n"}, {"id": "179", "ano": "2016", "numero": "47", "tipo__sigla": "PLO", "tipo__descricao": "Projeto de Lei Ordin\u00e1ria", "autoria": "", "texto_original": "http://sapl.buritama.sp.leg.br/media/sapl/public/materialegislativa/2016/179/179_texto_integral.doc", "ementa": "&#8220;DISP\u00d5E SOBRE ALTERA\u00c7\u00c3O DA LEI MUNICIPAL N\u00ba 3.802/2012 QUE TRATA SOBRE A CRIA\u00c7\u00c3O DA FUN\u00c7\u00c3O GRATIFICADA DE DENTISTA DO PSF &#8211; PROGRAMA SA\u00daDE DA FAM\u00cdLIA&#8221;.\r\n\r\n"}, {"id": "180", "ano": "2016", "numero": "48", "tipo__sigla": "PLO", "tipo__descricao": "Projeto de Lei Ordin\u00e1ria", "autoria": "Partido Popular Socialista", "texto_original": "http://sapl.buritama.sp.leg.br/media/sapl/public/materialegislativa/2016/180/180_texto_integral.doc", "ementa": "&#8220;AUTORIZA O EXECUTIVO MUNICIPAL A FIRMAR CONVENIO DE COOPERA\u00c7\u00c3O PARA INTERC\u00c2MBIO DE INFORMA\u00c7\u00d5ES POR MEIO ELETR\u00d4NICO COM A ASSOCIA\u00c7\u00c3O DOS REGISTRADORES IMOBILI\u00c1RIOS DE S\u00c3O PAULO - ARISP, E D\u00c1 OUTRAS PROVIDENCIAS&#8221;.\r\n\r\n\r\n"}, {"id": "215", "ano": "2016", "numero": "49", "tipo__sigla": "PLO", "tipo__descricao": "Projeto de Lei Ordin\u00e1ria", "autoria": "Partido Popular Socialista", "texto_original": "http://sapl.buritama.sp.leg.br/media/sapl/public/materialegislativa/2016/215/215_texto_integral.doc", "ementa": "DISP\u00d5E SOBRE ALTERA\u00c7\u00c3O DA LEI MUNICIPAL N\u00ba 3.802/2012 QUE TRATA SOBRE A CRIA\u00c7\u00c3O DA FUN\u00c7\u00c3O GRATIFICADA DE DENTISTA DO PSF &#8211; PROGRAMA SA\u00daDE DA FAM\u00cdLIA&#8221;.\r\n\r\n"}, {"id": "216", "ano": "2016", "numero": "50", "tipo__sigla": "PLO", "tipo__descricao": "Projeto de Lei Ordin\u00e1ria", "autoria": "Partido Popular Socialista", "texto_original": "http://sapl.buritama.sp.leg.br/media/sapl/public/materialegislativa/2016/216/216_texto_integral.doc", "ementa": "\r\n&#8220;AUTORIZA O EXECUTIVO MUNICIPAL A FIRMAR CONVENIO COM O SISEMA &#8211; SINDICATO DOS SERVIDORES MUNICIPAIS DE ARA\u00c7ATUBA E REGI\u00c3O, E D\u00c1 OUTRAS PROVIDENCIAS&#8221;.\r\n\r\n"}, {"id": "217", "ano": "2016", "numero": "51", "tipo__sigla": "PLO", "tipo__descricao": "Projeto de Lei Ordin\u00e1ria", "autoria": "Partido Popular Socialista", "texto_original": "http://sapl.buritama.sp.leg.br/media/sapl/public/materialegislativa/2016/217/217_texto_integral.doc", "ementa": "\"DISP\u00d5E SOBRE CONCESS\u00c3O DE SUBVEN\u00c7\u00c3O SOCIAL PARA O EXERC\u00cdCIO DE 2016, \u00c0 ENTIDADE QUE ESPECIFICA\"."}, {"id": "235", "ano": "2016", "numero": "52", "tipo__sigla": "PLO", "tipo__descricao": "Projeto de Lei Ordin\u00e1ria", "autoria": "Partido Popular Socialista", "texto_original": "http://sapl.buritama.sp.leg.br/media/sapl/public/materialegislativa/2016/235/235_texto_integral.doc", "ementa": "DISP\u00d5E SOBRE ABERTURA DE CR\u00c9DITO ADICIONAL SUPLEMENTAR NA IMPORT\u00c2NCIA DE R$. 240.000,00, VISANDO SUPRIR DESPESAS COM CONTAS TELEF\u00d4NICAS, FOLHA DE PAGAMENTO, IPREM, EM DIVERSOS DEPARTAMENTOS DA ADMINISTRA\u00c7\u00c3O, E D\u00c1 OUTRAS PROVID\u00caNCIAS"}, {"id": "236", "ano": "2016", "numero": "53", "tipo__sigla": "PLO", "tipo__descricao": "Projeto de Lei Ordin\u00e1ria", "autoria": "Partido Popular Socialista", "texto_original": "http://sapl.buritama.sp.leg.br/media/sapl/public/materialegislativa/2016/236/236_texto_integral.doc", "ementa": "DISP\u00d5E SOBRE ABERTURA DE CR\u00c9DITO ADICIONAL SUPLEMENTAR NA IMPORT\u00c2NCIA DE R$. 5000.000,00, VISANDO ATENDER DEMANDA DO SAAEMB, SOLICITADA POR AQUELA AUTARQUIA, E D\u00c1 OUTRAS PROVID\u00caNCIAS"}, {"id": "237", "ano": "2016", "numero": "54", "tipo__sigla": "PLO", "tipo__descricao": "Projeto de Lei Ordin\u00e1ria", "autoria": "Partido Popular Socialista", "texto_original": "http://sapl.buritama.sp.leg.br/media/sapl/public/materialegislativa/2016/237/237_texto_integral.doc", "ementa": "DISP\u00d5E SOBRE ABERTURA DE CR\u00c9DITO ADICIONAL ESPECIAL NA IMPORT\u00c2NCIA DE R$. 20.548,91, VISANDO ATENDER DEMANDA DO DEPARTAMENTO MUNICIPAL DA EDUCA\u00c7\u00c3O, E D\u00c1 OUTRAS PROVID\u00caNCIAS"}, {"id": "238", "ano": "2016", "numero": "55", "tipo__sigla": "PLO", "tipo__descricao": "Projeto de Lei Ordin\u00e1ria", "autoria": "Partido Popular Socialista", "texto_original": "http://sapl.buritama.sp.leg.br/media/sapl/public/materialegislativa/2016/238/238_texto_integral.doc", "ementa": "DISP\u00d5E SOBRE ABERTURA DE CR\u00c9DITO ADICIONAL ESPECIAL NA  IMPORT\u00c2NCIA DE R$. 157.740,00, VISANDO ATENDER DEMANDA DO DEPARTAMENTO MUNICIPAL DA EDUCA\u00c7\u00c3O, E D\u00c1 OUTRAS PROVID\u00caNCIAS"}, {"id": "239", "ano": "2016", "numero": "56", "tipo__sigla": "PLO", "tipo__descricao": "Projeto de Lei Ordin\u00e1ria", "autoria": "Partido Popular Socialista", "texto_original": "http://sapl.buritama.sp.leg.br/media/sapl/public/materialegislativa/2016/239/239_texto_integral.doc", "ementa": "DISP\u00d5E SOBRE ABERTURA DE CR\u00c9DITO ADICIONAL SUPLEMENTAR NA IMPORT\u00c2NCIA DE R$. 70.400,00, PARA CUSTEAR DESPESAS DO DEPARTAMENTO MUNICIPAL DA EDUCA\u00c7\u00c3O, E D\u00c1 OUTRAS PROVID\u00caNCIAS"}, {"id": "240", "ano": "2016", "numero": "57", "tipo__sigla": "PLO", "tipo__descricao": "Projeto de Lei Ordin\u00e1ria", "autoria": "Partido Popular Socialista", "texto_original": "http://sapl.buritama.sp.leg.br/media/sapl/public/materialegislativa/2016/240/240_texto_integral.doc", "ementa": "DISP\u00d5E SOBRE ABERTURA DE CR\u00c9DITO ADICIONAL SUPLEMENTAR NA IMPORT\u00c2NCIA DE R$. 490.000,00, VISANDO SUPRIR DESPESAS COM FOLHA DE PAGAMENTO DO DEPARTAMENTO MUNICIPAL DA EDUCA\u00c7\u00c3O, E D\u00c1 OUTRAS PROVID\u00caNCIAS"}, {"id": "255", "ano": "2016", "numero": "58", "tipo__sigla": "PLO", "tipo__descricao": "Projeto de Lei Ordin\u00e1ria", "autoria": "Partido Popular Socialista", "texto_original": "http://sapl.buritama.sp.leg.br/media/sapl/public/materialegislativa/2016/255/255_texto_integral.doc", "ementa": "DISP\u00d5E SOBRE PERMISS\u00c3O DE USO DE EQUIPAMENTO A CASA DA AGRICULTURA LOCAL, E D\u00c1 OUTRAS PROVID\u00caNCIAS"}, {"id": "256", "ano": "2016", "numero": "59", "tipo__sigla": "PLO", "tipo__descricao": "Projeto de Lei Ordin\u00e1ria", "autoria": "Partido Popular Socialista", "texto_original": "http://sapl.buritama.sp.leg.br/media/sapl/public/materialegislativa/2016/256/256_texto_integral.doc", "ementa": "DISP\u00d5E SOBRE ABERTURA DE CR\u00c9DITO ADICIONAL ESPECIAL SUPLEMENTAR NA IMPORT\u00c2NCIA DE R$ 88.818,23 (OITENTA E OITO MIL, OITOCENTOS E DEZOITO REAIS E VINTE E TR\u00caS CENTAVOS), E D\u00c1 OUTRAS PROVIDENCIAS"}, {"id": "257", "ano": "2016", "numero": "60", "tipo__sigla": "PLO", "tipo__descricao": "Projeto de Lei Ordin\u00e1ria", "autoria": "Partido Popular Socialista", "texto_original": "http://sapl.buritama.sp.leg.br/media/sapl/public/materialegislativa/2016/257/257_texto_integral.doc", "ementa": "REFORMULA A LEI MUNICIPAL N\u00ba 3.187 DE 04 DE JULHO DE 2008, QUE DISP\u00d5E SOBRE A PROIBI\u00c7\u00c3O DO TR\u00c1FEGO DE VE\u00cdCULOS PESADOS EM VIAS P\u00daBLICAS URBANAS DE NOSSA CIDADE"}, {"id": "258", "ano": "2016", "numero": "61", "tipo__sigla": "PLO", "tipo__descricao": "Projeto de Lei Ordin\u00e1ria", "autoria": "Partido Popular Socialista", "texto_original": "http://sapl.buritama.sp.leg.br/media/sapl/public/materialegislativa/2016/258/258_texto_integral.doc", "ementa": "DISP\u00d5E SOBRE ABERTURA DE CR\u00c9DITO ADICIONAL ESPECIAL SUPLEMENTAR NA IMPORT\u00c2NCIA DE R$ 6.667,42 (SEIS MIL, SEISCENTOS E SESSENTA E SETE REAIS E QUARENTE E DOIS CENTAVOS), E D\u00c1 OUTRAS PROVIDENCIAS"}, {"id": "259", "ano": "2016", "numero": "62", "tipo__sigla": "PLO", "tipo__descricao": "Projeto de Lei Ordin\u00e1ria", "autoria": "Partido Popular Socialista", "texto_original": "http://sapl.buritama.sp.leg.br/media/sapl/public/materialegislativa/2016/259/259_texto_integral.doc", "ementa": "DISP\u00d5E SOBRE ABERTURA DE CR\u00c9DITO ADICIONAL ESPECIAL SUPLEMENTAR NA IMPORT\u00c2NCIA DE R$ 6.921,20 (SEIS MIL, NOVECENTOS E VINTE E UM REAIS E VINTE CENTAVOS), E D\u00c1 OUTRAS PROVIDENCIAS"}, {"id": "272", "ano": "2016", "numero": "63", "tipo__sigla": "PLO", "tipo__descricao": "Projeto de Lei Ordin\u00e1ria", "autoria": "Partido Popular Socialista", "texto_original": "http://sapl.buritama.sp.leg.br/media/sapl/public/materialegislativa/2016/272/272_texto_integral.doc", "ementa": "AUTORIZA O PODER EXECUTIVO MUNICIPAL A RECEBER MUDAS DE ARVORES NATIVAS DA EMPRESA FLORA TIETE ASSOCIA\u00c7\u00c3O DE RECUPERA\u00c7\u00c3O FLORESTAL DE PEN\u00c1POLIS - ESTADO DE S\u00c3O PAULO, E DA OUTRAS PROVIDENCIAS."}, {"id": "273", "ano": "2016", "numero": "64", "tipo__sigla": "PLO", "tipo__descricao": "Projeto de Lei Ordin\u00e1ria", "autoria": "Partido Popular Socialista", "texto_original": "http://sapl.buritama.sp.leg.br/media/sapl/public/materialegislativa/2016/273/273_texto_integral.doc", "ementa": "DISPOE SOBRE ALTERA\u00c7AO DA LEI MUNICIPAL N\u00ba 3.956 QUE TRATA SOBRE ALTERA DESTINA\u00c7AO ORIGINARIA DA AREA INSTITUCIONAL DO PARQUE INDUSTRIAL ELIZIARIO SEVERINO PEREIRA, E DA OUTRAS PROVIDENCIAS."}, {"id": "284", "ano": "2016", "numero": "65", "tipo__sigla": "PLO", "tipo__descricao": "Projeto de Lei Ordin\u00e1ria", "autoria": "Partido Popular Socialista", "texto_original": "http://sapl.buritama.sp.leg.br/media/sapl/public/materialegislativa/2016/284/284_texto_integral.doc", "ementa": "DISP\u00d5E SOBRE ABERTURA DE CR\u00c9DITO ADICIONAL ESPECIAL NA IMPORT\u00c2NCIA DE R$ 147.420,00 (CENTO E QUARENTA E SETE MIL, QUATROCENTOS E VINTE REAIS), E D\u00c1 OUTRAS PROVID\u00caNCIAS."}, {"id": "285", "ano": "2016", "numero": "66", "tipo__sigla": "PLO", "tipo__descricao": "Projeto de Lei Ordin\u00e1ria", "autoria": "Partido Popular Socialista", "texto_original": "http://sapl.buritama.sp.leg.br/media/sapl/public/materialegislativa/2016/285/285_texto_integral.doc", "ementa": "DISP\u00d5E SOBRE ABERTURA DE CR\u00c9DITO ADICIONAL ESPECIAL NA IMPORT\u00c2NCIA DE R$ 18.000,00 (DEZOITO  MIL REAIS), E D\u00c1 OUTRAS PROVID\u00caNCIAS."}, {"id": "286", "ano": "2016", "numero": "67", "tipo__sigla": "PLO", "tipo__descricao": "Projeto de Lei Ordin\u00e1ria", "autoria": "Partido Popular Socialista", "texto_original": "http://sapl.buritama.sp.leg.br/media/sapl/public/materialegislativa/2016/286/286_texto_integral.doc", "ementa": "DISP\u00d5E SOBRE ABERTURA DE CR\u00c9DITO ADICIONAL SUPLEMENTAR NA IMPORT\u00c2NCIA DE R$ 135.000,00 (CENTO E TRINTA E CINCO MIL REAIS), E D\u00c1 OUTRAS PROVID\u00caNCIAS."}, {"id": "287", "ano": "2016", "numero": "68", "tipo__sigla": "PLO", "tipo__descricao": "Projeto de Lei Ordin\u00e1ria", "autoria": "Partido Popular Socialista", "texto_original": "http://sapl.buritama.sp.leg.br/media/sapl/public/materialegislativa/2016/287/287_texto_integral.doc", "ementa": "DISP\u00d5E SOBRE ABERTURA DE CR\u00c9DITO ADICIONAL SUPLEMENTAR NA IMPORT\u00c2NCIA DE R$ 82.000,00 (OITENTA E DOIS MIL REAIS), E D\u00c1 OUTRAS PROVID\u00caNCIAS."}, {"id": "288", "ano": "2016", "numero": "69", "tipo__sigla": "PLO", "tipo__descricao": "Projeto de Lei Ordin\u00e1ria", "autoria": "Partido Popular Socialista", "texto_original": "http://sapl.buritama.sp.leg.br/media/sapl/public/materialegislativa/2016/288/288_texto_integral.doc", "ementa": "DISP\u00d5E SOBRE ABERTURA DE CR\u00c9DITO ADICIONAL ESPECIAL NA IMPORT\u00c2NCIA DE R$ 9.576,94 (NOVE MIL, QUINHENTOS E SETENTA E SEIS REAIS E NOVENTA E QUATRO CENTAVOS), E D\u00c1 OUTRAS PROVID\u00caNCIAS."}, {"id": "289", "ano": "2016", "numero": "70", "tipo__sigla": "PLO", "tipo__descricao": "Projeto de Lei Ordin\u00e1ria", "autoria": "Partido Popular Socialista", "texto_original": "http://sapl.buritama.sp.leg.br/media/sapl/public/materialegislativa/2016/289/289_texto_integral.doc", "ementa": "DISP\u00d5E SOBRE ABERTURA DE CR\u00c9DITO ADICIONAL ESPECIAL NA IMPORT\u00c2NCIA DE R$ 2.132,78 (DOIS MIL, CENTO E TRINTA E DOIS REAIS E SETENTA E OITO CENTAVOS), E D\u00c1 OUTRAS PROVID\u00caNCIAS."}, {"id": "290", "ano": "2016", "numero": "71", "tipo__sigla": "PLO", "tipo__descricao": "Projeto de Lei Ordin\u00e1ria", "autoria": "Partido Popular Socialista", "texto_original": "http://sapl.buritama.sp.leg.br/media/sapl/public/materialegislativa/2016/290/290_texto_integral.doc", "ementa": "DISP\u00d5E SOBRE ABERTURA DE CR\u00c9DITO ADICIONAL ESPECIAL NA IMPORT\u00c2NCIA DE R$ 59.138,81 (CINQUENTA E NOVE MIL, CENTO E TRINTA E OITO REAIS E OITENTA E UM CENTAVOS), E D\u00c1 OUTRAS PROVID\u00caNCIAS."}, {"id": "291", "ano": "2016", "numero": "72", "tipo__sigla": "PLO", "tipo__descricao": "Projeto de Lei Ordin\u00e1ria", "autoria": "Partido Popular Socialista", "texto_original": "http://sapl.buritama.sp.leg.br/media/sapl/public/materialegislativa/2016/291/291_texto_integral.doc", "ementa": "DISP\u00d5E SOBRE ABERTURA DE CR\u00c9DITO ADICIONAL ESPECIAL NA IMPORT\u00c2NCIA DE R$ 5.235,95 (CINCO MIL, DUZENTOS E TRINTA E CINCO REAIS E NOVENTA E CINCO CENTAVOS), E D\u00c1 OUTRAS PROVID\u00caNCIAS."}, {"id": "294", "ano": "2016", "numero": "73", "tipo__sigla": "PLO", "tipo__descricao": "Projeto de Lei Ordin\u00e1ria", "autoria": "Partido Popular Socialista", "texto_original": "http://sapl.buritama.sp.leg.br/media/sapl/public/materialegislativa/2016/294/294_texto_integral.doc", "ementa": "QUE DISP\u00d5E SOBRE PERMISS\u00c3O DE UTILIZA\u00c7\u00c3O DE BEM P\u00daBLICO - \u00c1REA INSTITUCIONAL LOCALIZADA NO LOTEAMENTO RESIDENCIAL MARBELLA, E D\u00c1 OUTRAS PROVID\u00caNCIAS"}, {"id": "295", "ano": "2016", "numero": "74", "tipo__sigla": "PLO", "tipo__descricao": "Projeto de Lei Ordin\u00e1ria", "autoria": "Partido Popular Socialista", "texto_original": "http://sapl.buritama.sp.leg.br/media/sapl/public/materialegislativa/2016/295/295_texto_integral.doc", "ementa": "QUE AUTORIZA O PODER EXECUTIVO MUNICIPAL A DOAR A EMPRESA NEGRISOLI COM\u00c9RCIO E LOCA\u00c7\u00c3O DE TRATORES E IMPLEMENTOS AGR\u00cdCOLAS EIRELI - ME., LOTE 08, DA QUADRA \"A\" DO PARQUE INDUSTRIAL ELIZI\u00c1RIO SEVERINO PEREIRA, E A RECEBER EM DOA\u00c7\u00c3O RECURSOS FINANCEIROS EQUIVALENTES A AVALIA\u00c7\u00c3O DA BENFEITORIA NO REFERIDO LOTE, E D\u00c1 OUTRAS PROVID\u00caNCIAS"}, {"id": "302", "ano": "2016", "numero": "75", "tipo__sigla": "PLO", "tipo__descricao": "Projeto de Lei Ordin\u00e1ria", "autoria": "Partido Popular Socialista", "texto_original": "http://sapl.buritama.sp.leg.br/media/", "ementa": "ESTIMA A RECEITA E FIXA A DESPESA DO MUNIC\u00cdPIO DE BURITAMA, PARA O EXERC\u00cdCIO DE 2017."}, {"id": "305", "ano": "2016", "numero": "76", "tipo__sigla": "PLO", "tipo__descricao": "Projeto de Lei Ordin\u00e1ria", "autoria": "Partido Popular Socialista", "texto_original": "http://sapl.buritama.sp.leg.br/media/sapl/public/materialegislativa/2016/305/305_texto_integral.doc", "ementa": "PROJETO DE LEI N\u00ba 76/16 - AUTORIA: PODER EXECUTIVO MUNICIPAL, QUE AUTORIZA O PODER EXECUTIVO MUNICIPAL A RECEBER DA EMPRESA NEGRISOLI COM\u00c9RCIO E LOCA\u00c7\u00c3O DE TRATORES E IMPLEMENTOS AGR\u00cdCOLAS EIRELI-ME, RECURSOS FINANCEIROS EQUIVALENTES A AVALIA\u00c7\u00c3O DA BENFEITORIA CONSTRU\u00cdDA NO LOTE 08, QUADRA &#8220;A&#8221; DO PARQUE INDUSTRIAL ELIZI\u00c1RIO SEVERINO PEREIRA, E D\u00c1 OUTRAS PROVID\u00caNCIAS;"}, {"id": "306", "ano": "2016", "numero": "77", "tipo__sigla": "PLO", "tipo__descricao": "Projeto de Lei Ordin\u00e1ria", "autoria": "Partido Popular Socialista", "texto_original": "http://sapl.buritama.sp.leg.br/media/sapl/public/materialegislativa/2016/306/306_texto_integral.doc", "ementa": "PROJETO DE LEI N\u00ba 77/16 - AUTORIA:  PODER EXECUTIVO MUNICIPAL, QUE DISP\u00d5E SOBRE ABERTURA DE CR\u00c9DITO ADICIONAL SUPLEMENTAR NA IMPORT\u00c2NCIA DE R$. 275.000,00, E D\u00c1 OUTRAS PROVID\u00caNCIAS;"}, {"id": "307", "ano": "2016", "numero": "78", "tipo__sigla": "PLO", "tipo__descricao": "Projeto de Lei Ordin\u00e1ria", "autoria": "Partido Popular Socialista", "texto_original": "http://sapl.buritama.sp.leg.br/media/sapl/public/materialegislativa/2016/307/307_texto_integral.doc", "ementa": "PROJETO DE LEI N\u00ba 78/16 - AUTORIA: PODER EXECUTIVO MUNICIPAL, QUE DISP\u00d5E SOBRE ABERTURA DE CR\u00c9DITO ADICIONAL SUPLEMENTAR NA IMPORT\u00c2NCIA DE R$. 165.000,00, E D\u00c1 OUTRAS PROVID\u00caNCIAS"}, {"id": "308", "ano": "2016", "numero": "79", "tipo__sigla": "PLO", "tipo__descricao": "Projeto de Lei Ordin\u00e1ria", "autoria": "Partido Popular Socialista", "texto_original": "http://sapl.buritama.sp.leg.br/media/sapl/public/materialegislativa/2016/308/308_texto_integral.doc", "ementa": "PROJETO DE LEI N\u00ba 79/16 - AUTORIA: PODER EXECUTIVO MUNICIPAL, QUE DISP\u00d5E SOBRE ABERTURA DE CR\u00c9DITO ADICIONAL SUPLEMENTAR NA IMPORT\u00c2NCIA DE R$. 260.000,00, E D\u00c1 OUTRAS PROVID\u00caNCIAS"}, {"id": "309", "ano": "2016", "numero": "80", "tipo__sigla": "PLO", "tipo__descricao": "Projeto de Lei Ordin\u00e1ria", "autoria": "Partido Popular Socialista", "texto_original": "http://sapl.buritama.sp.leg.br/media/sapl/public/materialegislativa/2016/309/309_texto_integral.doc", "ementa": "PROJETO DE LEI N\u00ba 80/16 - AUTORIA: PODER EXECUTIVO MUNICIPAL, QUE DISP\u00d5E SOBRE ABERTURA DE CR\u00c9DITO ADICIONAL SUPLEMENTAR IMPORT\u00c2NCIA DE R$. 100.000,00, E D\u00c1 OUTRAS PROVID\u00caNCIAS"}, {"id": "333", "ano": "2016", "numero": "81", "tipo__sigla": "PLO", "tipo__descricao": "Projeto de Lei Ordin\u00e1ria", "autoria": "Partido Popular Socialista", "texto_original": "http://sapl.buritama.sp.leg.br/media/sapl/public/materialegislativa/2016/333/333_texto_integral.doc", "ementa": "DISP\u00d5E SOBRE ABERTURA DE CR\u00c9DITO ADICIONAL SUPLEMENTAR NA IMPORT\u00c2NCIA DE R$. 26.640,00, E D\u00c1 OUTRAS PROVID\u00caNCIAS"}, {"id": "334", "ano": "2016", "numero": "82", "tipo__sigla": "PLO", "tipo__descricao": "Projeto de Lei Ordin\u00e1ria", "autoria": "Partido Popular Socialista", "texto_original": "http://sapl.buritama.sp.leg.br/media/sapl/public/materialegislativa/2016/334/334_texto_integral.doc", "ementa": "DISP\u00d5E SOBRE ABERTURA DE CR\u00c9DITO ADICIONAL SUPLEMENTAR NA IMPORT\u00c2NCIA DE R$. 15.000,00, E D\u00c1 OUTRAS PROVID\u00caNCIAS."}, {"id": "335", "ano": "2016", "numero": "83", "tipo__sigla": "PLO", "tipo__descricao": "Projeto de Lei Ordin\u00e1ria", "autoria": "Partido Popular Socialista", "texto_original": "http://sapl.buritama.sp.leg.br/media/sapl/public/materialegislativa/2016/335/335_texto_integral.doc", "ementa": "DISP\u00d5E SOBRE ABERTURA DE CR\u00c9DITO ADICIONAL SUPLEMENTAR NA IMPORT\u00c2NCIA DE R$. 500.000,00, E D\u00c1 OUTRAS PROVID\u00caNCIAS"}, {"id": "349", "ano": "2016", "numero": "84", "tipo__sigla": "PLO", "tipo__descricao": "Projeto de Lei Ordin\u00e1ria", "autoria": "Partido Popular Socialista", "texto_original": "http://sapl.buritama.sp.leg.br/media/sapl/public/materialegislativa/2016/349/349_texto_integral.doc", "ementa": "PROJETO DE LEI N\u00ba 84/16, QUE DISP\u00d5E SOBRE ABERTURA DE CR\u00c9DITO ADICIONAL SUPLEMENTAR NA IMPORT\u00c2NCIA DE R$. 110.000,00, E D\u00c1 OUTRAS PROVID\u00caNCIAS;"}, {"id": "350", "ano": "2016", "numero": "85", "tipo__sigla": "PLO", "tipo__descricao": "Projeto de Lei Ordin\u00e1ria", "autoria": "Partido Popular Socialista", "texto_original": "http://sapl.buritama.sp.leg.br/media/sapl/public/materialegislativa/2016/350/350_texto_integral.doc", "ementa": " PROJETO DE LEI N\u00ba 85/16, QUE DISP\u00d5E SOBRE CONCESS\u00c3O DE SUBVEN\u00c7\u00c3O SOCIAL NA IMPORT\u00c2NCIA DE R$. 20.000,00 \u00c0 SOCIEDADE ESP\u00cdRITA REDEN\u00c7\u00c3O - REPASSE FEDERAL; "}, {"id": "351", "ano": "2016", "numero": "86", "tipo__sigla": "PLO", "tipo__descricao": "Projeto de Lei Ordin\u00e1ria", "autoria": "Partido Popular Socialista", "texto_original": "http://sapl.buritama.sp.leg.br/media/sapl/public/materialegislativa/2016/351/351_texto_integral.doc", "ementa": "PROJETO DE LEI N\u00ba 86/16, QUE DISP\u00d5E SOBRE CONCESS\u00c3O DE SUBVEN\u00c7\u00c3O SOCIAL NA IMPORT\u00c2NCIA DE R$. 37.000,00 AO LAR DOS VELHOS S\u00c3O CAMILO DE LELES DE BURITAMA E R$. 6.000,00 \u00c0 ASSOCIA\u00c7\u00c3O DE PAIS E AMIGOS EXCEPCIONAIS DE ARA\u00c7ATUBA"}, {"id": "352", "ano": "2016", "numero": "87", "tipo__sigla": "PLO", "tipo__descricao": "Projeto de Lei Ordin\u00e1ria", "autoria": "Partido Popular Socialista", "texto_original": "http://sapl.buritama.sp.leg.br/media/sapl/public/materialegislativa/2016/352/352_texto_integral.doc", "ementa": "QUE DISP\u00d5E SOBRE ALTERA\u00c7\u00c3O DA LEI MUNICIPAL N\u00ba 4.073/14 QUE AUTORIZA DESAPROPRIA\u00c7\u00c3O POR UTILIDADE P\u00daBLICA, DE FAIXA DE TERRA SITUADA NA ZONA URBANA DESTE MUNIC\u00cdPIO, DE PROPRIEDADE DE ANTONIO SEVERINO DA SILVA, ALCIDES DE SOUZA NOBRE, CAROLINA SANCHES RODRIGUES, IZAIR DOS SANTOS TEIXEIRA, E FAIXA DE TERRA SITUADA NA ZONA RURAL DESTE MUNIC\u00cdPIO, DE PROPRIEDADE DE MARIA DE F\u00c1TIMA RIBEIRO GUIMAR\u00c3ES E IZAIR DOS SANTOS TEIXEIRA, TODAS DESTINADAS AO ALARGAMENTO DE VIA P\u00daBLICA, E D\u00c1 OUTRAS PROVID\u00caNCIAS."}, {"id": "353", "ano": "2016", "numero": "88", "tipo__sigla": "PLO", "tipo__descricao": "Projeto de Lei Ordin\u00e1ria", "autoria": "Partido Popular Socialista", "texto_original": "http://sapl.buritama.sp.leg.br/media/sapl/public/materialegislativa/2016/353/353_texto_integral.doc", "ementa": "QUE DISP\u00d5E SOBRE ABERTURA DE CR\u00c9DITO ADICIONAL SUPLEMENTAR NA IMPORT\u00c2NCIA DE R$. 813.500,00, E D\u00c1 OUTRAS PROVID\u00caNCIAS"}, {"id": "354", "ano": "2016", "numero": "89", "tipo__sigla": "PLO", "tipo__descricao": "Projeto de Lei Ordin\u00e1ria", "autoria": "Partido Popular Socialista", "texto_original": "http://sapl.buritama.sp.leg.br/media/sapl/public/materialegislativa/2016/354/354_texto_integral.doc", "ementa": "QUE DISP\u00d5E SOBRE ABERTURA DE CR\u00c9DITO ADICIONAL SUPLEMENTAR NA IMPORT\u00c2NCIA DE R$. 44.000,00, EM DOTA\u00c7\u00d5ES CONSTANTES DO OR\u00c7AMENTO EM VIGOR DE ACORDO COMA LEI FEDERAL N\u00ba 4.320/64"}, {"id": "355", "ano": "2016", "numero": "90", "tipo__sigla": "PLO", "tipo__descricao": "Projeto de Lei Ordin\u00e1ria", "autoria": "Partido Popular Socialista", "texto_original": "http://sapl.buritama.sp.leg.br/media/sapl/public/materialegislativa/2016/355/355_texto_integral.doc", "ementa": "DISP\u00d5E SOBRE ALTERA\u00c7\u00c3O DOS ANEXOS DA LEI DE DIRETRIZES OR\u00c7AMENT\u00c1RIAS PARA O EXERC\u00cdCIO DE 2017 E DO PLANO PLURIANUAL PARA QUADRI\u00caNIO DE 2014 A 2017."}, {"id": "356", "ano": "2016", "numero": "91", "tipo__sigla": "PLO", "tipo__descricao": "Projeto de Lei Ordin\u00e1ria", "autoria": "Partido Popular Socialista", "texto_original": "http://sapl.buritama.sp.leg.br/media/sapl/public/materialegislativa/2016/356/356_texto_integral.doc", "ementa": "QUE DISP\u00d5E SOBRE REVOGA\u00c7\u00c3O DA LEI MUNICIPAL N\u00ba 4.300, DE 09 DE SETEMBRO DE 2016, QUE TRATA SOBRE DENOMINA\u00c7\u00c3O DE VIAS P\u00daBLICAS DO LOTEAMENTO RESIDENCIAL JARDIM S\u00c3O JOS\u00c9 DE NOSSO MUNIC\u00cdPIO"}, {"id": "357", "ano": "2016", "numero": "92", "tipo__sigla": "PLO", "tipo__descricao": "Projeto de Lei Ordin\u00e1ria", "autoria": "Partido Popular Socialista", "texto_original": "http://sapl.buritama.sp.leg.br/media/sapl/public/materialegislativa/2016/357/357_texto_integral.doc", "ementa": "QUE DISP\u00d5E SOBRE ABERTURA DE CR\u00c9DITO ADICIONAL SUPLEMENTAR NA IMPORT\u00c2NCIA DE R$. 160.000,00, VISANDO ATENDER DEMANDA DO SAAEMB-SERVI\u00c7O AUT\u00d4NOMO DE \u00c1GUA E ESGOTO DO MUNIC\u00cdPIO DE BURITAMA"}, {"id": "358", "ano": "2016", "numero": "93", "tipo__sigla": "PLO", "tipo__descricao": "Projeto de Lei Ordin\u00e1ria", "autoria": "Partido Popular Socialista", "texto_original": "http://sapl.buritama.sp.leg.br/media/sapl/public/materialegislativa/2016/358/358_texto_integral.doc", "ementa": "QUE DISP\u00d5E SOBRE SUPLEMENTA\u00c7\u00c3O DE DOTA\u00c7\u00d5ES OR\u00c7AMENT\u00c1RIAS NO M\u00caS DE DEZEMBRO DE 2016, VISANDO SUPRIR DESPESAS COM FOLHA DE PAGAMENTO E ENCARGOS PREVIDENCI\u00c1RIOS"}, {"id": "360", "ano": "2016", "numero": "94", "tipo__sigla": "PLO", "tipo__descricao": "Projeto de Lei Ordin\u00e1ria", "autoria": "", "texto_original": "http://sapl.buritama.sp.leg.br/media/sapl/public/materialegislativa/2016/360/360_texto_integral.doc", "ementa": "DISP\u00d5E SOBRE ALTERA\u00c7\u00c3O NA DESCRI\u00c7\u00c3O DA \u00c1REA DE IM\u00d3VEL, TRATADO NA LEI MUNICIPAL N\u00ba 3.005 DE 28 DE SETEMBRO DE 2004."}, {"id": "362", "ano": "2016", "numero": "95", "tipo__sigla": "PLO", "tipo__descricao": "Projeto de Lei Ordin\u00e1ria", "autoria": "", "texto_original": "http://sapl.buritama.sp.leg.br/media/", "ementa": "QUE DISP\u00d5E SOBRE CONCESS\u00c3O DE SUBVEN\u00c7\u00c3O SOCIAL NA IMPORT\u00c2NCIA DE R$. 2.500,00 \u00c0 APAE-ASSOCIA\u00c7\u00c3O DE PAIS E AMIGOS DOS EXCEPCIONAIS DE ARA\u00c7ATUBA"}, {"id": "201", "ano": "2016", "numero": "1", "tipo__sigla": "PL-C", "tipo__descricao": "Projeto de Lei Ordin\u00e1ria da C\u00e2mara", "autoria": "", "texto_original": "http://sapl.buritama.sp.leg.br/media/sapl/public/materialegislativa/2016/201/201_texto_integral.doc", "ementa": "&#8220;DISP\u00d5E SOBRE REVIS\u00c3O GERAL ANUAL DOS SUBS\u00cdDIOS DOS VEREADORES E DO PRESIDENTE DA C\u00c2MARA MUNICIPAL DE BURITAMA&#8221;."}, {"id": "202", "ano": "2016", "numero": "2", "tipo__sigla": "PL-C", "tipo__descricao": "Projeto de Lei Ordin\u00e1ria da C\u00e2mara", "autoria": "", "texto_original": "http://sapl.buritama.sp.leg.br/media/sapl/public/materialegislativa/2016/202/202_texto_integral.doc", "ementa": "\"DISP\u00d5E SOBRE A OBRIGATORIEDADE DA INSTALA\u00c7\u00c3O DE RECIPIENTES CONTENDO GEL SANITIZANTE (\u00c1LCOOL EM GEL) EM INSTALA\u00c7\u00d5ES P\u00daBLICAS E PRIVADAS, E D\u00c1 OUTRAS PROVID\u00caNCIAS&#8221;.\r\n\r\n\r\n"}, {"id": "203", "ano": "2016", "numero": "3", "tipo__sigla": "PL-C", "tipo__descricao": "Projeto de Lei Ordin\u00e1ria da C\u00e2mara", "autoria": "", "texto_original": "http://sapl.buritama.sp.leg.br/media/sapl/public/materialegislativa/2016/203/203_texto_integral.doc", "ementa": "      \"DISP\u00d5E SOBRE ALTERA\u00c7\u00c3O DA LEI MUNICIPAL N\u00ba 3.791, DE 04 DE ABRIL DE 2012\"."}, {"id": "204", "ano": "2016", "numero": "4", "tipo__sigla": "PL-C", "tipo__descricao": "Projeto de Lei Ordin\u00e1ria da C\u00e2mara", "autoria": "", "texto_original": "http://sapl.buritama.sp.leg.br/media/sapl/public/materialegislativa/2016/204/204_texto_integral.doc", "ementa": "&#8220;DISP\u00d5E SOBRE DENOMINA\u00c7\u00c3O DE VIA P\u00daBLICA DO LOTEAMENTO RESIDENCIAL CAMINHO DAS \u00c1GUAS DE NOSSO MUNIC\u00cdPIO&#8221;."}, {"id": "205", "ano": "2016", "numero": "5", "tipo__sigla": "PL-C", "tipo__descricao": "Projeto de Lei Ordin\u00e1ria da C\u00e2mara", "autoria": "", "texto_original": "http://sapl.buritama.sp.leg.br/media/sapl/public/materialegislativa/2016/205/205_texto_integral.doc", "ementa": "&#8220;FIXA OS SUBS\u00cdDIOS DO PREFEITO E DO VICE-PREFEITO DO MUNIC\u00cdPIO DE BURITAMA PARA O MANDATO COMPREENDIDO ENTRE 2017/2020&#8221;."}, {"id": "206", "ano": "2016", "numero": "6", "tipo__sigla": "PL-C", "tipo__descricao": "Projeto de Lei Ordin\u00e1ria da C\u00e2mara", "autoria": "", "texto_original": "http://sapl.buritama.sp.leg.br/media/sapl/public/materialegislativa/2016/206/206_texto_integral.doc", "ementa": "&#8220;DISP\u00d5E SOBRE DENOMINA\u00c7\u00c3O DE PR\u00c9DIO P\u00daHLICO MUNICIPAL, SEDE DO CRAS&#8221;."}, {"id": "207", "ano": "2016", "numero": "7", "tipo__sigla": "PL-C", "tipo__descricao": "Projeto de Lei Ordin\u00e1ria da C\u00e2mara", "autoria": "", "texto_original": "http://sapl.buritama.sp.leg.br/media/sapl/public/materialegislativa/2016/207/207_texto_integral.doc", "ementa": "&#8220;DISP\u00d5E SOBRE RECONHECIMENTO OFICIAL DE DENOMINA\u00c7\u00d5ES ANTIGAS DE DIVERSAS VIAS P\u00daBLICAS DE NOSSO MUNIC\u00cdPIO&#8221;."}, {"id": "208", "ano": "2016", "numero": "8", "tipo__sigla": "PL-C", "tipo__descricao": "Projeto de Lei Ordin\u00e1ria da C\u00e2mara", "autoria": "", "texto_original": "http://sapl.buritama.sp.leg.br/media/sapl/public/materialegislativa/2016/208/208_texto_integral.doc", "ementa": "&#8220;DISP\u00d5E SOBRE DENOMINA\u00c7\u00c3O DE VIAS P\u00daBLICAS DO LOTEAMENTO RESIDENCIAL JARDIM PARIS DE NOSSO MUNIC\u00cdPIO&#8221;."}, {"id": "209", "ano": "2016", "numero": "9", "tipo__sigla": "PL-C", "tipo__descricao": "Projeto de Lei Ordin\u00e1ria da C\u00e2mara", "autoria": "", "texto_original": "http://sapl.buritama.sp.leg.br/media/sapl/public/materialegislativa/2016/209/209_texto_integral.doc", "ementa": "&#8220;DISP\u00d5E SOBRE DENOMINA\u00c7\u00c3O DE PR\u00c9DIO P\u00daBLICO MUNICIPAL &#8221;.\r\n\r\n"}, {"id": "210", "ano": "2016", "numero": "10", "tipo__sigla": "PL-C", "tipo__descricao": "Projeto de Lei Ordin\u00e1ria da C\u00e2mara", "autoria": "", "texto_original": "http://sapl.buritama.sp.leg.br/media/sapl/public/materialegislativa/2016/210/210_texto_integral.doc", "ementa": "                   &#8220;DISP\u00d5E SOBRE DENOMINA\u00c7\u00c3O DE PR\u00c9DIO P\u00daBLICO MUNICIPAL &#8221;.\r\n\r\n"}, {"id": "226", "ano": "2016", "numero": "11", "tipo__sigla": "PL-C", "tipo__descricao": "Projeto de Lei Ordin\u00e1ria da C\u00e2mara", "autoria": "", "texto_original": "http://sapl.buritama.sp.leg.br/media/sapl/public/materialegislativa/2016/226/226_texto_integral.doc", "ementa": "\"DISP\u00d5E SOBRE DENOMINA\u00c7\u00d5ES DE AVENIDA, ORLA E RUA LOCALIZADAS NO PARQUE TUR\u00cdSTICO JO\u00c3O SIM\u00c3O GARCIA, PRAINHA, DE NOSSO MUNIC\u00cdPIO&#8221;.\r\n\r\n"}, {"id": "241", "ano": "2016", "numero": "12", "tipo__sigla": "PL-C", "tipo__descricao": "Projeto de Lei Ordin\u00e1ria da C\u00e2mara", "autoria": "CARLINHO DO DIVINO, ANTONIO CARLOS, BETO DO JEROMINHO, LIZE ROLD\u00c3O, RONALDO RAMOS FERNANDES, ROSELI NOBRE", "texto_original": "http://sapl.buritama.sp.leg.br/media/sapl/public/materialegislativa/2016/241/241_texto_integral.doc", "ementa": "QUE DENOMINA OFICIALMENTE DE RUA BRAULINO BARBOSA DE SOUZA, A VIA P\u00daBLICA LOCALIZADA ENTRE AS RUAS JOS\u00c9 BARBOSA DOS SANTOS, GUILHERME GUERBAS E ARAMIM C\u00c2NDIDO DE PAIVA, NO LOTEAMENTO RESIDENCIAL BENEDITO GARCIA, A PARTIR DA RUA ALMIRO ANTONIO DOS SANTOS, SENTIDO CIDADE-BAIRRO, AT\u00c9 O SEU FINAL"}, {"id": "242", "ano": "2016", "numero": "13", "tipo__sigla": "PL-C", "tipo__descricao": "Projeto de Lei Ordin\u00e1ria da C\u00e2mara", "autoria": "CARLINHO DO DIVINO, ANTONIO CARLOS, BETO DO JEROMINHO, LIZE ROLD\u00c3O, RONALDO RAMOS FERNANDES, ROSELI NOBRE", "texto_original": "http://sapl.buritama.sp.leg.br/media/sapl/public/materialegislativa/2016/242/242_texto_integral.doc", "ementa": "QUE DISP\u00d5E SOBRE ALTERA\u00c7\u00c3O DO ARTIGO 1\u00ba DA LEI MUNICIPAL N\u00ba 4.075, DE 24 DE OUTUBRO DE 2014"}, {"id": "243", "ano": "2016", "numero": "14", "tipo__sigla": "PL-C", "tipo__descricao": "Projeto de Lei Ordin\u00e1ria da C\u00e2mara", "autoria": "CARLINHO DO DIVINO", "texto_original": "http://sapl.buritama.sp.leg.br/media/sapl/public/materialegislativa/2016/243/243_texto_integral.doc", "ementa": "QUE DENOMINA OFICIALMENTE DE EDIF\u00cdCIO CAMILO PIAZZALUNGA, O PR\u00c9DIO LOCALIZADO \u00c0 RUA CAPIT\u00c3O VICENTE GON\u00c7ALVES, N\u00ba 434, ONDE FUNCIONA, PROVISORIAMENTE, A SEDE DO SAAEMB-SERVI\u00c7O AUT\u00d4NOMO DE \u00c1GUA, ESGOTO E MEIO AMBIENTE DO MUNIC\u00cdPIO DE BURITAMA, DEVENDO PERMANECER NO PR\u00c9DIO ENQUANTO O MESMO ABRIGAR O SAAEMB, DEVENDO ACOMPANHAR ESTE NA EVENTUALIDADE DE SER TRANSFERIDO PARA OUTRO LOCAL DA CIDADE, INCLUSIVE, QUANDO FOR CONSTRU\u00cdDA  A SUA SEDE PR\u00d3PRIA, E D\u00c1 OUTRAS PROVID\u00caNCIAS"}, {"id": "274", "ano": "2016", "numero": "15", "tipo__sigla": "PL-C", "tipo__descricao": "Projeto de Lei Ordin\u00e1ria da C\u00e2mara", "autoria": "CARLINHO DO DIVINO", "texto_original": "http://sapl.buritama.sp.leg.br/media/sapl/public/materialegislativa/2016/274/274_texto_integral.doc", "ementa": "DISP\u00d5E SOBRE DENOMINA\u00c7\u00c3O DE VIAS P\u00daBLICAS DO LOTEAMENTO RESIDENCIAL JARDIM S\u00c3O JOS\u00c9 DE NOSSO MUNIC\u00cdPIO."}, {"id": "297", "ano": "2016", "numero": "16", "tipo__sigla": "PL-C", "tipo__descricao": "Projeto de Lei Ordin\u00e1ria da C\u00e2mara", "autoria": "CARLINHO DO DIVINO", "texto_original": "http://sapl.buritama.sp.leg.br/media/", "ementa": "DISP\u00d5E SOBRE DENOMINA\u00c7\u00c3O DE ROTAT\u00d3RIA CONSTRU\u00cdDA NA CONFLU\u00caNCIA DAS AVENIDAS BENEDITO VIEIRA GARCIA E ANTONIO ALVES TEIXEIRA."}, {"id": "298", "ano": "2016", "numero": "17", "tipo__sigla": "PL-C", "tipo__descricao": "Projeto de Lei Ordin\u00e1ria da C\u00e2mara", "autoria": "RONALDO RAMOS FERNANDES", "texto_original": "http://sapl.buritama.sp.leg.br/media/", "ementa": "DISP\u00d5E SOBRE DENOMINA\u00c7\u00c3O DE PISTA DE MOTOCROSS LOCALIZADA NO PARQUE TURISTICO JO\u00c3O SIM\u00c3O GARCIA, PRAINHA."}, {"id": "359", "ano": "2016", "numero": "18", "tipo__sigla": "PL-C", "tipo__descricao": "Projeto de Lei Ordin\u00e1ria da C\u00e2mara", "autoria": "", "texto_original": "http://sapl.buritama.sp.leg.br/media/", "ementa": "QUE ALTERA O ARTIGO 1\u00ba DA LEI MUNICIPAL N\u00ba 3.885, DE 24 DE ABRIL DE 2013 QUE INSTITUIU O &#8220;DIA DO EVANG\u00c9LICO\" NO MUNIC\u00cdPIO DE BURITAMA, E D\u00c1 OUTRAS PROVID\u00caNCIAS."}, {"id": "25", "ano": "2016", "numero": "1", "tipo__sigla": "PLC", "tipo__descricao": "Projeto de Lei Complementar", "autoria": "Partido Popular Socialista", "texto_original": "http://sapl.buritama.sp.leg.br/media/sapl/public/materialegislativa/2016/25/25_texto_integral.doc", "ementa": "ALTERA ATRIBUI\u00c7\u00d5ES DE CARGOS DE ASSISTENTE SOCIAL E PROFESSOR DE ENSINO FUNDAMENTAL II - EDUCA\u00c7\u00c3O F\u00cdSICA, DE PROVIMENTO EFETIVO JUNTO AO QUADRO DE SERVIDORES P\u00daBLICOS MUNICIPAIS, E D\u00c1 OUTRAS PROVID\u00caNCIAS"}, {"id": "26", "ano": "2016", "numero": "2", "tipo__sigla": "PLC", "tipo__descricao": "Projeto de Lei Complementar", "autoria": "Partido Popular Socialista", "texto_original": "http://sapl.buritama.sp.leg.br/media/sapl/public/materialegislativa/2016/26/26_texto_integral.doc", "ementa": "DISP\u00d5E SOBRE REVIS\u00c3O ANUAL DOS SERVIDORES P\u00daBLICOS DO GOVERNO DO MUNIC\u00cdPIO DE BURITAMA E DAS AUTARQUIAS, PASSANDO PARA TODO 1\u00ba DE ABRIL, E D\u00c1 OUTRAS PROVID\u00caNCIAS"}, {"id": "27", "ano": "2016", "numero": "3", "tipo__sigla": "PLC", "tipo__descricao": "Projeto de Lei Complementar", "autoria": "Partido Popular Socialista", "texto_original": "http://sapl.buritama.sp.leg.br/media/sapl/public/materialegislativa/2016/27/27_texto_integral.doc", "ementa": "DISP\u00d5E SOBRE ALTERA\u00c7\u00c3O E INCLUS\u00c3O DE ITEM NO ANEXO II DA LEI COMPLEMENTAR MUNICIPAL N\u00ba 06/2004"}, {"id": "177", "ano": "2016", "numero": "4", "tipo__sigla": "PLC", "tipo__descricao": "Projeto de Lei Complementar", "autoria": "", "texto_original": "http://sapl.buritama.sp.leg.br/media/", "ementa": "\"DISP\u00d5E SOBRE EQUIPARA\u00c7\u00c3O DE VENCIMENTOS DE CARGOS EXISTENTES JUNTO A ESTRUTURA DO QUADRO DE PESSOAL DO DEPARTAMENTO MUNICIPAL DE EDUCA\u00c7\u00c3O, E D\u00c1 OUTRAS PROVID\u00caNCIAS&#8221;.\r\n\r\n\r\n"}, {"id": "181", "ano": "2016", "numero": "5", "tipo__sigla": "PLC", "tipo__descricao": "Projeto de Lei Complementar", "autoria": "", "texto_original": "http://sapl.buritama.sp.leg.br/media/sapl/public/materialegislativa/2016/181/181_texto_integral.doc", "ementa": "&#8220;DISP\u00d5E REVIS\u00c3O ANUAL DOS SERVIDORES P\u00daBLICOS DO GOVERNO DO MUNIC\u00cdPIO DE BURITAMA E DAS AUTARQUIAS, E D\u00c1 OUTRAS PROVID\u00caNCIAS&#8221;.\r\n\r\n"}, {"id": "182", "ano": "2016", "numero": "6", "tipo__sigla": "PLC", "tipo__descricao": "Projeto de Lei Complementar", "autoria": "", "texto_original": "http://sapl.buritama.sp.leg.br/media/sapl/public/materialegislativa/2016/182/182_texto_integral.doc", "ementa": "&#8220;ALTERA DISPOSITIVO DA LEI COMPLEMENTAR MUNICIPAL N\u00ba 142 DE 13 DE NOVEMBRO DE 2015, E D\u00c1 OUTRAS PROVIDENCIAS\"\r\n"}, {"id": "183", "ano": "2016", "numero": "7", "tipo__sigla": "PLC", "tipo__descricao": "Projeto de Lei Complementar", "autoria": "", "texto_original": "http://sapl.buritama.sp.leg.br/media/sapl/public/materialegislativa/2016/183/183_texto_integral.doc", "ementa": "\"DISP\u00d5E CRIA\u00c7\u00c3O DE VAGAS A CARGO DE PROVIMENTO EFETIVO JUNTO AO QUADRO DE SERVIDORES DO SAAEMB &#8211; SERVI\u00c7O AUT\u00d4NOMO DE AGUA, ESGOTO E MEIO AMBIENTE DO MUNIC\u00cdPIO DE BURITAMA, E D\u00c1 OUTRAS PROVID\u00caNCIAS&#8221;.\r\n\r\n"}, {"id": "184", "ano": "2016", "numero": "8", "tipo__sigla": "PLC", "tipo__descricao": "Projeto de Lei Complementar", "autoria": "", "texto_original": "http://sapl.buritama.sp.leg.br/media/sapl/public/materialegislativa/2016/184/184_texto_integral.doc", "ementa": "&#8220;ALTERA DISPOSITIVOS DA LEI COMPLEMENTAR MUNICIPAL N\u00ba 74 DE 24 DE NOVEMBRO DE 2011, QUE DISP\u00d5E SOBRE A REORGANIZA\u00c7\u00c3O DO DEPARTAMENTO MUNICIPAL DE SA\u00daDE, E D\u00c1 OUTRAS PROVID\u00caNCIAS.&#8221;\r\n\r\n"}, {"id": "185", "ano": "2016", "numero": "9", "tipo__sigla": "PLC", "tipo__descricao": "Projeto de Lei Complementar", "autoria": "", "texto_original": "http://sapl.buritama.sp.leg.br/media/sapl/public/materialegislativa/2016/185/185_texto_integral.doc", "ementa": "\"DISP\u00d5E CRIA\u00c7\u00c3O DE VAGAS A CARGOS DE CAR\u00c1TER EFETIVO JUNTO AO QUADRO DE PESSOAL DO GOVERNO DO MUNIC\u00cdPIO DE BURITAMA, E D\u00c1 OUTRAS PROVID\u00caNCIAS&#8221;.\r\n\r\n"}, {"id": "218", "ano": "2016", "numero": "10", "tipo__sigla": "PLC", "tipo__descricao": "Projeto de Lei Complementar", "autoria": "", "texto_original": "http://sapl.buritama.sp.leg.br/media/sapl/public/materialegislativa/2016/218/218_texto_integral.doc", "ementa": "\"ALTERA DISPOSITIVO DA LEI COMPLEMENTAR MUNICIPAL N\u00ba 135/2015 E D\u00c1 OUTRAS PROVID\u00caNCIAS&#8221;.\r\n\r\n"}, {"id": "260", "ano": "2016", "numero": "11", "tipo__sigla": "PLC", "tipo__descricao": "Projeto de Lei Complementar", "autoria": "", "texto_original": "http://sapl.buritama.sp.leg.br/media/sapl/public/materialegislativa/2016/260/260_texto_integral.doc", "ementa": "DISP\u00d5E CRIA\u00c7\u00c3O DE VAGAS A CARGOS DE CAR\u00c1TER EFETIVO JUNTO AO QUADRO DE PESSOAL DO GOVERNO DO MUNIC\u00cdPIO DE BURITAMA, E D\u00c1 OUTRAS PROVID\u00caNCIAS"}, {"id": "296", "ano": "2016", "numero": "12", "tipo__sigla": "PLC", "tipo__descricao": "Projeto de Lei Complementar", "autoria": "Partido Popular Socialista", "texto_original": "http://sapl.buritama.sp.leg.br/media/sapl/public/materialegislativa/2016/296/296_texto_integral.doc", "ementa": "QUE DISP\u00d5E SOBRE DESCRI\u00c7\u00c3O DE ATRIBUI\u00c7\u00d5ES DE CARGO QUE ESPECIFICA, E D\u00c1 OUTRAS PROVID\u00caNCIAS"}, {"id": "310", "ano": "2016", "numero": "13", "tipo__sigla": "PLC", "tipo__descricao": "Projeto de Lei Complementar", "autoria": "Partido Popular Socialista", "texto_original": "http://sapl.buritama.sp.leg.br/media/sapl/public/materialegislativa/2016/310/310_texto_integral.doc", "ementa": "PROJETO DE LEI COMPLEMENTAR N\u00ba 13/16 - AUTORIA: PODER EXECUTIVO MUNICIPAL, QUE ALTERA DISPOSITIVO DA LEI COMPLEMENTAR MUNICIPAL N\u00ba 117, DE 25 DE NOVEMBRO DE 2014, QUE DISP\u00d5E SOBRE USO E OCUPA\u00c7\u00c3O DO SOLO E REVOGA\u00c7\u00c3O DA LEI COMPLEMENTAR MUNICIPAL N\u00ba 80/2012, E D\u00c1 OUTRAS PROVID\u00caNCIAS"}, {"id": "311", "ano": "2016", "numero": "14", "tipo__sigla": "PLC", "tipo__descricao": "Projeto de Lei Complementar", "autoria": "Partido Popular Socialista", "texto_original": "http://sapl.buritama.sp.leg.br/media/sapl/public/materialegislativa/2016/311/311_texto_integral.doc", "ementa": "PROJETO DE LEI COMPLEMENTAR N\u00ba 14/16 - AUTORIA: PODER EXECUTIVO MUNICIPAL, QUE APROVA \u00c1REAS DE INTERESSE SOCIAL NO MUNIC\u00cdPIO DE BURITAMA, E D\u00c1 OUTRAS PROVID\u00caNCIAS"}, {"id": "361", "ano": "2016", "numero": "15", "tipo__sigla": "PLC", "tipo__descricao": "Projeto de Lei Complementar", "autoria": "", "texto_original": "http://sapl.buritama.sp.leg.br/media/sapl/public/materialegislativa/2016/361/361_texto_integral.doc", "ementa": "QUE INSTITUI O PROGRAMA DE PARCELAMENTO INCENTIVADO-PPI, AUTORIZA A UTILIZA\u00c7\u00c3O DE PROTESTOS DE CR\u00c9DITO EXTRAJUDICIAL DA FAZENDA MUNICIPAL E SAAEMB-SERVI\u00c7O AUT\u00d4NOMO DE \u00c1GUA, ESGOTO E MEIO AMBIENTE DO MUNIC\u00cdPIO DE BURITAMA, E D\u00c1 OUTRAS PROVID\u00caNCIAS"}, {"id": "28", "ano": "2016", "numero": "1", "tipo__sigla": "PLCC", "tipo__descricao": "Projeto de Lei Complementar da C\u00e2mara", "autoria": "ANTONIO CARLOS, ANTONIO ROMILDO DOS SANTOS, CARLINHO DO DIVINO, RONALDO RAMOS FERNANDES", "texto_original": "http://sapl.buritama.sp.leg.br/media/", "ementa": "DISP\u00d5E SOBRE REVIS\u00c3O ANUAL DOS SERVIDORES P\u00daBLICOS DA C\u00c2MARA MUNICIPAL DE BURITAMA, PASSANDO PARA TODO DIA 1\u00ba DE ABRIL DE CADA ANO, E D\u00c1 OUTRAS PROVID\u00caNCIAS"}, {"id": "186", "ano": "2016", "numero": "2", "tipo__sigla": "PLCC", "tipo__descricao": "Projeto de Lei Complementar da C\u00e2mara", "autoria": "", "texto_original": "http://sapl.buritama.sp.leg.br/media/sapl/public/materialegislativa/2016/186/186_texto_integral.doc", "ementa": "&#8220;DISP\u00d5E SOBRE REVIS\u00c3O ANUAL DE SAL\u00c1RIOS DOS SERVIDORES P\u00daBLICOS DA C\u00c2MARA MUNICIPAL DE BURITAMA, E D\u00c1 OUTRAS PROVID\u00caNCIAS&#8221;.\r\n \r\n"}, {"id": "187", "ano": "2016", "numero": "1", "tipo__sigla": "PDL", "tipo__descricao": "Projeto de Decreto Legislativo", "autoria": "", "texto_original": "http://sapl.buritama.sp.leg.br/media/sapl/public/materialegislativa/2016/187/187_texto_integral.docx", "ementa": "&#8220;CONCEDE A MEDALHA 24 DE AGOSTO A CONCEITUADO COORDENADOR DE A\u00c7\u00d5ES COMUNIT\u00c1RIAS DE NOSSO MUNIC\u00cdPIO&#8221;.\r\n\r\n"}, {"id": "188", "ano": "2016", "numero": "2", "tipo__sigla": "PDL", "tipo__descricao": "Projeto de Decreto Legislativo", "autoria": "", "texto_original": "http://sapl.buritama.sp.leg.br/media/sapl/public/materialegislativa/2016/188/188_texto_integral.doc", "ementa": "&#8220;CONCEDE A MEDALHA 24 DE AGOSTO \u00c0 EX\u00cdMIO SERVIDOR P\u00daBLICO MUNICIPAL&#8221;.\r\n\r\n"}, {"id": "189", "ano": "2016", "numero": "3", "tipo__sigla": "PDL", "tipo__descricao": "Projeto de Decreto Legislativo", "autoria": "", "texto_original": "http://sapl.buritama.sp.leg.br/media/sapl/public/materialegislativa/2016/189/189_texto_integral.doc", "ementa": "&#8220;CONCEDE A MEDALHA 24 DE AGOSTO \u00c0 EX\u00cdMIA SERVIDORA P\u00daBLICA MUNICIPAL&#8221;.\r\n\r\n"}, {"id": "190", "ano": "2016", "numero": "4", "tipo__sigla": "PDL", "tipo__descricao": "Projeto de Decreto Legislativo", "autoria": "", "texto_original": "http://sapl.buritama.sp.leg.br/media/sapl/public/materialegislativa/2016/190/190_texto_integral.doc", "ementa": "&#8220;CONCEDE A MEDALHA 24 DE AGOSTO \u00c0 EX\u00cdMIO SERVIDOR P\u00daBLICO MUNICIPAL&#8221;.\r\n\r\n"}, {"id": "191", "ano": "2016", "numero": "5", "tipo__sigla": "PDL", "tipo__descricao": "Projeto de Decreto Legislativo", "autoria": "", "texto_original": "http://sapl.buritama.sp.leg.br/media/sapl/public/materialegislativa/2016/191/191_texto_integral.doc", "ementa": "&#8220;CONCEDE A MEDALHA 24 DE AGOSTO A CARISM\u00c1TICA PERSONALIDADE DO MUNIC\u00cdPIO&#8221;.\r\n\r\n"}, {"id": "192", "ano": "2016", "numero": "6", "tipo__sigla": "PDL", "tipo__descricao": "Projeto de Decreto Legislativo", "autoria": "", "texto_original": "http://sapl.buritama.sp.leg.br/media/sapl/public/materialegislativa/2016/192/192_texto_integral.doc", "ementa": "&#8220;CONCEDE A MEDALHA 24 DE AGOSTO A CONCEITUADO COMERCIANTE DE NOSSO MUNIC\u00cdPIO&#8221;."}, {"id": "193", "ano": "2016", "numero": "7", "tipo__sigla": "PDL", "tipo__descricao": "Projeto de Decreto Legislativo", "autoria": "", "texto_original": "http://sapl.buritama.sp.leg.br/media/sapl/public/materialegislativa/2016/193/193_texto_integral.doc", "ementa": "&#8220;CONCEDE A MEDALHA 24 DE AGOSTO A CONCEITUADO EMPRES\u00c1RIO DE NOSSO MUNIC\u00cdPIO&#8221;.\r\n\r\n"}, {"id": "194", "ano": "2016", "numero": "8", "tipo__sigla": "PDL", "tipo__descricao": "Projeto de Decreto Legislativo", "autoria": "", "texto_original": "http://sapl.buritama.sp.leg.br/media/sapl/public/materialegislativa/2016/194/194_texto_integral.doc", "ementa": "&#8220;CONCEDE A MEDALHA 24 DE AGOSTO A EX\u00cdMIA EX-SERVIDORA P\u00daBLICA MUNICIPAL&#8221;."}, {"id": "195", "ano": "2016", "numero": "9", "tipo__sigla": "PDL", "tipo__descricao": "Projeto de Decreto Legislativo", "autoria": "", "texto_original": "http://sapl.buritama.sp.leg.br/media/sapl/public/materialegislativa/2016/195/195_texto_integral.doc", "ementa": "\"APROVA AS CONTAS DA PREFEITURA MUNICIPAL DE BURITAMA RELATIVAS AO EXERC\u00cdCIO FINANCEIRO DE 2013&#8221;.\r\n\r\n"}, {"id": "196", "ano": "2016", "numero": "10", "tipo__sigla": "PDL", "tipo__descricao": "Projeto de Decreto Legislativo", "autoria": "", "texto_original": "http://sapl.buritama.sp.leg.br/media/sapl/public/materialegislativa/2016/196/196_texto_integral.doc", "ementa": "&#8220;CONCEDE A MEDALHA 24 DE AGOSTO A EX\u00cdMIA ADMINISTRADORA DE EMPRESAS&#8221;."}, {"id": "197", "ano": "2016", "numero": "11", "tipo__sigla": "PDL", "tipo__descricao": "Projeto de Decreto Legislativo", "autoria": "", "texto_original": "http://sapl.buritama.sp.leg.br/media/sapl/public/materialegislativa/2016/197/197_texto_integral.doc", "ementa": "&#8220;CONCEDE A MEDALHA 24 DE AGOSTO \u00c0 EX\u00cdMIA SERVIDORA P\u00daBLICA MUNICIPAL&#8221;."}, {"id": "198", "ano": "2016", "numero": "12", "tipo__sigla": "PDL", "tipo__descricao": "Projeto de Decreto Legislativo", "autoria": "", "texto_original": "http://sapl.buritama.sp.leg.br/media/sapl/public/materialegislativa/2016/198/198_texto_integral.doc", "ementa": "&#8220;CONCEDE A MEDALHA 24 DE AGOSTO \u00c0 EX\u00cdMIA SERVIDORA P\u00daBLICA ESTADUAL E MUNICIPAL&#8221;.\r\n\r\n"}, {"id": "199", "ano": "2016", "numero": "13", "tipo__sigla": "PDL", "tipo__descricao": "Projeto de Decreto Legislativo", "autoria": "", "texto_original": "http://sapl.buritama.sp.leg.br/media/sapl/public/materialegislativa/2016/199/199_texto_integral.doc", "ementa": "&#8220;CONCEDE A MEDALHA 24 DE AGOSTO A CONCEITUADO EMPRES\u00c1RIO DE NOSSO MUNIC\u00cdPIO&#8221;.\r\n\r\n"}, {"id": "200", "ano": "2016", "numero": "14", "tipo__sigla": "PDL", "tipo__descricao": "Projeto de Decreto Legislativo", "autoria": "", "texto_original": "http://sapl.buritama.sp.leg.br/media/sapl/public/materialegislativa/2016/200/200_texto_integral.doc", "ementa": "&#8220;CONCEDE A MEDALHA 24 DE AGOSTO \u00c0 EX\u00cdMIA SERVIDORA P\u00daBLICA MUNICIPAL&#8221;.\r\n\r\n"}, {"id": "219", "ano": "2016", "numero": "15", "tipo__sigla": "PDL", "tipo__descricao": "Projeto de Decreto Legislativo", "autoria": "", "texto_original": "http://sapl.buritama.sp.leg.br/media/sapl/public/materialegislativa/2016/219/219_texto_integral.doc", "ementa": "\"REJEITA AS CONTAS DA PREFEITURA MUNICIPAL DE BURITAMA RELATIVAS AO EXERC\u00cdCIO FINANCEIRO DE 2012&#8221;.\r\n\r\n"}, {"id": "227", "ano": "2016", "numero": "16", "tipo__sigla": "PDL", "tipo__descricao": "Projeto de Decreto Legislativo", "autoria": "", "texto_original": "http://sapl.buritama.sp.leg.br/media/sapl/public/materialegislativa/2016/227/227_texto_integral.doc", "ementa": "&#8220;CONCEDE O T\u00cdTULO DE CIDAD\u00c3O BURITAMENSE AO SENHOR CLEUDSON GARCIA MONTALI&#8221;."}, {"id": "244", "ano": "2016", "numero": "17", "tipo__sigla": "PDL", "tipo__descricao": "Projeto de Decreto Legislativo", "autoria": "RONALDO RAMOS FERNANDES", "texto_original": "http://sapl.buritama.sp.leg.br/media/sapl/public/materialegislativa/2016/244/244_texto_integral.doc", "ementa": "QUE CONCEDE O T\u00cdTULO DE CIDAD\u00c3O BURITAMENSE AO SENHOR GON\u00c7ALVES MARTIMIANO DE ANDRADE J\u00daNIOR, PELOS RELEVANTES SERVI\u00c7OS RECONHECIDAMENTE PRESTADOS AO NOSSO MUNIC\u00cdPIO, CONCEITUADO PASTOR DA IGREJA ASSEMBLEIA DE DEUS, MINIST\u00c9RIO DO BEL\u00c9M, QUE DURANTE H\u00c1 18 ANOS VEM ATUANDO DE MANEIRA EXEMPLAR NA FUN\u00c7\u00c3O DE PASTOR, EM NOSSA CIDADE H\u00c1 CERCA DE DOIS ANOS, VEM DESENVOLVENDO UM BRILHANTE TRABALHO LEVANDO MENSAGENS DE F\u00c9, AMOR E ESPERAN\u00c7A AOS CORA\u00c7\u00d5ES DE MUITOS IRM\u00c3OS SEGUIDORES QUE NECESSITAM OUVIR A PALAVRA DE JESUS"}, {"id": "261", "ano": "2016", "numero": "18", "tipo__sigla": "PDL", "tipo__descricao": "Projeto de Decreto Legislativo", "autoria": "RUB\u00c3O DA FARM\u00c1CIA", "texto_original": "http://sapl.buritama.sp.leg.br/media/sapl/public/materialegislativa/2016/261/261_texto_integral.doc", "ementa": "CONCEDE O T\u00cdTULO DE CIDAD\u00c3 BURITAMENSE \u00c0 SENHORA MARIA CRISTINA DOS SANTOS GOULARTE"}, {"id": "264", "ano": "2016", "numero": "19", "tipo__sigla": "PDL", "tipo__descricao": "Projeto de Decreto Legislativo", "autoria": "CARLINHO DO DIVINO", "texto_original": "http://sapl.buritama.sp.leg.br/media/sapl/public/materialegislativa/2016/264/264_texto_integral.doc", "ementa": "CONCEDE O T\u00cdTULO DE CIDAD\u00c3O BURITAMENSE AO JOVEM ANDR\u00c9 LUIZ BATISTA"}, {"id": "275", "ano": "2016", "numero": "20", "tipo__sigla": "PDL", "tipo__descricao": "Projeto de Decreto Legislativo", "autoria": "LIZE ROLD\u00c3O", "texto_original": "http://sapl.buritama.sp.leg.br/media/sapl/public/materialegislativa/2016/275/275_texto_integral.doc", "ementa": "CONCEDE O T\u00cdTULO DE CIDAD\u00c3O BURITAMENSE AO EX\u00cdMIO SERVIDOR DO CART\u00d3RIO DE REGISTRO CIVIL DE PESSOAS NATURAIS DE NOSSO MUNIC\u00cdPIO SR. FL\u00c1VIO L\u00daCIO FERREIRA."}, {"id": "292", "ano": "2016", "numero": "21", "tipo__sigla": "PDL", "tipo__descricao": "Projeto de Decreto Legislativo", "autoria": "OSVALDINHO", "texto_original": "http://sapl.buritama.sp.leg.br/media/", "ementa": "CONCEDE O T\u00cdTULO DE CIDAD\u00c3 BURITAMENSE A SENHORA SILVINA LOPES DOS SANTOS."}, {"id": "293", "ano": "2016", "numero": "22", "tipo__sigla": "PDL", "tipo__descricao": "Projeto de Decreto Legislativo", "autoria": "ROSELI NOBRE", "texto_original": "http://sapl.buritama.sp.leg.br/media/sapl/public/materialegislativa/2016/293/293_texto_integral.docx", "ementa": "CONCEDE O T\u00cdTULO DE CIDAD\u00c3O BURITAMENSE AO SENHOR LUIS CARLOS DIAS."}, {"id": "821", "ano": "2016", "numero": "23", "tipo__sigla": "PDL", "tipo__descricao": "Projeto de Decreto Legislativo", "autoria": "", "texto_original": "http://sapl.buritama.sp.leg.br/media/", "ementa": "CONCEDE O TITULO DE CIDAD\u00c3O BURITAMENSE AO SENHOR VALDAIR APARECIDO CHAVES"}, {"id": "822", "ano": "2016", "numero": "24", "tipo__sigla": "PDL", "tipo__descricao": "Projeto de Decreto Legislativo", "autoria": "", "texto_original": "http://sapl.buritama.sp.leg.br/media/", "ementa": "QUE CONCEDE O TITULO DE CIDAD\u00c3O BURITAMENSE AO SENHOR JOSE JORGE BONATO"}, {"id": "823", "ano": "2016", "numero": "25", "tipo__sigla": "PDL", "tipo__descricao": "Projeto de Decreto Legislativo", "autoria": "", "texto_original": "http://sapl.buritama.sp.leg.br/media/", "ementa": "QUE CONCEDE AO TITULO DE CIDADAO BENEMERITO BURITAMENSE AO SENHOR JOSE MOREIRA DUARTE"}, {"id": "824", "ano": "2016", "numero": "26", "tipo__sigla": "PDL", "tipo__descricao": "Projeto de Decreto Legislativo", "autoria": "", "texto_original": "http://sapl.buritama.sp.leg.br/media/", "ementa": "QUE CONCEDE O TITULO DE CIDADA BURITAMENSE \u00c0 SENHORA OLIRDES DE OLIVEIRA FREITAS"}, {"id": "825", "ano": "2016", "numero": "27", "tipo__sigla": "PDL", "tipo__descricao": "Projeto de Decreto Legislativo", "autoria": "", "texto_original": "http://sapl.buritama.sp.leg.br/media/", "ementa": "QUE CONCEDE O TITULO DE CIDADAO BENEMERITO BURITAMENSE AO SENHOR SEBASTIAO ANGELO CINTRA"}, {"id": "211", "ano": "2016", "numero": "1", "tipo__sigla": "PRE", "tipo__descricao": "Projeto de Resolu\u00e7\u00e3o", "autoria": "", "texto_original": "http://sapl.buritama.sp.leg.br/media/sapl/public/materialegislativa/2016/211/211_texto_integral.doc", "ementa": "&#8220;DISP\u00d5E SOBRE ALTERA\u00c7\u00c3O DO INCISO II DO ARTIGO 1\u00ba, DA RESOLU\u00c7\u00c3O N\u00ba 03, DE 14 DE ABRIL DE 2014 E ARTIGO 3\u00ba DA RESOLU\u00c7\u00c3O N\u00ba 04, DE 06 DE NOVEMBRO DE 2012, E CRIA O PAR\u00c1GRAFO \u00daNICO NO ARTIGO 3\u00ba DA RESOLU\u00c7\u00c3O N\u00ba 04, DE 06 DE NOVEMBRO DE 2012\"."}, {"id": "212", "ano": "2016", "numero": "2", "tipo__sigla": "PRE", "tipo__descricao": "Projeto de Resolu\u00e7\u00e3o", "autoria": "", "texto_original": "http://sapl.buritama.sp.leg.br/media/sapl/public/materialegislativa/2016/212/212_texto_integral.doc", "ementa": "FIXA OS SUBS\u00cdDIOS DOS VEREADORES DA C\u00c2MARA MUNICIPAL DE BURITAMA PARA A LEGISLATURA COMPREENDIDA ENTRE 2017/2020&#8221;.\r\n\r\n"}, {"id": "213", "ano": "2016", "numero": "3", "tipo__sigla": "PRE", "tipo__descricao": "Projeto de Resolu\u00e7\u00e3o", "autoria": "", "texto_original": "http://sapl.buritama.sp.leg.br/media/sapl/public/materialegislativa/2016/213/213_texto_integral.doc", "ementa": "&#8220;ALTERA A REDA\u00c7\u00c3O DO INCISO VI, E SUPRIME AS AL\u00cdNEAS &#8220;A&#8221;, \"B\", \"C\"  E \"D\" DO INCISO VI DO ARTIGO 307 DO REGIMENTO INTERNO DA C\u00c2MARA MUNICIPAL, NO TOCANTE \u00c0 DEVERES DO VEREADOR&#8221;.\r\n\r\n"}, {"id": "214", "ano": "2016", "numero": "4", "tipo__sigla": "PRE", "tipo__descricao": "Projeto de Resolu\u00e7\u00e3o", "autoria": "", "texto_original": "http://sapl.buritama.sp.leg.br/media/sapl/public/materialegislativa/2016/214/214_texto_integral.doc", "ementa": "&#8220;FIXA OS SUBS\u00cdDIOS DOS VEREADORES DA C\u00c2MARA MUNICIPAL DE BURITAMA PARA A LEGISLATURA COMPREENDIDA ENTRE 2017/2020&#8221;.\r\n\r\n"}, {"id": "223", "ano": "2016", "numero": "5", "tipo__sigla": "PRE", "tipo__descricao": "Projeto de Resolu\u00e7\u00e3o", "autoria": "RONALDO RAMOS FERNANDES", "texto_original": "http://sapl.buritama.sp.leg.br/media/sapl/public/materialegislativa/2016/223/223_texto_integral.doc", "ementa": "DISP\u00d5E SOBRE AUTORIZA\u00c7\u00c3O PARA A C\u00c2MARA MUNICIPAL DE BURITAMA RECEBER, EM DOA\u00c7\u00c3O, DA FAM\u00cdLIA DO SAUDOSO VEREADOR ANTONIO DE ALMEIDA FILHO, UMA FOTO SUA COM MOLDURA, E D\u00c1 OUTRAS PROVID\u00caNCIAS&#8221;. "}, {"id": "262", "ano": "2016", "numero": "6", "tipo__sigla": "PRE", "tipo__descricao": "Projeto de Resolu\u00e7\u00e3o", "autoria": "CARLINHO DO DIVINO, ANTONIO CARLOS, ANTONIO ROMILDO DOS SANTOS, BETO DO JEROMINHO, EDILSON HONORATO DA SILVA - BOCA LETRAS, LIZE ROLD\u00c3O, OSVALDINHO, RONALDO RAMOS FERNANDES, ROSELI NOBRE, RUB\u00c3O DA FARM\u00c1CIA", "texto_original": "http://sapl.buritama.sp.leg.br/media/sapl/public/materialegislativa/2016/262/262_texto_integral.doc", "ementa": "ALTERA A REDA\u00c7\u00c3O DO ARTIGO 155 DO REGIMENTO INTERNO DA C\u00c2MARA MUNICIPAL"}, {"id": "336", "ano": "2016", "numero": "1", "tipo__sigla": "EMEN", "tipo__descricao": "Proposta de Emenda ", "autoria": "RONALDO RAMOS FERNANDES", "texto_original": "http://sapl.buritama.sp.leg.br/media/sapl/public/materialegislativa/2016/336/336_texto_integral.docx", "ementa": "EMENDA A LEI OR\u00c7AMENT\u00c1RIA PARA O EXERCICIO DE 2017 OBJETIVANDO A CONSTRU\u00c7\u00c3O DE UMA \u00c1REA DE LAZER NA COHAB 2"}, {"id": "10", "ano": "2016", "numero": "1", "tipo__sigla": "REQ", "tipo__descricao": "Requerimento", "autoria": "NEGO BOMBEIRO", "texto_original": "http://sapl.buritama.sp.leg.br/media/sapl/public/materialegislativa/2016/10/10_texto_integral.doc", "ementa": "COM REFER\u00caNCIA AO PROJETO DE LEI N\u00ba 127/15, QUE AUTORIZA O PODER EXECUTIVO MUNICIPAL A RECEBER BENFEITORIAS, EM PERMUTA A \u00c1REA INSTITUCIONAL DA EMPRESA MIRANTE DAS \u00c1GUAS EMPREENDIMENTOS IMOBILI\u00c1RIOS DE BURITAMA SPE LTDA., CADASTRADA NO CNPJ N\u00ba 21.794.980./0001-11, RESPONS\u00c1VEL PELA IMPLANTA\u00c7\u00c3O DO LOTEAMENTO MIRANTE DAS \u00c1GUAS, E D\u00c1 OUTRAS PROVID\u00caNCIAS, REQUERENDO,  SEJAM ENCAMINHADOS AO MINIST\u00c9RIO P\u00daBLICO TODO OS DOCUMENTOS QUE FAZEM PARTE INTEGRANTE DO REFERIDO PROJETO, PARA A TOMADA DAS PROVID\u00caNCIAS CAB\u00cdVEIS, QUE POR VENTURA, ENTENDER NECESS\u00c1RIAS, TENDO EM VISTA O RECEBIMENTO DE IN\u00daMERAS RECLAMA\u00c7\u00d5ES POR PARTE DE MUN\u00cdCIPES, DANDO CONTA DE QUE OS VALORES EST\u00c3O MUITO ABAIXO DOS PRATICADOS NO MERCADO;"}, {"id": "15", "ano": "2016", "numero": "2", "tipo__sigla": "REQ", "tipo__descricao": "Requerimento", "autoria": "BETO DO JEROMINHO", "texto_original": "http://sapl.buritama.sp.leg.br/media/sapl/public/materialegislativa/2016/15/15_texto_integral.doc", "ementa": "REQUER URGENCIA NO PL 05/16."}, {"id": "16", "ano": "2016", "numero": "3", "tipo__sigla": "REQ", "tipo__descricao": "Requerimento", "autoria": "BETO DO JEROMINHO", "texto_original": "http://sapl.buritama.sp.leg.br/media/sapl/public/materialegislativa/2016/16/16_texto_integral.doc", "ementa": "REQUER URGENCIA NO PL 06/16."}, {"id": "17", "ano": "2016", "numero": "4", "tipo__sigla": "REQ", "tipo__descricao": "Requerimento", "autoria": "BETO DO JEROMINHO", "texto_original": "http://sapl.buritama.sp.leg.br/media/sapl/public/materialegislativa/2016/17/17_texto_integral.doc", "ementa": "REQUER URGENCIA NO PL 07/16."}, {"id": "18", "ano": "2016", "numero": "5", "tipo__sigla": "REQ", "tipo__descricao": "Requerimento", "autoria": "BETO DO JEROMINHO", "texto_original": "http://sapl.buritama.sp.leg.br/media/sapl/public/materialegislativa/2016/18/18_texto_integral.doc", "ementa": "REQUER URGENCIA NO PL 08/16."}, {"id": "19", "ano": "2016", "numero": "6", "tipo__sigla": "REQ", "tipo__descricao": "Requerimento", "autoria": "ANTONIO CARLOS", "texto_original": "http://sapl.buritama.sp.leg.br/media/sapl/public/materialegislativa/2016/19/19_texto_integral.doc", "ementa": "REQUERIMENTO N\u00ba 06/16, DE AUTORIA DO VEREADOR ANTONIO CARLOS DE FREITAS, REQUERENDO, SEJA OFICIADO O SENHOR IZAIR DOS SANTOS TEIXEIRA, PREFEITO MUNICIPAL, SOLICITANDO-LHE A GENTILEZA, NO SENTIDO DE INFORMAR \u00c0 ESTA CASA LEGISLATIVA, QUAL FOI A ECONOMIA GERADA PARA O GOVERNO DO MUNIC\u00cdPIO DE BURITAMA EM QUE V\u00c1RIAS REPARTI\u00c7\u00d5ES P\u00daBLICAS MUNICIPAIS FICARAM FECHADAS NO PER\u00cdODO DE 21 DE DEZEMBRO DE 2015 E 03 DE JANEIRO DE 2016, NOS TERMOS DO DECRETO N\u00ba 3.445, DE 16 DE OUTUBRO DE 2015, A EXEMPLO DO PA\u00c7O MUNICIPAL N\u00c9SIO CARDOSO E DO GIN\u00c1SIO DE ESPORTES MARIA BASSAN FEROLDI, ENTRE OUTRAS; FAVOR INFORMAR DE QUANTO FOI REFERIDA ECONOMIA E SE FOI SATISFAT\u00d3RIA PARA O MUNIC\u00cdPIO"}, {"id": "29", "ano": "2016", "numero": "7", "tipo__sigla": "REQ", "tipo__descricao": "Requerimento", "autoria": "RONALDO RAMOS FERNANDES", "texto_original": "http://sapl.buritama.sp.leg.br/media/sapl/public/materialegislativa/2016/29/29_texto_integral.pdf", "ementa": "SOLICITANDO-LHES A  GENTILEZA, NO SENTIDO DE INFORMAREM \u00c0 ESTA CASA LEGISLATIVA, QUAIS AS PROVID\u00caNCIAS QUE  FORAM, EST\u00c3O, OU AINDA  SER\u00c3O TOMADAS, \u00c0 N\u00cdVEL DAS DUAS PASTAS, COM RELA\u00c7\u00c3O AOS AUTOS DA CAR-COMISS\u00c3O DE ASSUNTOS RELEVANTES N\u00ba 01/13 DESTA CASA LEGISLATIVA, CRIADA COM O  OBJETIVO DE DESENVOLVER ESTUDOS COM REFER\u00caNCIA A NECESSIDADE  DE INSTALAR  REDE DE ESGOTOS NOS CONDOM\u00cdNIOS  DO  MUNIC\u00cdPIO DE BURITAMA, UMA VEZ  QUE COM AS FOSSAS S\u00c9PTICAS EXISTENTES PODERIA LEVAR A CONTAMINA\u00c7\u00c3O DE TODO O NOSSO LEN\u00c7OL  FRE\u00c1TICO, BEM  COMO AS \u00c1GUAS  DE NOSSOS RIOS, PARA CONHECIMENTO E PROVID\u00caNCIAS CAB\u00cdVEIS, CUJA  DOCUMENTA\u00c7\u00c3O FOI ENCAMINHADA \u00c0S DUAS PASTAS PELOS OF\u00cdCIOS  N\u00baS 244 E 245, EM 07 DE NOVEMBRO DE  2013. "}, {"id": "30", "ano": "2016", "numero": "8", "tipo__sigla": "REQ", "tipo__descricao": "Requerimento", "autoria": "BETO DO JEROMINHO", "texto_original": "http://sapl.buritama.sp.leg.br/media/sapl/public/materialegislativa/2016/30/30_texto_integral.doc", "ementa": "REQUERIMENTO DE URG\u00caNCIA PROJETO DE LEI 13/16."}, {"id": "31", "ano": "2016", "numero": "9", "tipo__sigla": "REQ", "tipo__descricao": "Requerimento", "autoria": "BETO DO JEROMINHO", "texto_original": "http://sapl.buritama.sp.leg.br/media/sapl/public/materialegislativa/2016/31/31_texto_integral.doc", "ementa": "REQUERIMENTO DE URG\u00caNCIA AO PROJETO DE LEI N\u00ba.14/16."}, {"id": "32", "ano": "2016", "numero": "10", "tipo__sigla": "REQ", "tipo__descricao": "Requerimento", "autoria": "BETO DO JEROMINHO", "texto_original": "http://sapl.buritama.sp.leg.br/media/sapl/public/materialegislativa/2016/32/32_texto_integral.doc", "ementa": "REQUERIMENTO DE URG\u00caNCIA AO PROJETO DE DECRETO  LEGISLATIVO NR.\u00ba01/16"}, {"id": "33", "ano": "2016", "numero": "11", "tipo__sigla": "REQ", "tipo__descricao": "Requerimento", "autoria": "RONALDO RAMOS FERNANDES", "texto_original": "http://sapl.buritama.sp.leg.br/media/sapl/public/materialegislativa/2016/33/33_texto_integral.doc", "ementa": "SOLICITANDO-LHE A GENTILEZA, NO SENTIDO DE FORNECER \u00c0 ESTA CASA LEGISLATIVA, INFORMA\u00c7\u00d5ES SOBRE OS RECURSOS REPASSADOS PELO MUNICIPIO NOS EVENTOS DE FESTA DO PE\u00c3O REALIZADOS NOS ANOS DE 2009, 2010, 2011, 2012, 2013, 2014 E 2015."}, {"id": "34", "ano": "2016", "numero": "12", "tipo__sigla": "REQ", "tipo__descricao": "Requerimento", "autoria": "RONALDO RAMOS FERNANDES", "texto_original": "http://sapl.buritama.sp.leg.br/media/sapl/public/materialegislativa/2016/34/34_texto_integral.doc", "ementa": ", SOLICITANDO-LHE A GENTILEZA, NO SENTIDO DE FORNECER \u00c0 ESTA CASA LEGISLATIVA, TODOS OS BALANCETES E SALDO REMANESCENTES DAS PRESTA\u00c7\u00d5ES DE CONTAS REFERENTES AS FESTAS DO PE\u00c3O DE 2009, 2010, 2011, 2012, 2013, 2014 E 2015.   \r\n\r\n"}, {"id": "35", "ano": "2016", "numero": "13", "tipo__sigla": "REQ", "tipo__descricao": "Requerimento", "autoria": "BETO DO JEROMINHO", "texto_original": "http://sapl.buritama.sp.leg.br/media/sapl/public/materialegislativa/2016/35/35_texto_integral.doc", "ementa": "REQUERIMENTO DE URG\u00caNCIA  AO PROJETO DE LEI N\u00ba01/16 DA MESA DIRETORA"}, {"id": "36", "ano": "2016", "numero": "14", "tipo__sigla": "REQ", "tipo__descricao": "Requerimento", "autoria": "RONALDO RAMOS FERNANDES", "texto_original": "http://sapl.buritama.sp.leg.br/media/sapl/public/materialegislativa/2016/36/36_texto_integral.doc", "ementa": "A GENTILEZA DE VOSSA EXCEL\u00caNCIA, DEPOIS DE OUVIDO O DOUTO PLEN\u00c1RIO, SEJA EXPEDIDA UMA MO\u00c7\u00c3O DE APLAUSO EM FAVOR DA 1\u00aa DAMA ALAIR DE ALMEIDA TEIXEIRA, EXTENSIVA \u00c0S SENHORAS ROSIMEIRE BATISTA  DA CONCEI\u00c7\u00c3O, CRISTIANE CANDIDO  LARGO, SUZANA MARIA DA SILVA SOUZA, IARA CRISTINA DE ANDRADE, KARINI PEREIRA FLORES ALFREDO, RITA CRISTINA  DE MATOS FEROLDI, EM\u00cdLIA APARECIDA DE PAULA, EDNA APARECIDA DOS SANTOS MOURA, ANAYANA  DE OLIVEIRA FAVER\u00c3O, ROSELI ANT\u00d4NIA PEREIRA, ANDR\u00c9IA WEDEKIN CHAVES, CAMILA SAMPAIO STELLA, SELMA MARIA MONTEIRO DE MELO MUNH\u00d3Z, JOSEFA EVA SCACALOSSI ROSANTE, ELAINE CRISTINA DOS SANTOS, MARIA CLEONICE NOGUEIRA DO NASCIMENTO, MARIA DAS GRA\u00c7AS VIEIRA, ROSA TEREZA GUERBAS, ERIKA DOMINGUES CALDEIRA, ROS\u00c2NGELA  SILVA DA CRUZ, LEILA  M\u00c1RCIA DA SILVA, CAMILA OLIVEIRA - ATELI\u00ca CAMILA ALIMAC, PATR\u00cdCIA LOPES, SABRINY LOPES ALC\u00c2NTARA, JOANA MARIA DE OLIVEIRA E AO SENHOR VALDIR PEREIRA DOS SANTOS, QUE COLABORARAM PARA A REALIZA\u00c7\u00c3O DO \"DIA DA BELEZA\", NA QUARTA-FEIRA, DIA 09 DE MAR\u00c7O DE 2016, DAS 09H00 \u00c0S 17H00, COM SORTEIO DE V\u00c1RIOS BRINDES, EM COMEMORA\u00c7\u00c3O AO \"DIA INTERNACIONAL DA MULHER\", NUMA PROMO\u00c7\u00c3O DO FUNDO SOCIAL DE SOLIDARIEDADE DE BURITAMA EM PARCERIA COM A DIVIS\u00c3O MUNICIPAL DE ASSIST\u00caNCIA SOCIAL, QUE N\u00c3O MEDIRAM ESFOR\u00c7OS PARA QUE O EVENTO MERECESSE ESPECIAL DESTAQUE E ALCAN\u00c7ASSE UM TREMENDO SUCESSO."}, {"id": "37", "ano": "2016", "numero": "15", "tipo__sigla": "REQ", "tipo__descricao": "Requerimento", "autoria": "RUB\u00c3O DA FARM\u00c1CIA", "texto_original": "http://sapl.buritama.sp.leg.br/media/sapl/public/materialegislativa/2016/37/37_texto_integral.doc", "ementa": ", A GENTILEZA DE VOSSA EXCEL\u00caNCIA, SEJA OFICIADO O SENHOR IZAIR DOS SANTOS TEIXEIRA, PREFEITO MUNICIPAL, SOLICITANDO-LHE A GENTILEZA, NO SENTIDO DE ENCAMINHAR UMA RELA\u00c7\u00c3O \u00c0 ESTA CASA LEGISLATIVA, CONSTANDO QUANTOS CARGOS CONSTANTES DO QUADRO DE SERVIDORES P\u00daBLICOS DO GOVERNO DO MUNIC\u00cdPIO DE BURITAMA TIVERAM AUMENTO DE REFER\u00caNCIAS, ESPECIFICANDO DENTRE ELES, QUAIS TIVERAM ALTERA\u00c7\u00c3O DE SUAS FUN\u00c7\u00d5ES, QUANTOS E QUAIS CARGOS SOFRERAM ALTERA\u00c7\u00c3O EM SUAS NOMENCLATURAS, E QUANTOS CARGOS SOFRERAM RECLASSIFICA\u00c7\u00c3O, NO PER\u00cdODO COMPREENDIDO ENTRE 01 DE JANEIRO DE 2009 E 23 DE MAR\u00c7O DE 2016, BEM COMO INFORMAR QUANTOS CARGOS FORAM CRIADOS PELO PODER EXECUTIVO NO ALUDIDO PER\u00cdODO.  "}, {"id": "38", "ano": "2016", "numero": "16", "tipo__sigla": "REQ", "tipo__descricao": "Requerimento", "autoria": "BETO DO JEROMINHO", "texto_original": "http://sapl.buritama.sp.leg.br/media/sapl/public/materialegislativa/2016/38/38_texto_integral.doc", "ementa": "REQUERIMENTO DE URG\u00caNCIA AO PROJETO DE LEI N\u00ba15/16. "}, {"id": "39", "ano": "2016", "numero": "17", "tipo__sigla": "REQ", "tipo__descricao": "Requerimento", "autoria": "BETO DO JEROMINHO", "texto_original": "http://sapl.buritama.sp.leg.br/media/sapl/public/materialegislativa/2016/39/39_texto_integral.doc", "ementa": "REQUERIMENTO DE URG\u00caNCIA AO PROJETO DE LEI NR\u00ba16/16."}, {"id": "40", "ano": "2016", "numero": "18", "tipo__sigla": "REQ", "tipo__descricao": "Requerimento", "autoria": "BETO DO JEROMINHO", "texto_original": "http://sapl.buritama.sp.leg.br/media/sapl/public/materialegislativa/2016/40/40_texto_integral.doc", "ementa": "REQUERIMENTO DE URG\u00caNCIA AO PROJETO DE LEI NR\u00ba17/16."}, {"id": "41", "ano": "2016", "numero": "19", "tipo__sigla": "REQ", "tipo__descricao": "Requerimento", "autoria": "BETO DO JEROMINHO", "texto_original": "http://sapl.buritama.sp.leg.br/media/sapl/public/materialegislativa/2016/41/41_texto_integral.doc", "ementa": "REQUERIMENTO DE URG\u00caNCIA AO PROJETO DE LEI NR\u00ba19/16."}, {"id": "42", "ano": "2016", "numero": "20", "tipo__sigla": "REQ", "tipo__descricao": "Requerimento", "autoria": "FEBEM", "texto_original": "http://sapl.buritama.sp.leg.br/media/sapl/public/materialegislativa/2016/42/42_texto_integral.doc", "ementa": "REQUEIRO, A GENTILEZA DE VOSSA EXCEL\u00caNCIA, SEJA OFICIADO O SENHOR IZAIR DOS SANTOS TEIXEIRA, PREFEITO MUNICIPAL, SOLICITANDO-LHE A GENTILEZA, NO SENTIDO DE INFORMAR \u00c0 ESTA CASA LEGISLATIVA, QUAL O REAL MOTIVO QUE LEVOU O GOVERNO DO MUNIC\u00cdPIO DE BURITAMA A RESCINDIR O CONTRATO CELEBRADO COM O SENHOR ISA\u00cdAS ALC\u00c2NTARA CARVALHO, PROPRIET\u00c1RIO DO JORNAL MANCHETE DA REGI\u00c3O (ISA\u00cdAS ALC\u00c2NTARA CARVALHO-ME).   "}, {"id": "43", "ano": "2016", "numero": "21", "tipo__sigla": "REQ", "tipo__descricao": "Requerimento", "autoria": "BETO DO JEROMINHO", "texto_original": "http://sapl.buritama.sp.leg.br/media/sapl/public/materialegislativa/2016/43/43_texto_integral.doc", "ementa": "REQUERIMENTO DE URG\u00caNCIA AO PROJETO DE LEI NR\u00ba02/16. "}, {"id": "44", "ano": "2016", "numero": "22", "tipo__sigla": "REQ", "tipo__descricao": "Requerimento", "autoria": "RONALDO RAMOS FERNANDES", "texto_original": "http://sapl.buritama.sp.leg.br/media/sapl/public/materialegislativa/2016/44/44_texto_integral.doc", "ementa": "REQUEIRO, A GENTILEZA DE VOSSA EXCEL\u00caNCIA, SEJAM OFICIADOS OS SENHORES IZAIR DOS SANTOS TEIXEIRA, PREFEITO MUNICIPAL, E CHISLANI CRISTINA BATISTA DA CUNHA, DIRETORA MUNICIPAL DE SA\u00daDE DO GOVERNO DO MUNIC\u00cdPIO DE BURITAMA, SOLICITANDO-LHES A GENTILEZA, NO SENTIDO DE  INFORMAREM \u00c0 ESTA CASA LEGISLATIVA, SE REALMENTE PROCEDEM AS INFORMA\u00c7\u00d5ES DE QUE H\u00c1 FALTA DOS PRODUTOS DE PRIMEIRA NECESSIDADE, TAIS COMO: PAPEL HIGI\u00caNICO, PAPEL TOALHA, SABONETE, COPOS DESCART\u00c1VEIS NAS DEPEND\u00caNCIAS DAS UNIDADES B\u00c1SICAS DE SA\u00daDE DE NOSSO MUNIC\u00cdPIO.   \r\n\r\n"}, {"id": "45", "ano": "2016", "numero": "23", "tipo__sigla": "REQ", "tipo__descricao": "Requerimento", "autoria": "FEBEM", "texto_original": "http://sapl.buritama.sp.leg.br/media/sapl/public/materialegislativa/2016/45/45_texto_integral.doc", "ementa": "REQUEIRO, A GENTILEZA DE VOSSA EXCEL\u00caNCIA, SEJAM OFICIADOS OS SENHORES IZAIR DOS SANTOS TEIXEIRA, PREFEITO MUNICIPAL, E CHISLANI CRISTINA BATISTA DA CUNHA, DIRETORA MUNICIPAL DE SA\u00daDE DO GOVERNO DO MUNIC\u00cdPIO DE BURITAMA, SOLICITANDO-LHES A GENTILEZA, NO SENTIDO DE  ENCAMINHAREM \u00c0 ESTA CASA LEGISLATIVA, UMA RELA\u00c7\u00c3O DOS EXAMES M\u00c9DICOS DE ROTINA QUE S\u00c3O AUTORIZADOS PELO DEPARTAMENTO MUNICIPAL DE SA\u00daDE E QUE POR ALGUM MOTIVO AINDA EST\u00c3O PENDENTES DE AUTORIZA\u00c7\u00c3O PELA AUTORIDADE COMPETENTE, BEM COMO A QUANTIDADE DESSES PROCEDIMENTOS.  "}, {"id": "46", "ano": "2016", "numero": "24", "tipo__sigla": "REQ", "tipo__descricao": "Requerimento", "autoria": "RONALDO RAMOS FERNANDES", "texto_original": "http://sapl.buritama.sp.leg.br/media/sapl/public/materialegislativa/2016/46/46_texto_integral.doc", "ementa": "REQUEIRO, A GENTILEZA DE VOSSA EXCEL\u00caNCIA, SEJAM OFICIADOS OS SENHORES IZAIR DOS SANTOS TEIXEIRA, PREFEITO MUNICIPAL, E ETTORE ZANIN, DIRETOR-EXECUTIVO DO SAAEMB-SERVI\u00c7O AUT\u00d4NOMO DE \u00c1GUA, ESGOTO E MEIO AMBIENTE DO MUNIC\u00cdPIO DE BURITAMA, SOLICITANDO-LHES A GENTILEZA, NO SENTIDO DE INFORMAREM \u00c0 ESTA CASA LEGISLATIVA, SE AS MUDAS DE \u00c1RVORES QUE ESTAVAM DISPON\u00cdVEIS J\u00c1 FORAM DEVIDAMENTE PLANTADAS EM TODOS OS LOTEAMENTOS RESIDENCIAIS DO MUNIC\u00cdPIO, OU SE AINDA N\u00c3O FORAM; EM CASO NEGATIVO, FAVOR EXPLICAR OS REAIS MOTIVOS QUE LEVARAM OS RESPONS\u00c1VEIS A N\u00c3O TOMAREM TAL PROCEDIMENTO.   "}, {"id": "47", "ano": "2016", "numero": "25", "tipo__sigla": "REQ", "tipo__descricao": "Requerimento", "autoria": "RONALDO RAMOS FERNANDES", "texto_original": "http://sapl.buritama.sp.leg.br/media/sapl/public/materialegislativa/2016/47/requerimento_no_25.pdf", "ementa": "REQUEIRO A GENTILEZA DE VOSSA EXCEL\u00caNCIA, DEPOIS DE OUVIDO O DOUTO PLEN\u00c1RIO, SEJA EXPEDIDA UMA MO\u00c7\u00c3O DE CONGRATULA\u00c7\u00c3O EM FAVOR DA SERVIDORA P\u00daBLICA MUNICIPAL CHISLANI CRISTINA BATISTA DA CUNHA, DIRETORA MUNICIPAL DE SA\u00daDE DO GOVERNO DO MUNIC\u00cdPIO DE BURITAMA, EXTENSIVA AOS SEGUINTES FUNCION\u00c1RIOS P\u00daBLICOS MUNICIPAIS: 1.1. DA DIVIS\u00c3O DE VIGIL\u00c2NCIAS: N\u00daCLEO DE ZOONOSES/VETORES: KARINA ALC\u00c2NTARA GALD\u00caNCIO, VANDERLEI BARBOSA E TEREZINHA ALVES DA SILVA, 1.2. VIGIL\u00c2NCIA SANIT\u00c1RIA: CL\u00c1UDIA REGINA DE OLIVEIRA MOUTINHO, LUIZ CARLOS DIAS, LUCIANA SERAPHIN E \u00c2NGELO PEDR\u00c3O J\u00daNIOR; 2 - UBS III - JAIME PINTO CUNHA: 2.1.- EQUIPE COORDENADA PELA ENFERMEIRA MARA: APARECIDA FERNANDA DA SILVA, JULIANE DA SILVA ALVES, JAQUELINA ALVES DE SOUZA, JENNIFER PERES, RAQUEL RIBEIRO CUNHA, SILVANA RENATA DOS SANTOS E MARA ANDR\u00c9IA SIMONATTO; 2.2. EQUIPE COORDENADA PELA ENFERMEIRA AMANDA: S\u00d4NIA CRISTINA DOS SANTOS LOPES, S\u00cdLVIA SOUZA BORGES, DANIELE ALC\u00c2NTARA DE O. PERASSOLI, MARIA DA LUZ MELO VIEIRA, ELAINE CRISTINA RIBEIRO DOS SANTOS SILVA, ADRIANA APARECIDA PALMA, REGIMARA APARECIDA DA SILVA SILVA, MARIA JOS\u00c9 MAXIANO DOS SANTOS E IRACI MARIA NOBRE MORAES; 3 - UBS II - NICOLA LAVECCHIA: EQUIPE COORDENADA PELA ENFERMEIRA FABIANA: FABIANA GON\u00c7ALVES, ERIKA VERG\u00cdLIO MARQUES, GISLAINE CRISTINA VIEIRA SIM\u00c3O GONSALES, HELENA RODRIGUES, HELITON RIBEIRO, IRENE MARIA DE SOUZA DIAS, JOSILENE DE JESUS VIEIRA FERREIRA, MA\u00cdSA RODRIGUES ALVES, ROSANGELA APARECIDA FERNANDES RODRIGUES E ROSANGELA BERG DE SOUZA, QUE PARTICIPARAM ATIVAMENTE DO ARRAST\u00c3O CONTRA A DENGUE REALIZADO DE 22/02/16 \u00c0 26/02/16 E DE 29/02/16 \u00c0 03/03/16, QUANDO DEZESSEIS CAMINH\u00d5ES FORAM NECESS\u00c1RIOS PARA RETIRAR 13 TONELADAS DE ENTULHOS POR DIA NA A\u00c7\u00c3O REALIZADA NO ALUDIDO PER\u00cdODO, ONDE SERVIDORES E MORADORES SE UNIRAM NA LUTA PARA CONTER O MOSQUITO AEDES AEGYPTI, VISTORIANDO CASA A CASA A FIM DE ELIMINAR OS CRIADOUROS COM A RETIRADA DE MATERIAIS QUE ACUMULAM \u00c1GUA COMO LONAS, GARRAFAS, RECIPIENTES PL\u00c1STICOS E OUTROS."}, {"id": "48", "ano": "2016", "numero": "26", "tipo__sigla": "REQ", "tipo__descricao": "Requerimento", "autoria": "BETO DO JEROMINHO", "texto_original": "http://sapl.buritama.sp.leg.br/media/sapl/public/materialegislativa/2016/48/48_texto_integral.doc", "ementa": "REQUERIMENTO DE URG\u00caNCIA AO PROJETO DE LEI NR\u00ba20/16."}, {"id": "49", "ano": "2016", "numero": "27", "tipo__sigla": "REQ", "tipo__descricao": "Requerimento", "autoria": "BETO DO JEROMINHO", "texto_original": "http://sapl.buritama.sp.leg.br/media/sapl/public/materialegislativa/2016/49/49_texto_integral.doc", "ementa": "REQUERIMENTO DE URG\u00caNCIA AO PROJETO DE LEI NR\u00ba21/16."}, {"id": "50", "ano": "2016", "numero": "28", "tipo__sigla": "REQ", "tipo__descricao": "Requerimento", "autoria": "OSVALDINHO", "texto_original": "http://sapl.buritama.sp.leg.br/media/sapl/public/materialegislativa/2016/50/50_texto_integral.doc", "ementa": "REQUEIRO, A GENTILEZA DE VOSSA EXCEL\u00caNCIA, SEJA OFICIADO O SENHOR IZAIR DOS SANTOS TEIXEIRA, PREFEITO MUNICIPAL, SOLICITANDO-LHE A GENTILEZA, NO SENTIDO DE INFORMAR \u00c0 ESTA CASA LEGISLATIVA, A REAL SITUA\u00c7\u00c3O EM QUE SE ENCONTRA A DOCUMENTA\u00c7\u00c3O REFERENTE AO EST\u00c1DIO DE FUTEBOL CARLOS GUERBACH (BRASIL FUTEBOL CLUBE).   \r\n\r\n"}, {"id": "51", "ano": "2016", "numero": "29", "tipo__sigla": "REQ", "tipo__descricao": "Requerimento", "autoria": "OSVALDINHO", "texto_original": "http://sapl.buritama.sp.leg.br/media/sapl/public/materialegislativa/2016/51/51_texto_integral.doc", "ementa": "REQUEIRO, A GENTILEZA DE VOSSA EXCEL\u00caNCIA, SEJA OFICIADO O SENHOR IZAIR DOS SANTOS TEIXEIRA, PREFEITO MUNICIPAL, SOLICITANDO-LHE A GENTILEZA, NO SENTIDO DE INFORMAR \u00c0 ESTA CASA LEGISLATIVA, A REAL SITUA\u00c7\u00c3O EM QUE SE ENCONTRA A DOCUMENTA\u00c7\u00c3O REFERENTE AO TERRENO PERTENCENTE \u00c0 MUNICIPALIDADE LOCALIZADO NO CONJUNTO HABITACIONAL HOR\u00c1CIO RODRIGUES GOULART.   "}, {"id": "52", "ano": "2016", "numero": "30", "tipo__sigla": "REQ", "tipo__descricao": "Requerimento", "autoria": "BETO DO JEROMINHO", "texto_original": "http://sapl.buritama.sp.leg.br/media/sapl/public/materialegislativa/2016/52/52_texto_integral.doc", "ementa": "REQUERIMENTO DE URG\u00caNCIA AO PROJETO DE LEI NR\u00ba22/16."}, {"id": "53", "ano": "2016", "numero": "31", "tipo__sigla": "REQ", "tipo__descricao": "Requerimento", "autoria": "BETO DO JEROMINHO", "texto_original": "http://sapl.buritama.sp.leg.br/media/sapl/public/materialegislativa/2016/53/53_texto_integral.doc", "ementa": "REQUERIMENTO DE URG\u00caNCIA AO PROJETO DE  DECRETO LEGISLATIVO  NR\u00ba02/16."}, {"id": "54", "ano": "2016", "numero": "32", "tipo__sigla": "REQ", "tipo__descricao": "Requerimento", "autoria": "BETO DO JEROMINHO", "texto_original": "http://sapl.buritama.sp.leg.br/media/sapl/public/materialegislativa/2016/54/54_texto_integral.doc", "ementa": "REQUERIMENTO DE URG\u00caNCIA AO PROJETO DE DECRETO LEGISLATIVO NR\u00ba03/16."}, {"id": "55", "ano": "2016", "numero": "33", "tipo__sigla": "REQ", "tipo__descricao": "Requerimento", "autoria": "BETO DO JEROMINHO", "texto_original": "http://sapl.buritama.sp.leg.br/media/sapl/public/materialegislativa/2016/55/55_texto_integral.doc", "ementa": "REQUERIMENTO DE URG\u00caNCIA AO PROJETO DE DECRETO LEGISLATIVO NR\u00ba04/16."}, {"id": "56", "ano": "2016", "numero": "34", "tipo__sigla": "REQ", "tipo__descricao": "Requerimento", "autoria": "BETO DO JEROMINHO", "texto_original": "http://sapl.buritama.sp.leg.br/media/sapl/public/materialegislativa/2016/56/56_texto_integral.doc", "ementa": "REQUERIMENTO DE URG\u00caNCIA AO PROJETO DE DECRETO LEGISLATIVO NR\u00ba05/16."}, {"id": "57", "ano": "2016", "numero": "35", "tipo__sigla": "REQ", "tipo__descricao": "Requerimento", "autoria": "BETO DO JEROMINHO", "texto_original": "http://sapl.buritama.sp.leg.br/media/sapl/public/materialegislativa/2016/57/57_texto_integral.doc", "ementa": "REQUERIMENTO DE URG\u00caNCIA AO PROJETO DE DECRETO LEGISLATIVO NR\u00ba06/16."}, {"id": "58", "ano": "2016", "numero": "36", "tipo__sigla": "REQ", "tipo__descricao": "Requerimento", "autoria": "BETO DO JEROMINHO", "texto_original": "http://sapl.buritama.sp.leg.br/media/sapl/public/materialegislativa/2016/58/58_texto_integral.doc", "ementa": "REQUERIMENTO DE URG\u00caNCIA AO PROJETO DE DECRETO LEGISLATIVO NR\u00ba 07/16.\r\n\r\n\r\n"}, {"id": "59", "ano": "2016", "numero": "37", "tipo__sigla": "REQ", "tipo__descricao": "Requerimento", "autoria": "BETO DO JEROMINHO", "texto_original": "http://sapl.buritama.sp.leg.br/media/sapl/public/materialegislativa/2016/59/59_texto_integral.doc", "ementa": "REQUERIMENTO DE URG\u00caNCIA AO PROJETO DE DECRETO LEGISLATIVO NR\u00ba08/16."}, {"id": "60", "ano": "2016", "numero": "38", "tipo__sigla": "REQ", "tipo__descricao": "Requerimento", "autoria": "FEBEM", "texto_original": "http://sapl.buritama.sp.leg.br/media/sapl/public/materialegislativa/2016/60/60_texto_integral.doc", "ementa": "REQUEIRO, A GENTILEZA DE VOSSA EXCEL\u00caNCIA, SEJA OFICIADO O SENHOR IZAIR DOS SANTOS TEIXEIRA, PREFEITO MUNICIPAL, SOLICITANDO-LHE A GENTILEZA, NO SENTIDO DE ENCAMINHAR \u00c0 ESTA CASA LEGISLATIVA, UMA C\u00d3PIA COMPLETA DO PROCESSO LICITAT\u00d3RIO, MODALIDADE CARTA CONVITE N\u00ba 15/2016, NO QUAL SAIU VENCEDORA A EMPRESA DE LUCIMEIRE FEROLDI ROCHA, NO VALOR DE R$. 50.410,00, PUBLICADO NO JORNAL FOLHA DA REGI\u00c3O, EDI\u00c7\u00c3O DE SEXTA-FEIRA, DIA 15 DE ABRIL DE 2016.    "}, {"id": "61", "ano": "2016", "numero": "39", "tipo__sigla": "REQ", "tipo__descricao": "Requerimento", "autoria": "ROSELI NOBRE", "texto_original": "http://sapl.buritama.sp.leg.br/media/sapl/public/materialegislativa/2016/61/61_texto_integral.doc", "ementa": "REQUEIRO, A GENTILEZA DE VOSSA EXCEL\u00caNCIA, SEJA OFICIADO O SENHOR IZAIR DOS SANTOS TEIXEIRA, PREFEITO MUNICIPAL, SOLICITANDO-LHE A GENTILEZA, NO SENTIDO DE INFORMAR \u00c0 ESTA CASA LEGISLATIVA, QUAL O REAL MOTIVO QUE TODAS AS INDICA\u00c7\u00d5ES SUGERINDO REFORMAS OU MELHORIAS NO CONJUNTO POLIESPORTIVO FERNANDO RODRIGUES, LOCALIZADO NA GLEBA 10, N\u00c3O FORAM ATENDIDAS PELO GOVERNO DO MUNIC\u00cdPIO DE BURITAMA, NEM TAMPOUCO FORAM RESPONDIDAS PELA ADMINISTRA\u00c7\u00c3O MUNICIPAL.   \r\n\r\n"}, {"id": "62", "ano": "2016", "numero": "40", "tipo__sigla": "REQ", "tipo__descricao": "Requerimento", "autoria": "ANTONIO CARLOS", "texto_original": "http://sapl.buritama.sp.leg.br/media/sapl/public/materialegislativa/2016/62/62_texto_integral.doc", "ementa": ", REQUEIRO, A GENTILEZA DE VOSSA EXCEL\u00caNCIA, SEJA OFICIADO A SENHORA CHISLANI CRISTINA BATISTA DA CUNHA, DIRETORA MUNICIPAL DE SA\u00daDE DO GOVERNO DO MUNIC\u00cdPIO DE BURITAMA, SOLICITANDO-LHE A GENTILEZA, NO SENTIDO DE INFORMAR \u00c0 ESTA CASA LEGISLATIVA, SE PROCEDEM AS INFORMA\u00c7\u00d5ES DE QUE AS GESTANTES QUE ENTRAM EM TRABALHO DE PARTO DE NOSSA CIDADE QUE EST\u00c3O SENDO ATENDIDAS NA SANTA CASA DE MISERIC\u00d3RDIA S\u00c3O FRANCISCO, EST\u00c3O SENDO TRANSFERIDAS PARA BIRIGUI OU OUTRAS CIDADES PARA DAR A LUZ.  \r\n\r\n"}, {"id": "63", "ano": "2016", "numero": "41", "tipo__sigla": "REQ", "tipo__descricao": "Requerimento", "autoria": "BETO DO JEROMINHO", "texto_original": "http://sapl.buritama.sp.leg.br/media/sapl/public/materialegislativa/2016/63/63_texto_integral.doc", "ementa": "REQUERIMENTO DE URG\u00caNCIA AO PROJETO DE LEI NR.\u00ba24/16.  "}, {"id": "64", "ano": "2016", "numero": "42", "tipo__sigla": "REQ", "tipo__descricao": "Requerimento", "autoria": "BETO DO JEROMINHO", "texto_original": "http://sapl.buritama.sp.leg.br/media/sapl/public/materialegislativa/2016/64/64_texto_integral.doc", "ementa": "REQUERIMENTO DE URG\u00caNCIA AO PROJETO DE LEI NR.\u00ba25/16.  "}, {"id": "65", "ano": "2016", "numero": "43", "tipo__sigla": "REQ", "tipo__descricao": "Requerimento", "autoria": "BETO DO JEROMINHO", "texto_original": "http://sapl.buritama.sp.leg.br/media/sapl/public/materialegislativa/2016/65/65_texto_integral.doc", "ementa": "REQUERIMENTO DE URG\u00caNCIA AO PROJETO DE LEI NR.\u00ba26/16.  "}, {"id": "66", "ano": "2016", "numero": "44", "tipo__sigla": "REQ", "tipo__descricao": "Requerimento", "autoria": "BETO DO JEROMINHO", "texto_original": "http://sapl.buritama.sp.leg.br/media/sapl/public/materialegislativa/2016/66/66_texto_integral.doc", "ementa": "REQUERIMENTO DE URG\u00caNCIA AO PROJETO DE LEI NR.\u00ba27/16.  "}, {"id": "67", "ano": "2016", "numero": "45", "tipo__sigla": "REQ", "tipo__descricao": "Requerimento", "autoria": "BETO DO JEROMINHO", "texto_original": "http://sapl.buritama.sp.leg.br/media/", "ementa": "REQUERIMENTO DE URG\u00caNCIA AO PROJETO DE LEI NR.\u00ba03/16, EDILIDADE.  "}, {"id": "68", "ano": "2016", "numero": "46", "tipo__sigla": "REQ", "tipo__descricao": "Requerimento", "autoria": "BETO DO JEROMINHO", "texto_original": "http://sapl.buritama.sp.leg.br/media/sapl/public/materialegislativa/2016/68/68_texto_integral.doc", "ementa": "REQUERIMENTO DE URG\u00caNCIA AO PROJETO DE DECRETO LEGISLATIVO NR.\u00ba11/16.  "}, {"id": "69", "ano": "2016", "numero": "47", "tipo__sigla": "REQ", "tipo__descricao": "Requerimento", "autoria": "RONALDO RAMOS FERNANDES", "texto_original": "http://sapl.buritama.sp.leg.br/media/sapl/public/materialegislativa/2016/69/69_texto_integral.doc", "ementa": "REQUEIRO, A GENTILEZA DE VOSSA EXCEL\u00caNCIA, SEJA OFICIADO O SENHOR IZAIR DOS SANTOS TEIXEIRA, PREFEITO MUNICIPAL, SOLICITANDO-LHE A GENTILEZA, NO SENTIDO DE INFORMAR \u00c0 ESTA CASA LEGISLATIVA, A REAL SITUA\u00c7\u00c3O DE TODOS OS CONJUNTOS HABITACIONAIS NA QUEST\u00c3O REFERENTE \u00c0 ARBORIZA\u00c7\u00c3O DAS \u00c1REAS J\u00c1 EXISTENTES E RESERVADAS PARA TAL FINALIDADE.   "}, {"id": "70", "ano": "2016", "numero": "48", "tipo__sigla": "REQ", "tipo__descricao": "Requerimento", "autoria": "FEBEM", "texto_original": "http://sapl.buritama.sp.leg.br/media/sapl/public/materialegislativa/2016/70/70_texto_integral.doc", "ementa": "REQUEIRO, A GENTILEZA DE VOSSA EXCEL\u00caNCIA, SEJA OFICIADO O SENHOR IZAIR DOS SANTOS TEIXEIRA, PREFEITO MUNICIPAL, SOLICITANDO-LHE A GENTILEZA, NO SENTIDO DE INFORMAR \u00c0 ESTA CASA LEGISLATIVA, SE O GOVERNO DO MUNIC\u00cdPIO DE BURITAMA VAI DISPONIBILIZAR \u00d4NIBUS PARA O TRANSPORTE DOS CANDIDATOS QUE IR\u00c3O PRESTAR AS PROVAS DO EXAME NACIONAL DO ENSINO M\u00c9DIO (ENEM), QUE OCORRER\u00c3O NOS DIAS 05 E 06 DE NOVEMBRO DE 2016. "}, {"id": "71", "ano": "2016", "numero": "49", "tipo__sigla": "REQ", "tipo__descricao": "Requerimento", "autoria": "BETO DO JEROMINHO", "texto_original": "http://sapl.buritama.sp.leg.br/media/sapl/public/materialegislativa/2016/71/71_texto_integral.doc", "ementa": "REQUERIMENTO DE URG\u00caNCIA AO PROJETO DE LEI NR.\u00ba28/16."}, {"id": "72", "ano": "2016", "numero": "50", "tipo__sigla": "REQ", "tipo__descricao": "Requerimento", "autoria": "BETO DO JEROMINHO", "texto_original": "http://sapl.buritama.sp.leg.br/media/sapl/public/materialegislativa/2016/72/requerimento_no_50.pdf", "ementa": "REQUERIMENTO DE URG\u00caNCIA AO PROJETO DE LEI NR.\u00ba29/16."}, {"id": "73", "ano": "2016", "numero": "51", "tipo__sigla": "REQ", "tipo__descricao": "Requerimento", "autoria": "BETO DO JEROMINHO", "texto_original": "http://sapl.buritama.sp.leg.br/media/sapl/public/materialegislativa/2016/73/requerimento_no_51.pdf", "ementa": "REQUERIMENTO DE URG\u00caNCIA AO PROJETO DE LEI NR.\u00ba04/16, EDILIDADE."}, {"id": "74", "ano": "2016", "numero": "52", "tipo__sigla": "REQ", "tipo__descricao": "Requerimento", "autoria": "BETO DO JEROMINHO", "texto_original": "http://sapl.buritama.sp.leg.br/media/sapl/public/materialegislativa/2016/74/requerimento_no_52.pdf", "ementa": "REQUERIMENTO DE URG\u00caNCIA AO PROJETO DE DECRETO LEGISLATIVO NR.\u00ba12/16."}, {"id": "75", "ano": "2016", "numero": "53", "tipo__sigla": "REQ", "tipo__descricao": "Requerimento", "autoria": "CARLINHO DO DIVINO, ANTONIO CARLOS, ANTONIO ROMILDO DOS SANTOS, FEBEM", "texto_original": "http://sapl.buritama.sp.leg.br/media/sapl/public/materialegislativa/2016/75/requerimento_no_53.pdf", "ementa": ", REQUEREMOS A GENTILEZA DE VOSSA EXCEL\u00caNCIA, DEPOIS DE OUVIDO O DOUTO BASSO DE ALMEIDA, DD\u00aa DIRETORA DA E.E. \u00c1LVARO ALVIM, EXTENSIVA AOS PROFESSORES JOS\u00c9 RICARDO DE ALMEIDA E F\u00c1BIO LUIZ DOS SANTOS MORAIS, CUJOS MESTRES ESTIVERAM ACOMPANHANDO UMA TURMA DE ESTUDANTES DAQUELA UNIDADE ESCOLAR NA QUINTA-FEIRA, DIA 19 DE MAIO DE 2016, EM VISITA \u00c0S DEPEND\u00caNCIAS DESTA CASA LEGISLATIVA, QUANDO ESTIVERAM REUNIDOS COM ALGUNS VEREADORES DISCUTINDO OS MAIS PLEN\u00c1RIO, SEJA EXPEDIDA UMA MO\u00c7\u00c3O DE APLAUSO EM FAVOR DA SENHORA NEUSA APARECIDA VARIADOS ASSUNTOS POL\u00cdTICOS QUE DIZEM RESPEITO AO NOSSO MUNIC\u00cdPIO, E \u00c0 MEDIDA EM QUE ERAM SUSCITADOS PELOS ALUNOS ERAM DEVIDAMENTE ESCLARECIDOS PELOS NOBRES PARLAMENTARES PRESENTES"}, {"id": "76", "ano": "2016", "numero": "54", "tipo__sigla": "REQ", "tipo__descricao": "Requerimento", "autoria": "FEBEM", "texto_original": "http://sapl.buritama.sp.leg.br/media/sapl/public/materialegislativa/2016/76/76_texto_integral.doc", "ementa": "REQUEIRO A GENTILEZA DE VOSSA EXCEL\u00caNCIA, DEPOIS DE OUVIDO O DOUTO PLEN\u00c1RIO, SEJAM OFICIADAS AS SENHORAS N\u00c1DIA MARIA DOS SANTOS VULPINI, DIRETORA DA E.E. PROF. OSWALDO JANUZZI,  IDORETI DE DEUS, DIRETORA DA EMEF DO BAIRRO NOSSA SENHORA DO LIVRAMENTO, MARIN\u00caS APARECIDA DOS SANTOS FARINA, DIRETORA DA EMEF MARIA DO CARMO CUNHA GUERBAS, GENOVIRGE ALVES DE ANDRADE, DIRETORA DA EMEI CASTRO ALVES, E ELIANA APARECIDA GOMES DOS SANTOS, DIRETORA DA EMEI PROF\u00aa ODETE DE OLIVEIRA FEROLDI PARA, CASO INTERESSEM, QUE ALUNOS DESSES ESTABELECIMENTOS DE ENSINO PARTICIPEM DE UMA REUNI\u00c3O COM OS VEREADORES DESTA CASA LEGISLATIVA PARA DISCUSS\u00c3O E ESCLARECIMENTOS DOS MAIS VARIADOS ASSUNTOS POL\u00cdTICOS QUE DIZEM RESPEITO AO NOSSO MUNIC\u00cdPIO, QUE POR VENTURA SURGIREM POR PARTE DA CLASSE ESTUDANTIL, QUE TENHAM A GENTILEZA DE AGENDAR COM A SECRETARIA ADMINISTRATIVA DA MUNICIPAL PARA VIABILIZAR TAIS ENCONTROS QUE A NOSSO VER, SER\u00c3O MUITO IMPORTANTES \u00c0 EXEMPLO DO J\u00c1 REALIZADO NO M\u00caS DE MAIO P. PASSADO COM ESTUDANTES DA E.E. \u00c1LVARO ALVIM QUE ESTIVERAM ACOMPANHADOS DE DOIS PROFESSORES DAQUELA CONCEITUADA UNIDADE ESCOLAR.    "}, {"id": "77", "ano": "2016", "numero": "55", "tipo__sigla": "REQ", "tipo__descricao": "Requerimento", "autoria": "BETO DO JEROMINHO", "texto_original": "http://sapl.buritama.sp.leg.br/media/sapl/public/materialegislativa/2016/77/requerimento_no_55.pdf", "ementa": "REQUERIMENTO DE URG\u00caNCIA AO PROJETO DE LEI NR.\u00ba23/16."}, {"id": "78", "ano": "2016", "numero": "56", "tipo__sigla": "REQ", "tipo__descricao": "Requerimento", "autoria": "BETO DO JEROMINHO", "texto_original": "http://sapl.buritama.sp.leg.br/media/sapl/public/materialegislativa/2016/78/requerimento_no_56.pdf", "ementa": "REQUERIMENTO DE URG\u00caNCIA AO PROJETO DE LEI NR.\u00ba31/16."}, {"id": "79", "ano": "2016", "numero": "57", "tipo__sigla": "REQ", "tipo__descricao": "Requerimento", "autoria": "BETO DO JEROMINHO", "texto_original": "http://sapl.buritama.sp.leg.br/media/sapl/public/materialegislativa/2016/79/requerimento_no_57.pdf", "ementa": "REQUERIMENTO DE URG\u00caNCIA AO PROJETO DE DECRETO LEGISLATIVO NR.\u00ba13/16."}, {"id": "80", "ano": "2016", "numero": "58", "tipo__sigla": "REQ", "tipo__descricao": "Requerimento", "autoria": "BETO DO JEROMINHO", "texto_original": "http://sapl.buritama.sp.leg.br/media/sapl/public/materialegislativa/2016/80/requerimento_no_58.pdf", "ementa": "REQUERIMENTO DE URG\u00caNCIA AO PROJETO DE LEI NR.\u00ba30/16."}, {"id": "81", "ano": "2016", "numero": "59", "tipo__sigla": "REQ", "tipo__descricao": "Requerimento", "autoria": "BETO DO JEROMINHO", "texto_original": "http://sapl.buritama.sp.leg.br/media/sapl/public/materialegislativa/2016/81/requerimento_no_59.pdf", "ementa": "REQUERIMENTO DE URG\u00caNCIA AO PROJETO DE LEI NR.\u00ba33/16."}, {"id": "82", "ano": "2016", "numero": "60", "tipo__sigla": "REQ", "tipo__descricao": "Requerimento", "autoria": "OSVALDINHO", "texto_original": "http://sapl.buritama.sp.leg.br/media/sapl/public/materialegislativa/2016/82/82_texto_integral.doc", "ementa": "REQUEIRO, A GENTILEZA DE VOSSA EXCEL\u00caNCIA, SEJA OFICIADO O SENHOR IZAIR DOS SANTOS TEIXEIRA, PREFEITO MUNICIPAL, SOLICITANDO-LHE A GENTILEZA, NO SENTIDO DE INFORMAR \u00c0 ESTA CASA LEGISLATIVA, QUAL \u00c9 O ITINER\u00c1RIO QUE OS VE\u00cdCULOS LONGOS PESADOS, COMO BI-TRENS E TREMINH\u00d5ES, E OUTROS DA MESMA NATUREZA, PASSAR\u00c3O A USAR DEPOIS DA REUNI\u00c3O QUE REALIZOU NAS DEPEND\u00caNCIAS DA PREFEITURA MUNICIPAL EM QUE FICOU TERMINANTEMENTE PROIBIDO O SEU TR\u00c1FEGO NAS VIAS P\u00daBLICAS URBANAS DE NOSSA CIDADE; SE EST\u00c3O PROIBIDOS DE TRAFEGAR NAS VIAS P\u00daBLICAS URBANAS, COMO OS MOTORISTAS FAR\u00c3O PARA O ESCOAMENTO DA PRODU\u00c7\u00c3O DE CANA-DE-A\u00c7\u00daCAR AT\u00c9 O SEU DESTINO FINAL QUE \u00c9 A USINA DE BENEFICIAMENTO; QUAL \u00c9 A SOLU\u00c7\u00c3O QUE O GOVERNO DO MUNIC\u00cdPIO DE BURITAMA ENCONTROU PARA SANAR ESSA PARTICULAR SITUA\u00c7\u00c3O.  "}, {"id": "83", "ano": "2016", "numero": "61", "tipo__sigla": "REQ", "tipo__descricao": "Requerimento", "autoria": "BETO DO JEROMINHO", "texto_original": "http://sapl.buritama.sp.leg.br/media/sapl/public/materialegislativa/2016/83/requerimento_no_61.pdf", "ementa": "REQUERIMENTO DE URG\u00caNCIA AO PROJETO DE LEI NR\u00ba18/16."}, {"id": "84", "ano": "2016", "numero": "62", "tipo__sigla": "REQ", "tipo__descricao": "Requerimento", "autoria": "BETO DO JEROMINHO", "texto_original": "http://sapl.buritama.sp.leg.br/media/sapl/public/materialegislativa/2016/84/requerimento_no_62.pdf", "ementa": "REQUERIMENTO DE URG\u00caNCIA AO PROJETO DE LEI NR\u00ba32/16."}, {"id": "85", "ano": "2016", "numero": "63", "tipo__sigla": "REQ", "tipo__descricao": "Requerimento", "autoria": "BETO DO JEROMINHO", "texto_original": "http://sapl.buritama.sp.leg.br/media/sapl/public/materialegislativa/2016/85/requerimento_no_63.pdf", "ementa": "REQUERIMENTO DE URG\u00caNCIA AO PROJETO DE LEI NR\u00ba34/16."}, {"id": "86", "ano": "2016", "numero": "64", "tipo__sigla": "REQ", "tipo__descricao": "Requerimento", "autoria": "BETO DO JEROMINHO", "texto_original": "http://sapl.buritama.sp.leg.br/media/sapl/public/materialegislativa/2016/86/requerimento_no_64.pdf", "ementa": "REQUERIMENTO DE URG\u00caNCIA AO PROJETO DE LEI NR\u00ba05/16 COFC."}, {"id": "87", "ano": "2016", "numero": "65", "tipo__sigla": "REQ", "tipo__descricao": "Requerimento", "autoria": "BETO DO JEROMINHO", "texto_original": "http://sapl.buritama.sp.leg.br/media/sapl/public/materialegislativa/2016/87/requerimento_no_65.pdf", "ementa": "REQUERIMENTO DE URG\u00caNCIA AO PROJETO DE LEI NR\u00ba06/16 - VEREADOR CARLOS ALBERTO DOS SANTOS ."}, {"id": "88", "ano": "2016", "numero": "66", "tipo__sigla": "REQ", "tipo__descricao": "Requerimento", "autoria": "BETO DO JEROMINHO", "texto_original": "http://sapl.buritama.sp.leg.br/media/sapl/public/materialegislativa/2016/88/requerimento_no_66.pdf", "ementa": "REQUERIMENTO DE URG\u00caNCIA AO PROJETO DE LEI NR\u00ba07/16 - EDILIDADE."}, {"id": "89", "ano": "2016", "numero": "67", "tipo__sigla": "REQ", "tipo__descricao": "Requerimento", "autoria": "BETO DO JEROMINHO", "texto_original": "http://sapl.buritama.sp.leg.br/media/sapl/public/materialegislativa/2016/89/requerimento_no_67.pdf", "ementa": "REQUERIMENTO DE URG\u00caNCIA AO PROJETO DE RESOLU\u00c7\u00c3O  NR\u00ba02/16."}, {"id": "90", "ano": "2016", "numero": "68", "tipo__sigla": "REQ", "tipo__descricao": "Requerimento", "autoria": "BETO DO JEROMINHO", "texto_original": "http://sapl.buritama.sp.leg.br/media/sapl/public/materialegislativa/2016/90/requerimento_no_68.pdf", "ementa": "REQUERIMENTO DE URG\u00caNCIA AO PROJETO DE RESOLU\u00c7\u00c3O NR\u00ba03/16."}, {"id": "91", "ano": "2016", "numero": "69", "tipo__sigla": "REQ", "tipo__descricao": "Requerimento", "autoria": "BETO DO JEROMINHO", "texto_original": "http://sapl.buritama.sp.leg.br/media/sapl/public/materialegislativa/2016/91/requerimento_no_69.pdf", "ementa": "REQUERIMENTO DE URG\u00caNCIA AO PROJETO DE DECRETO LEGISLATIVO NR\u00ba14/16."}, {"id": "92", "ano": "2016", "numero": "70", "tipo__sigla": "REQ", "tipo__descricao": "Requerimento", "autoria": "FEBEM", "texto_original": "http://sapl.buritama.sp.leg.br/media/sapl/public/materialegislativa/2016/92/92_texto_integral.doc", "ementa": "REQUEIRO, A GENTILEZA DE VOSSA EXCEL\u00caNCIA, DEPOIS DE OUVIDO O DOUTO PLEN\u00c1RIO, SEJA OFICIADO O SENHOR IZAIR DOS SANTOS TEIXEIRA, PREFEITO MUNICIPAL, SOLICITANDO-LHE A GENTILEZA, NO SENTIDO  DE INFORMAR \u00c0 ESTA CASA LEGISLATIVA, O VALOR TOTAL DA FOLHA DE PAGAMENTO DOS SERVIDORES P\u00daBLICOS MUNICIPAIS, INFORMAR O N\u00daMERO DE SERVIDORES CONCURSADOS E COMISSIONADOS EXISTENTES ATUALMENTE LOTADOS NO QUADRO DE PESSOAL DO GOVERNO DO MUNIC\u00cdPIO DE BURITAMA, CONSTANDO AINDA, QUANTOS RECEBEM GRATIFICA\u00c7\u00d5ES, DISCRIMINANDO QUAIS GRATIFICA\u00c7\u00d5ES S\u00c3O CONTEMPLADOS. \r\n  \r\n"}, {"id": "93", "ano": "2016", "numero": "71", "tipo__sigla": "REQ", "tipo__descricao": "Requerimento", "autoria": "BETO DO JEROMINHO", "texto_original": "http://sapl.buritama.sp.leg.br/media/sapl/public/materialegislativa/2016/93/requerimento_no_71.pdf", "ementa": "REQUERIMENTO DE URG\u00caNCIA AO PROJETO DE LEI NR\u00ba08/16."}, {"id": "94", "ano": "2016", "numero": "72", "tipo__sigla": "REQ", "tipo__descricao": "Requerimento", "autoria": "FEBEM", "texto_original": "http://sapl.buritama.sp.leg.br/media/sapl/public/materialegislativa/2016/94/94_texto_integral.doc", "ementa": "REQUEIRO, A GENTILEZA DE VOSSA EXCEL\u00caNCIA, DEPOIS DE OUVIDO O DOUTO PLEN\u00c1RIO, SEJAM OFICIADOS OS SENHORES IZAIR DOS SANTOS TEIXEIRA, PREFEITO MUNICIPAL, E ELIZIANE DA SILVA SANCHES, DIRETORA MUNICIPAL DA EDUCA\u00c7\u00c3O, SOLICITANDO-LHES A GENTILEZA, NO SENTIDO DE INFORMAR \u00c0 ESTA CASA LEGISLATIVA, QUAL O REAL MOTIVO QUE LEVOU O GOVERNO DO MUNIC\u00cdPIO DE BURITAMA A DISTRIBUIR UNIFORME AOS ESTUDANTES DO ENSINO FUNDAMENTAL  PRATICAMENTE NA METADE DO ANO LETIVO DE 2016 AO CONTR\u00c1RIO DOS ANOS ANTERIORES QUE A ADMINISTRA\u00c7\u00c3O MUNICIPAL N\u00c3O SE PREOCUPOU NEM UM POUCO EM TOMAR ESSA INICIATIVA QUE T\u00c3O BEM AUXILIA AS FAM\u00cdLIAS CARENTES DE NOSSO MUNIC\u00cdPIO QUE T\u00caM OS SEUS FILHOS MATRICULADOS NA REDE MUNICIPAL DE ENSINO."}, {"id": "95", "ano": "2016", "numero": "73", "tipo__sigla": "REQ", "tipo__descricao": "Requerimento", "autoria": "RONALDO RAMOS FERNANDES", "texto_original": "http://sapl.buritama.sp.leg.br/media/sapl/public/materialegislativa/2016/95/95_texto_integral.doc", "ementa": "REQUEIRO, A GENTILEZA DE VOSSA EXCEL\u00caNCIA, DEPOIS DE OUVIDO O DOUTO PLEN\u00c1RIO, SEJA OFICIADO O SENHOR IZAIR DOS SANTOS TEIXEIRA, PREFEITO MUNICIPAL, SOLICITANDO-LHE A GENTILEZA, NO SENTIDO  DE INFORMAR \u00c0 ESTA CASA LEGISLATIVA, QUAL A MODALIDADE QUE SE ENQUADRA O LOTEAMENTO RIVIERA SANTA B\u00c1RBARA I E II (FECHADO, ABERTO OU \u00c1REA DE EXPANS\u00c3O URBANA), E SE PODE O MESMO RESTRINGIR O ACESSO DE QUALQUER CIDAD\u00c3O NO INTERIOR DAQUELE N\u00daCLEO HABITACIONAL. "}, {"id": "96", "ano": "2016", "numero": "74", "tipo__sigla": "REQ", "tipo__descricao": "Requerimento", "autoria": "ANTONIO ROMILDO DOS SANTOS", "texto_original": "http://sapl.buritama.sp.leg.br/media/sapl/public/materialegislativa/2016/96/requerimento_no_74.pdf", "ementa": "REQUEIRO A GENTILEZA DE VOSSA EXCEL\u00caNCIA, DEPOIS DE OUVIDO O DOUTO PLEN\u00c1RIO, SEJA EXPEDIDA UMA MO\u00c7\u00c3O DE APLAUSO EM FAVOR DA EQUIPE DE FUTEBOL ATL\u00c9TICO CLUBE BURITAMA, FUNDADA EM 07 DE SETEMBRO DE 2002, REPRESENTADA PELO SEU PRESIDENTE JO\u00c3O XAVIER PRATES, PELA BRILHANTE APRESENTA\u00c7\u00c3O DE SEUS JOGADORES DURANTE A 1\u00aa COPA BATISTINHA DE FUTEBOL AMADOR DE 2016, CUJA FINAL ACONTECEU NO DOMINGO, DIA 12 DE JUNHO DE 2016, NA ARENA PL\u00cdNIO MARIN NA ACOLHEDORA CIDADE DE VOTUPORANGA CONTRA A EQUIPE DE GAST\u00c3O VIDIGAL, EMPATANDO EM 1 A 1 NO TEMPO REGULAMENTAR E SAGRANDO-SE VITORIOSA A EQUIPE DO ATL\u00c9TICO CLUBE BURITAMA NAS COBRAN\u00c7AS DE PENALIDADES M\u00c1XIMAS COM UM PLACAR DE 3X0, EM BEL\u00cdSSIMA PERFORMANCE E DESEMPENHO DE TODOS OS SEUS ATLETAS, E COM APOIO INCONDICIONAL DE TODA A EQUIPE T\u00c9CNICA E DEMAIS COLABORADORES."}, {"id": "97", "ano": "2016", "numero": "75", "tipo__sigla": "REQ", "tipo__descricao": "Requerimento", "autoria": "BETO DO JEROMINHO", "texto_original": "http://sapl.buritama.sp.leg.br/media/sapl/public/materialegislativa/2016/97/requerimento_no_75.pdf", "ementa": "REQUERIMENTO DE URG\u00caNCIA AO PROJETO DE LEI NR\u00ba36/16."}, {"id": "98", "ano": "2016", "numero": "76", "tipo__sigla": "REQ", "tipo__descricao": "Requerimento", "autoria": "BETO DO JEROMINHO", "texto_original": "http://sapl.buritama.sp.leg.br/media/sapl/public/materialegislativa/2016/98/requerimento_no_76.pdf", "ementa": "REQUERIMENTO DE URG\u00caNCIA AO PROJETO DE LEI NR\u00ba37/16."}, {"id": "99", "ano": "2016", "numero": "77", "tipo__sigla": "REQ", "tipo__descricao": "Requerimento", "autoria": "BETO DO JEROMINHO", "texto_original": "http://sapl.buritama.sp.leg.br/media/sapl/public/materialegislativa/2016/99/requerimento_no_77.pdf", "ementa": "REQUERIMENTO DE URG\u00caNCIA AO PROJETO DE LEI NR\u00ba38/16."}, {"id": "100", "ano": "2016", "numero": "78", "tipo__sigla": "REQ", "tipo__descricao": "Requerimento", "autoria": "BETO DO JEROMINHO", "texto_original": "http://sapl.buritama.sp.leg.br/media/sapl/public/materialegislativa/2016/100/requerimento_no_78.pdf", "ementa": "REQUERIMENTO DE URG\u00caNCIA AO PROJETO DE LEI NR\u00ba39/16."}, {"id": "101", "ano": "2016", "numero": "79", "tipo__sigla": "REQ", "tipo__descricao": "Requerimento", "autoria": "BETO DO JEROMINHO", "texto_original": "http://sapl.buritama.sp.leg.br/media/sapl/public/materialegislativa/2016/101/requerimento_no_79.pdf", "ementa": "REQUERIMENTO DE URG\u00caNCIA AO PROJETO DE LEI NR\u00ba40/16."}, {"id": "102", "ano": "2016", "numero": "80", "tipo__sigla": "REQ", "tipo__descricao": "Requerimento", "autoria": "BETO DO JEROMINHO", "texto_original": "http://sapl.buritama.sp.leg.br/media/sapl/public/materialegislativa/2016/102/requerimento_no_80.pdf", "ementa": "REQUERIMENTO DE URG\u00caNCIA AO PROJETO DE LEI NR\u00ba41/16."}, {"id": "103", "ano": "2016", "numero": "81", "tipo__sigla": "REQ", "tipo__descricao": "Requerimento", "autoria": "BETO DO JEROMINHO", "texto_original": "http://sapl.buritama.sp.leg.br/media/sapl/public/materialegislativa/2016/103/requerimento_no_81.pdf", "ementa": "REQUERIMENTO DE URG\u00caNCIA AO PROJETO DE LEI NR\u00ba42/16."}, {"id": "104", "ano": "2016", "numero": "82", "tipo__sigla": "REQ", "tipo__descricao": "Requerimento", "autoria": "BETO DO JEROMINHO", "texto_original": "http://sapl.buritama.sp.leg.br/media/sapl/public/materialegislativa/2016/104/requerimento_no_82.pdf", "ementa": "REQUERIMENTO DE URG\u00caNCIA AO PROJETO DE LEI NR\u00ba43/16."}, {"id": "105", "ano": "2016", "numero": "83", "tipo__sigla": "REQ", "tipo__descricao": "Requerimento", "autoria": "BETO DO JEROMINHO", "texto_original": "http://sapl.buritama.sp.leg.br/media/sapl/public/materialegislativa/2016/105/requerimento_no_83.pdf", "ementa": "REQUERIMENTO DE URG\u00caNCIA AO PROJETO DE LEI NR\u00ba44/16."}, {"id": "106", "ano": "2016", "numero": "84", "tipo__sigla": "REQ", "tipo__descricao": "Requerimento", "autoria": "BETO DO JEROMINHO", "texto_original": "http://sapl.buritama.sp.leg.br/media/sapl/public/materialegislativa/2016/106/requerimento_no_84.pdf", "ementa": "REQUERIMENTO DE URG\u00caNCIA AO PROJETO DE RESOLU\u00c7\u00c3O NR\u00ba04/16."}, {"id": "107", "ano": "2016", "numero": "85", "tipo__sigla": "REQ", "tipo__descricao": "Requerimento", "autoria": "BETO DO JEROMINHO", "texto_original": "http://sapl.buritama.sp.leg.br/media/sapl/public/materialegislativa/2016/107/requerimento_no_85.pdf", "ementa": "REQUERIMENTO DE URG\u00caNCIA AO PROJETO DE LEI NR\u00ba45/16."}, {"id": "222", "ano": "2016", "numero": "86", "tipo__sigla": "REQ", "tipo__descricao": "Requerimento", "autoria": "RONALDO RAMOS FERNANDES", "texto_original": "http://sapl.buritama.sp.leg.br/media/sapl/public/materialegislativa/2016/222/222_texto_integral.doc", "ementa": "REQUEIRO, A GENTILEZA DE VOSSA EXCEL\u00caNCIA, DEPOIS DE OUVIDO O DOUTO PLEN\u00c1RIO, SEJA EXPEDIDO UM CERTIFICADO AOS VEREADORES MIRINS QUE MAIS COMPARECEM \u00c0S SEGUNDAS-FEIRAS PARA ACOMPANHAR OS TRABALHOS DAS SESS\u00d5ES ORDIN\u00c1RIAS DESTA DOUTA CASA LEGISLATIVA, DEMONSTRANDO REAL INTERESSE PELA NOBRE CAUSA QUE ABRA\u00c7ARAM QUANDO FORAM ELEITOS EM SUAS RESPECTIVAS UNIDADES ESCOLARES PARA DESEMPENHAR O HONROSO E C\u00cdVICO PAPEL DE PARLAMENTARES MIRINS DE NOSSA COMUNIDADE. "}, {"id": "224", "ano": "2016", "numero": "87", "tipo__sigla": "REQ", "tipo__descricao": "Requerimento", "autoria": "", "texto_original": "http://sapl.buritama.sp.leg.br/media/sapl/public/materialegislativa/2016/224/224_texto_integral.doc", "ementa": "SOLICITA URG\u00caNCIA NA VOTA\u00c7\u00c3O DO PROJETO DE LEI NR.   11/2016."}, {"id": "225", "ano": "2016", "numero": "88", "tipo__sigla": "REQ", "tipo__descricao": "Requerimento", "autoria": "ANTONIO CARLOS", "texto_original": "http://sapl.buritama.sp.leg.br/media/sapl/public/materialegislativa/2016/225/requerimento_no88.pdf", "ementa": "EU, ANTONIO CARLOS DE FREITAS, ABAIXO ASSINADO, VEREADOR, COM ASSENTO NA C\u00c2MARA MUNICIPAL DE BURITAMA, ESTADO DE S\u00c3O PAULO, REQUEIRO, A GENTILEZA DE VOSSA EXCEL\u00caNCIA, SEJA OFICIADO O SENHOR CARLOS EDUARDO FID\u00caNCIO RIBEIRO DOS SANTOS, GERENTE DO CTCE/05/SJO/SPI, DE S\u00c3O JOS\u00c9 DO RIO PRETO, SOLICITANDO-LHE A GENTILEZA, NO SENTIDO DE INFORMAR \u00c0 ESTA CASA LEGISLATIVA, O POR QUE OS FUNCION\u00c1RIOS DA AG\u00caNCIA DOS CORREIOS DE NOSSA CIDADE N\u00c3O EST\u00c3O FAZENDO ENTREGA DE CORRESPOND\u00caNCIAS NOS LOTEAMENTOS RESIDENCIAIS INTERLAGOS E NOVA ALIAN\u00c7A."}, {"id": "230", "ano": "2016", "numero": "89", "tipo__sigla": "REQ", "tipo__descricao": "Requerimento", "autoria": "BETO DO JEROMINHO", "texto_original": "http://sapl.buritama.sp.leg.br/media/sapl/public/materialegislativa/2016/230/requerimento_no_89.pdf", "ementa": "REQUER URGENCIA NA DELIBERA\u00c7\u00c3O DO PROJETO DE RESOLU\u00c7\u00c3O N. 05/16."}, {"id": "245", "ano": "2016", "numero": "90", "tipo__sigla": "REQ", "tipo__descricao": "Requerimento", "autoria": "BETO DO JEROMINHO", "texto_original": "http://sapl.buritama.sp.leg.br/media/sapl/public/materialegislativa/2016/245/requerimento_no_90.pdf", "ementa": "REQUER URGENCIA  NA DELIBERA\u00c7\u00c3O DO PROJETO DE LEI N\u00ba 52/16."}, {"id": "246", "ano": "2016", "numero": "91", "tipo__sigla": "REQ", "tipo__descricao": "Requerimento", "autoria": "BETO DO JEROMINHO", "texto_original": "http://sapl.buritama.sp.leg.br/media/sapl/public/materialegislativa/2016/246/requerimento_no_91.pdf", "ementa": "REQUER URGENCIA  NA DELIBERA\u00c7\u00c3O DO PROJETO DE LEI N\u00ba 53/16."}, {"id": "247", "ano": "2016", "numero": "92", "tipo__sigla": "REQ", "tipo__descricao": "Requerimento", "autoria": "BETO DO JEROMINHO", "texto_original": "http://sapl.buritama.sp.leg.br/media/sapl/public/materialegislativa/2016/247/requerimento_no_92.pdf", "ementa": "REQUER URGENCIA  NA DELIBERA\u00c7\u00c3O DO PROJETO DE LEI N\u00ba 54/16."}, {"id": "248", "ano": "2016", "numero": "93", "tipo__sigla": "REQ", "tipo__descricao": "Requerimento", "autoria": "BETO DO JEROMINHO", "texto_original": "http://sapl.buritama.sp.leg.br/media/sapl/public/materialegislativa/2016/248/requerimento_no_93.pdf", "ementa": "REQUER URGENCIA  NA DELIBERA\u00c7\u00c3O DO PROJETO DE LEI N\u00ba 55/16."}, {"id": "249", "ano": "2016", "numero": "94", "tipo__sigla": "REQ", "tipo__descricao": "Requerimento", "autoria": "BETO DO JEROMINHO", "texto_original": "http://sapl.buritama.sp.leg.br/media/sapl/public/materialegislativa/2016/249/requerimento_no_94.pdf", "ementa": "REQUER URGENCIA  NA DELIBERA\u00c7\u00c3O DO PROJETO DE LEI N\u00ba 56/16."}, {"id": "250", "ano": "2016", "numero": "95", "tipo__sigla": "REQ", "tipo__descricao": "Requerimento", "autoria": "BETO DO JEROMINHO", "texto_original": "http://sapl.buritama.sp.leg.br/media/sapl/public/materialegislativa/2016/250/requerimento_no_95.pdf", "ementa": "REQUER URGENCIA  NA DELIBERA\u00c7\u00c3O DO PROJETO DE LEI N\u00ba 57/16."}, {"id": "251", "ano": "2016", "numero": "96", "tipo__sigla": "REQ", "tipo__descricao": "Requerimento", "autoria": "BETO DO JEROMINHO", "texto_original": "http://sapl.buritama.sp.leg.br/media/sapl/public/materialegislativa/2016/251/requerimento_no_96.pdf", "ementa": "REQUER URGENCIA  NA DELIBERA\u00c7\u00c3O DO PROJETO DE LEI N\u00ba 12/16 DO LEGISLATIVO."}, {"id": "252", "ano": "2016", "numero": "97", "tipo__sigla": "REQ", "tipo__descricao": "Requerimento", "autoria": "BETO DO JEROMINHO", "texto_original": "http://sapl.buritama.sp.leg.br/media/sapl/public/materialegislativa/2016/252/requerimento_no_97.pdf", "ementa": "REQUER URGENCIA  NA DELIBERA\u00c7\u00c3O DO PROJETO DE LEI N\u00ba 13/16 DO LEGISLATIVO."}, {"id": "253", "ano": "2016", "numero": "98", "tipo__sigla": "REQ", "tipo__descricao": "Requerimento", "autoria": "BETO DO JEROMINHO", "texto_original": "http://sapl.buritama.sp.leg.br/media/sapl/public/materialegislativa/2016/253/requerimentos-11-03-2021-140005907-26880.pdf", "ementa": "REQUER URGENCIA  NA DELIBERA\u00c7\u00c3O DO PROJETO DE LEI N\u00ba 14/16 DO LEGISLATIVO."}, {"id": "254", "ano": "2016", "numero": "99", "tipo__sigla": "REQ", "tipo__descricao": "Requerimento", "autoria": "BETO DO JEROMINHO", "texto_original": "http://sapl.buritama.sp.leg.br/media/sapl/public/materialegislativa/2016/254/requerimento_no_99_-_2016.pdf", "ementa": "REQUER URGENCIA  NA DELIBERA\u00c7\u00c3O DO PROJETO DE DECRETO LEGISLATIVO N\u00ba 17/16."}, {"id": "263", "ano": "2016", "numero": "100", "tipo__sigla": "REQ", "tipo__descricao": "Requerimento", "autoria": "ROSELI NOBRE", "texto_original": "http://sapl.buritama.sp.leg.br/media/sapl/public/materialegislativa/2016/263/263_texto_integral.doc", "ementa": "MO\u00c7\u00c3O DE APLAUSO, EM FAVOR DOS SERVIDORES P\u00daBLICOS MUNICIPAIS L\u00cdGIA MARIA SIMON FALLEIROS, MARCOS ROBERTO DUARTE, SULAIR ANTONIO DA SILVA, RAFAEL J\u00daNIOR DE ALMEIDA E APARECIDA DE F\u00c1TIMA MACIEL DUARTE, LOTADOS NA DIVIS\u00c3O DE VIGIL\u00c2NCIAS DO GOVERNO DO MUNIC\u00cdPIO DE BURITAMA, SETOR DE ZOONOSES, EQUIPE COM TREINAMENTO PROFISSIONAL QUE PRESTA UM ATENDIMENTO DE QUALIDADE \u00c0 POPULA\u00c7\u00c3O NO TRATO COM ANIMAIS, COM O PROJETO DE ESTERILIZA\u00c7\u00c3O E ATENDIMENTO CL\u00cdNICO DE C\u00c3ES E GATOS, COLETA DE SANGUE DE C\u00c3ES PARA REALIZA\u00c7\u00c3O DE EXAMES DE LEISHMANIOSE, VACINA\u00c7\u00c3O ANTIRR\u00c1BICA CANINA E FELINA PARA SE EVITAR A RAIVA ANIMAL, SEUS AGRAVOS, INC\u00d4MODOS E MALES QUE CAUSAM DANOS \u00c0 SA\u00daDE HUMANA"}, {"id": "265", "ano": "2016", "numero": "101", "tipo__sigla": "REQ", "tipo__descricao": "Requerimento", "autoria": "BETO DO JEROMINHO", "texto_original": "http://sapl.buritama.sp.leg.br/media/sapl/public/materialegislativa/2016/265/requerimento_no_101.pdf", "ementa": "REQUER URGENCIA NA DELIBERA\u00c7\u00c3O DO PROJETO DE LEI N\u00ba 58/16."}, {"id": "266", "ano": "2016", "numero": "102", "tipo__sigla": "REQ", "tipo__descricao": "Requerimento", "autoria": "BETO DO JEROMINHO", "texto_original": "http://sapl.buritama.sp.leg.br/media/sapl/public/materialegislativa/2016/266/requerimento_no_102.pdf", "ementa": "REQUER URGENCIA NA DELIBERA\u00c7\u00c3O DO PROJETO DE LEI N\u00ba 59/16."}, {"id": "267", "ano": "2016", "numero": "103", "tipo__sigla": "REQ", "tipo__descricao": "Requerimento", "autoria": "BETO DO JEROMINHO", "texto_original": "http://sapl.buritama.sp.leg.br/media/sapl/public/materialegislativa/2016/267/requerimento_no_103.pdf", "ementa": "REQUER URGENCIA NA DELIBERA\u00c7\u00c3O DO PROJETO DE LEI N\u00ba 60/16."}, {"id": "268", "ano": "2016", "numero": "104", "tipo__sigla": "REQ", "tipo__descricao": "Requerimento", "autoria": "BETO DO JEROMINHO", "texto_original": "http://sapl.buritama.sp.leg.br/media/sapl/public/materialegislativa/2016/268/requerimento_no_104.pdf", "ementa": "REQUER URGENCIA NA DELIBERA\u00c7\u00c3O DO PROJETO DE LEI N\u00ba 61/16."}, {"id": "269", "ano": "2016", "numero": "105", "tipo__sigla": "REQ", "tipo__descricao": "Requerimento", "autoria": "BETO DO JEROMINHO", "texto_original": "http://sapl.buritama.sp.leg.br/media/sapl/public/materialegislativa/2016/269/requerimento_no_105.pdf", "ementa": "REQUER URGENCIA NA DELIBERA\u00c7\u00c3O DO PROJETO DE LEI N\u00ba 62/16."}, {"id": "270", "ano": "2016", "numero": "106", "tipo__sigla": "REQ", "tipo__descricao": "Requerimento", "autoria": "BETO DO JEROMINHO", "texto_original": "http://sapl.buritama.sp.leg.br/media/sapl/public/materialegislativa/2016/270/requerimento_no_106.pdf", "ementa": "REQUER URGENCIA NA DELIBERA\u00c7\u00c3O DO PROJETO DE DECRETO LEGISLATIVO N\u00ba 18/16."}, {"id": "271", "ano": "2016", "numero": "107", "tipo__sigla": "REQ", "tipo__descricao": "Requerimento", "autoria": "BETO DO JEROMINHO", "texto_original": "http://sapl.buritama.sp.leg.br/media/sapl/public/materialegislativa/2016/271/requerimento_no_107.pdf", "ementa": "REQUER URGENCIA NA DELIBERA\u00c7\u00c3O DO PROJETO DE DECRETO LEGISLATIVO N\u00ba 19/16"}, {"id": "277", "ano": "2016", "numero": "108", "tipo__sigla": "REQ", "tipo__descricao": "Requerimento", "autoria": "BETO DO JEROMINHO", "texto_original": "http://sapl.buritama.sp.leg.br/media/sapl/public/materialegislativa/2016/277/277_texto_integral.doc", "ementa": "REQUER URG\u00caNCIA NO PROJETO DE RESOLU\u00c7\u00c3O N\u00ba 06/16."}, {"id": "278", "ano": "2016", "numero": "109", "tipo__sigla": "REQ", "tipo__descricao": "Requerimento", "autoria": "BETO DO JEROMINHO", "texto_original": "http://sapl.buritama.sp.leg.br/media/sapl/public/materialegislativa/2016/278/278_texto_integral.doc", "ementa": "REQUER URGENCIA NO PROJETO DE LEI N\u00ba 63/16"}, {"id": "279", "ano": "2016", "numero": "110", "tipo__sigla": "REQ", "tipo__descricao": "Requerimento", "autoria": "BETO DO JEROMINHO", "texto_original": "http://sapl.buritama.sp.leg.br/media/sapl/public/materialegislativa/2016/279/279_texto_integral.doc", "ementa": "REQUER URGENCIA NO PROJETO DE LEI N\u00ba 64/16."}, {"id": "280", "ano": "2016", "numero": "111", "tipo__sigla": "REQ", "tipo__descricao": "Requerimento", "autoria": "BETO DO JEROMINHO", "texto_original": "http://sapl.buritama.sp.leg.br/media/sapl/public/materialegislativa/2016/280/280_texto_integral.doc", "ementa": "REQUER URGENCIA NO PROJETO DE LEI N\u00ba 15/16 "}, {"id": "281", "ano": "2016", "numero": "112", "tipo__sigla": "REQ", "tipo__descricao": "Requerimento", "autoria": "BETO DO JEROMINHO", "texto_original": "http://sapl.buritama.sp.leg.br/media/sapl/public/materialegislativa/2016/281/281_texto_integral.doc", "ementa": "REQUER URGENCIA NO PROJETO DE DECRETO LEGISLATIVO N\u00ba 20/16."}, {"id": "312", "ano": "2016", "numero": "113", "tipo__sigla": "REQ", "tipo__descricao": "Requerimento", "autoria": "", "texto_original": "http://sapl.buritama.sp.leg.br/media/sapl/public/materialegislativa/2016/312/312_texto_integral.doc", "ementa": "REQUEIRO, A GENTILEZA DE VOSSA EXCEL\u00caNCIA, DEPOIS DE OUVIDO O DOUTO PLEN\u00c1RIO, SEJA EXPEDIDO UM OF\u00cdCIO AO SENHOR IZAIR DOS SANTOS TEIXEIRA, PREFEITO MUNICIPAL, SOLICITANDO-LHE A GENTILEZA, NO SENTIDO DE DETERMINAR O COMPARECIMENTO DE SERVIDOR DO SETOR COMPETENTE DE QUE TRATA A MAT\u00c9RIA CONSTANTE NOS PROJETOS DE LEI QUE S\u00c3O ENCAMINHADOS PELO PODER EXECUTIVO, NAS REUNI\u00d5ES DAS COMISS\u00d5ES PERMANENTES QUE S\u00c3O  REALIZADAS TODAS AS SEGUNDAS-FEIRAS, COM IN\u00cdCIO \u00c0S 13H00."}, {"id": "313", "ano": "2016", "numero": "114", "tipo__sigla": "REQ", "tipo__descricao": "Requerimento", "autoria": "", "texto_original": "http://sapl.buritama.sp.leg.br/media/sapl/public/materialegislativa/2016/313/313_texto_integral.doc", "ementa": "EU, ABAIXO-ASSINADO, VEREADOR COM ASSENTO NA C\u00c2MARA MUNICIPAL DE BURITAMA, ESTADO DE S\u00c3O PAULO, POR INTERM\u00c9DIO DESTE E COM PROJETO DE LEI N\u00ba 16/16 - AUTORIA: VEREADOR CARLOS ROBERTO TEIXEIRA, QUE DENOMINA OFICIALMENTE DE \"ROTAT\u00d3RIA RUBENS NICOLETTI\" A ROTAT\u00d3RIA CONSTRU\u00cdDA NA CONFLU\u00caNCIA DAS AVENIDAS BENEDITO VIEIRA GARCIA E ANTONIO ALVES TEIXEIRA, EM HOMENAGEM A PESSOA DESTE SENHOR QUE EM VIDA FOI UM EX\u00cdMIO SERVIDOR P\u00daBLICO MUNICIPAL, LOTADO NO CARGO DE PEDREIRO JUNTO AO GOVERNO DO MUNIC\u00cdPIO DE BURITAMA, ONDE EXERCEU COM DEDICA\u00c7\u00c3O, CAPACIDADE E PROFISSIONALISMO AS SUAS FUN\u00c7\u00d5ES POR QUASE DEZ ANOS;\r\nREQUEIRO \u00c0 V. EX\u00aa., DEPOIS DE OUVIDO O DOUTO PLEN\u00c1RIO, SEJA SUBMETIDO \u00c0 DISCUSS\u00c3O E VOTA\u00c7\u00c3O \u00daNICAS EM REGIME DE URG\u00caNCIA.\r\n"}, {"id": "314", "ano": "2016", "numero": "115", "tipo__sigla": "REQ", "tipo__descricao": "Requerimento", "autoria": "", "texto_original": "http://sapl.buritama.sp.leg.br/media/sapl/public/materialegislativa/2016/314/314_texto_integral.doc", "ementa": "EU, ABAIXO-ASSINADO, VEREADOR COM ASSENTO NA C\u00c2MARA MUNICIPAL DE BURITAMA, ESTADO DE S\u00c3O PAULO, POR INTERM\u00c9DIO DESTE E COM PROJETO DE LEI N\u00ba 17/16 - AUTORIA: VEREADOR RONALDO RAMOS FERNANDES, QUE DENOMINA OFICIALMENTE DE \"PISTA DE MOTOCROSS ABDIAS ALVES DA SILVA\" A PISTA DE MOTOCROSS LOCALIZADA NO PARQUE TUR\u00cdSTICO JO\u00c3O SIM\u00c3O GARCIA, EM HOMENAGEM A PESSOA DESTE SENHOR QUE EM VIDA FOI UM VERDADEIRO APAIXONADO POR MOTOS, TENDO SIDO SE N\u00c3O O PRIMEIRO, MAS UM DOS PRIMEIROS BURITAMENSES A POSSUIR UMA M\u00c1QUINA DE GRANDE POT\u00caNCIA E VIAJAR COM ELA CORTANDO AS ESTRADAS DO PA\u00cdS EM VISITA \u00c0 SUA TERRA NATAL, A PEQUENA, POR\u00c9M, ACOLHEDORA CATENDE, ENCRAVADA NA IMENSID\u00c3O DO QUERIDO ESTADO DE PERNAMBUCO;\r\nREQUEIRO \u00c0 V. EX\u00aa., DEPOIS DE OUVIDO O DOUTO PLEN\u00c1RIO, SEJA SUBMETIDO \u00c0 DISCUSS\u00c3O E VOTA\u00c7\u00c3O \u00daNICAS EM REGIME DE URG\u00caNCIA.\r\n"}, {"id": "315", "ano": "2016", "numero": "116", "tipo__sigla": "REQ", "tipo__descricao": "Requerimento", "autoria": "", "texto_original": "http://sapl.buritama.sp.leg.br/media/sapl/public/materialegislativa/2016/315/315_texto_integral.doc", "ementa": "\r\nEU, ABAIXO-ASSINADO, VEREADOR COM ASSENTO NA C\u00c2MARA MUNICIPAL DE BURITAMA, ESTADO DE S\u00c3O PAULO, POR INTERM\u00c9DIO DESTE E COM PROJETO DE LEI N\u00ba 65/16 - AUTORIA: PODER EXECUTIVO MUNICIPAL, QUE DISP\u00d5E SOBRE ABERTURA DE CR\u00c9DITO ADICIONAL ESPECIAL NA IMPORT\u00c2NCIA DE R$ 147.420,00 (CENTO E QUARENTA E SETE MIL, QUATROCENTOS E VINTE REAIS), E D\u00c1 OUTRAS PROVID\u00caNCIAS;\r\nREQUEIRO \u00c0 V. EX\u00aa., DEPOIS DE OUVIDO O DOUTO PLEN\u00c1RIO, SEJA SUBMETIDO \u00c0 DISCUSS\u00c3O E VOTA\u00c7\u00c3O \u00daNICAS EM REGIME DE URG\u00caNCIA.\r\n"}, {"id": "316", "ano": "2016", "numero": "117", "tipo__sigla": "REQ", "tipo__descricao": "Requerimento", "autoria": "", "texto_original": "http://sapl.buritama.sp.leg.br/media/sapl/public/materialegislativa/2016/316/316_texto_integral.doc", "ementa": "\r\nEU, ABAIXO-ASSINADO, VEREADOR COM ASSENTO NA C\u00c2MARA MUNICIPAL DE BURITAMA, ESTADO DE S\u00c3O PAULO, POR INTERM\u00c9DIO DESTE E COM PROJETO DE LEI N\u00ba 66/16 - AUTORIA: PODER EXECUTIVO MUNICIPAL, QUE DISP\u00d5E SOBRE ABERTURA DE CR\u00c9DITO ADICIONAL ESPECIAL NA IMPORT\u00c2NCIA DE R$ 18.000,00 (DEZOITO MIL REAIS), E D\u00c1 OUTRAS PROVID\u00caNCIAS;\r\nREQUEIRO \u00c0 V. EX\u00aa., DEPOIS DE OUVIDO O DOUTO PLEN\u00c1RIO, SEJA SUBMETIDO \u00c0 DISCUSS\u00c3O E VOTA\u00c7\u00c3O \u00daNICAS EM REGIME DE URG\u00caNCIA.\r\n"}, {"id": "317", "ano": "2016", "numero": "118", "tipo__sigla": "REQ", "tipo__descricao": "Requerimento", "autoria": "", "texto_original": "http://sapl.buritama.sp.leg.br/media/sapl/public/materialegislativa/2016/317/317_texto_integral.doc", "ementa": "EU, ABAIXO-ASSINADO, VEREADOR COM ASSENTO NA C\u00c2MARA MUNICIPAL DE BURITAMA, ESTADO DE S\u00c3O PAULO, POR INTERM\u00c9DIO DESTE E COM PROJETO DE LEI N\u00ba 67/16 - AUTORIA: PODER EXECUTIVO MUNICIPAL, QUE DISP\u00d5E SOBRE ABERTURA DE CR\u00c9DITO ADICIONAL SUPLEMENTAR NA IMPORT\u00c2NCIA DE R$ 135.000,00 (CENTO E TRINTA E CINCO MIL REAIS), E D\u00c1 OUTRAS PROVID\u00caNCIAS;\r\nREQUEIRO \u00c0 V. EX\u00aa., DEPOIS DE OUVIDO O DOUTO PLEN\u00c1RIO, SEJA SUBMETIDO \u00c0 DISCUSS\u00c3O E VOTA\u00c7\u00c3O \u00daNICAS EM REGIME DE URG\u00caNCIA.\r\n"}, {"id": "318", "ano": "2016", "numero": "119", "tipo__sigla": "REQ", "tipo__descricao": "Requerimento", "autoria": "", "texto_original": "http://sapl.buritama.sp.leg.br/media/sapl/public/materialegislativa/2016/318/318_texto_integral.doc", "ementa": "EU, ABAIXO-ASSINADO, VEREADOR COM ASSENTO NA C\u00c2MARA MUNICIPAL DE BURITAMA, ESTADO DE S\u00c3O PAULO, POR INTERM\u00c9DIO DESTE E COM PROJETO DE LEI N\u00ba 68/16 - AUTORIA: PODER EXECUTIVO MUNICIPAL, QUE DISP\u00d5E SOBRE ABERTURA DE CR\u00c9DITO ADICIONAL SUPLEMENTAR NA IMPORT\u00c2NCIA DE R$ 82.000,00 (OITENTA E DOIS MIL REAIS), E D\u00c1 OUTRAS PROVID\u00caNCIAS;\r\nREQUEIRO \u00c0 V. EX\u00aa., DEPOIS DE OUVIDO O DOUTO PLEN\u00c1RIO, SEJA SUBMETIDO \u00c0 DISCUSS\u00c3O E VOTA\u00c7\u00c3O \u00daNICAS EM REGIME DE URG\u00caNCIA.\r\n"}, {"id": "319", "ano": "2016", "numero": "120", "tipo__sigla": "REQ", "tipo__descricao": "Requerimento", "autoria": "", "texto_original": "http://sapl.buritama.sp.leg.br/media/sapl/public/materialegislativa/2016/319/319_texto_integral.doc", "ementa": "\r\nEU, ABAIXO-ASSINADO, VEREADOR COM ASSENTO NA C\u00c2MARA MUNICIPAL DE BURITAMA, ESTADO DE S\u00c3O PAULO, POR INTERM\u00c9DIO DESTE E COM PROJETO DE LEI N\u00ba 69/16 - AUTORIA: PODER EXECUTIVO MUNICIPAL, QUE DISP\u00d5E SOBRE ABERTURA DE CR\u00c9DITO ADICIONAL ESPECIAL NA IMPORT\u00c2NCIA DE R$ 9.576,94 (NOVE MIL, QUINHENTOS E SETENTA E SEIS REAIS E NOVENTA E QUATRO CENTAVOS), E D\u00c1 OUTRAS PROVID\u00caNCIAS;\r\nREQUEIRO \u00c0 V. EX\u00aa., DEPOIS DE OUVIDO O DOUTO PLEN\u00c1RIO, SEJA SUBMETIDO \u00c0 DISCUSS\u00c3O E VOTA\u00c7\u00c3O \u00daNICAS EM REGIME DE URG\u00caNCIA.\r\n"}, {"id": "320", "ano": "2016", "numero": "121", "tipo__sigla": "REQ", "tipo__descricao": "Requerimento", "autoria": "", "texto_original": "http://sapl.buritama.sp.leg.br/media/sapl/public/materialegislativa/2016/320/320_texto_integral.doc", "ementa": "EU, ABAIXO-ASSINADO, VEREADOR COM ASSENTO NA C\u00c2MARA MUNICIPAL DE BURITAMA, ESTADO DE S\u00c3O PAULO, POR INTERM\u00c9DIO DESTE E COM PROJETO DE LEI N\u00ba 70/16 - AUTORIA: PODER EXECUTIVO MUNICIPAL, QUE DISP\u00d5E SOBRE ABERTURA DE CR\u00c9DITO ADICIONAL ESPECIAL NA IMPORT\u00c2NCIA DE R$ 2.132,78 (DOIS MIL, CENTO E TRINTA E DOIS REAIS E SETENTA E OITO CENTAVOS), E D\u00c1 OUTRAS PROVID\u00caNCIAS;\r\nREQUEIRO \u00c0 V. EX\u00aa., DEPOIS DE OUVIDO O DOUTO PLEN\u00c1RIO, SEJA SUBMETIDO \u00c0 DISCUSS\u00c3O E VOTA\u00c7\u00c3O \u00daNICAS EM REGIME DE URG\u00caNCIA.\r\n"}, {"id": "321", "ano": "2016", "numero": "122", "tipo__sigla": "REQ", "tipo__descricao": "Requerimento", "autoria": "", "texto_original": "http://sapl.buritama.sp.leg.br/media/sapl/public/materialegislativa/2016/321/321_texto_integral.doc", "ementa": "EU, ABAIXO-ASSINADO, VEREADOR COM ASSENTO NA C\u00c2MARA MUNICIPAL DE BURITAMA, ESTADO DE S\u00c3O PAULO, POR INTERM\u00c9DIO DESTE E COM PROJETO DE LEI N\u00ba 71/16 - AUTORIA: PODER EXECUTIVO MUNICIPAL, QUE DISP\u00d5E SOBRE ABERTURA DE CR\u00c9DITO ADICIONAL ESPECIAL NA IMPORT\u00c2NCIA DE R$ 59.138,81 (CINQUENTA E NOVE MIL, CENTO E TRINTA E OITO REAIS E OITENTA E UM CENTAVOS), E D\u00c1 OUTRAS PROVID\u00caNCIAS;\r\nREQUEIRO \u00c0 V. EX\u00aa., DEPOIS DE OUVIDO O DOUTO PLEN\u00c1RIO, SEJA SUBMETIDO \u00c0 DISCUSS\u00c3O E VOTA\u00c7\u00c3O \u00daNICAS EM REGIME DE URG\u00caNCIA.\r\n"}, {"id": "322", "ano": "2016", "numero": "123", "tipo__sigla": "REQ", "tipo__descricao": "Requerimento", "autoria": "", "texto_original": "http://sapl.buritama.sp.leg.br/media/sapl/public/materialegislativa/2016/322/322_texto_integral.doc", "ementa": "EU, ABAIXO-ASSINADO, VEREADOR COM ASSENTO NA C\u00c2MARA MUNICIPAL DE BURITAMA, ESTADO DE S\u00c3O PAULO, POR INTERM\u00c9DIO DESTE E COM PROJETO DE LEI N\u00ba 72/16 - AUTORIA: PODER EXECUTIVO MUNICIPAL, QUE DISP\u00d5E SOBRE ABERTURA DE CR\u00c9DITO ADICIONAL ESPECIAL NA IMPORT\u00c2NCIA DE R$ 5.235,95 (CINCO MIL, DUZENTOS E TRINTA E CINCO REAIS E NOVENTA E CINCO CENTAVOS), E D\u00c1 OUTRAS PROVID\u00caNCIAS;\r\nREQUEIRO \u00c0 V. EX\u00aa., DEPOIS DE OUVIDO O DOUTO PLEN\u00c1RIO, SEJA SUBMETIDO \u00c0 DISCUSS\u00c3O E VOTA\u00c7\u00c3O \u00daNICAS EM REGIME DE URG\u00caNCIA.\r\n"}, {"id": "323", "ano": "2016", "numero": "124", "tipo__sigla": "REQ", "tipo__descricao": "Requerimento", "autoria": "", "texto_original": "http://sapl.buritama.sp.leg.br/media/sapl/public/materialegislativa/2016/323/323_texto_integral.doc", "ementa": "EU, ABAIXO-ASSINADO, VEREADOR COM ASSENTO NA C\u00c2MARA MUNICIPAL DE BURITAMA, ESTADO DE S\u00c3O PAULO, POR INTERM\u00c9DIO DESTE E COM PROJETO DE DECRETO LEGISLATIVO N\u00ba 21/16 - AUTORIA: VEREADOR OSVALDO BENEDITO DOS SANTOS, QUE CONCEDE O T\u00cdTULO DE CIDAD\u00c3 BURITAMENSE \u00c0 SENHORA SILVINA LOPES DOS SANTOS, M\u00c3E EXEMPLAR, TENDO VINDO DA PEQUENA, POR\u00c9M ACOLHEDORA JACU\u00cd-MG PARA A NOSSA REGI\u00c3O CRIAN\u00c7A, NOS ANOS 50, ONDE MOROU EM V\u00c1RIOS MUNIC\u00cdPIOS, CONTRAINDO MATRIM\u00d4NIO NA VIZINHA NHANDEARA, ONDE TEVE QUATRO FILHOS, E MAIS TARDE ESCOLHEU BURITAMA COMO SUA MORADA, MORANDO INICIALMENTE EM UMA PEQUENA BARRACA MONTADA, ENQUANTO INICIAVA A CONSTRU\u00c7\u00c3O DE DOIS C\u00d4MODOS FEITOS COM PEDA\u00c7OS DE TIJOLOS, ONDE NASCERAM MAIS DOIS FILHOS, AUMENTANDO, ASSIM, A SUA PROLE, QUE SE TORNARAM HOMENS DE BEM, TRABALHADORES, HONRADOS, DOTADOS DE ILIBADOS CAR\u00c1TER E PERSONALIDADE, GRA\u00c7AS A EDUCA\u00c7\u00c3O EN\u00c9RGICA QUE TIVERAM DO PULSO FORTE DE SUA AM\u00c1VEL GENITORA;\r\nREQUEIRO \u00c0 V. EX\u00aa., DEPOIS DE OUVIDO O DOUTO PLEN\u00c1RIO, SEJA SUBMETIDO \u00c0 DISCUSS\u00c3O E VOTA\u00c7\u00c3O \u00daNICAS EM REGIME DE URG\u00caNCIA.\r\n\r\n"}, {"id": "324", "ano": "2016", "numero": "125", "tipo__sigla": "REQ", "tipo__descricao": "Requerimento", "autoria": "", "texto_original": "http://sapl.buritama.sp.leg.br/media/sapl/public/materialegislativa/2016/324/324_texto_integral.doc", "ementa": "EU, ABAIXO-ASSINADO, VEREADOR COM ASSENTO NA C\u00c2MARA MUNICIPAL DE BURITAMA, ESTADO DE S\u00c3O PAULO, POR INTERM\u00c9DIO DESTE E COM PROJETO DE DECRETO LEGISLATIVO N\u00ba 22/16 - AUTORIA: VEREADORA ROSELI APARECIDA NOBRE DIAS, QUE CONCEDE O T\u00cdTULO DE CIDAD\u00c3O BURITAMENSE AO SENHOR LUIS CARLOS DIAS;\r\nREQUEIRO \u00c0 V. EX\u00aa., DEPOIS DE OUVIDO O DOUTO PLEN\u00c1RIO, SEJA SUBMETIDO \u00c0 DISCUSS\u00c3O E VOTA\u00c7\u00c3O \u00daNICAS EM REGIME DE URG\u00caNCIA.\r\n"}, {"id": "325", "ano": "2016", "numero": "126", "tipo__sigla": "REQ", "tipo__descricao": "Requerimento", "autoria": "", "texto_original": "http://sapl.buritama.sp.leg.br/media/sapl/public/materialegislativa/2016/325/325_texto_integral.doc", "ementa": "EU, ABAIXO-ASSINADO, VEREADOR COM ASSENTO NA C\u00c2MARA MUNICIPAL DE BURITAMA, ESTADO DE S\u00c3O PAULO, POR INTERM\u00c9DIO DESTE E COM PROJETO DE LEI N\u00ba 73/16 - AUTORIA: PODER EXECUTIVO MUNICIPAL, QUE DISP\u00d5E SOBRE PERMISS\u00c3O DE UTILIZA\u00c7\u00c3O DE BEM P\u00daBLICO - \u00c1REA INSTITUCIONAL LOCALIZADA NO LOTEAMENTO RESIDENCIAL MARBELLA, E D\u00c1 OUTRAS PROVID\u00caNCIAS;\r\nREQUEIRO \u00c0 V. EX\u00aa., DEPOIS DE OUVIDO O DOUTO PLEN\u00c1RIO, SEJA SUBMETIDO \u00c0 DISCUSS\u00c3O E VOTA\u00c7\u00c3O \u00daNICAS EM REGIME DE URG\u00caNCIA.\r\n"}, {"id": "326", "ano": "2016", "numero": "127", "tipo__sigla": "REQ", "tipo__descricao": "Requerimento", "autoria": "", "texto_original": "http://sapl.buritama.sp.leg.br/media/sapl/public/materialegislativa/2016/326/326_texto_integral.doc", "ementa": "EU, ABAIXO-ASSINADO, VEREADOR COM ASSENTO NA C\u00c2MARA MUNICIPAL DE BURITAMA, ESTADO DE S\u00c3O PAULO, POR INTERM\u00c9DIO DESTE E COM PROJETO DE LEI N\u00ba 74/16 - AUTORIA: PODER EXECUTIVO MUNICIPAL, QUE AUTORIZA O PODER EXECUTIVO MUNICIPAL A DOAR A EMPRESA NEGRISOLI COM\u00c9RCIO E LOCA\u00c7\u00c3O DE TRATORES E IMPLEMENTOS AGR\u00cdCOLAS EIRELI - ME., LOTE 08, DA QUADRA \"A\" DO PARQUE INDUSTRIAL ELIZI\u00c1RIO SEVERINO PEREIRA, E A RECEBER EM DOA\u00c7\u00c3O RECURSOS FINANCEIROS EQUIVALENTES A AVALIA\u00c7\u00c3O DA BENFEITORIA NO REFERIDO LOTE, E D\u00c1 OUTRAS PROVID\u00caNCIAS;\r\nREQUEIRO \u00c0 V. EX\u00aa., DEPOIS DE OUVIDO O DOUTO PLEN\u00c1RIO, SEJA SUBMETIDO \u00c0 DISCUSS\u00c3O E VOTA\u00c7\u00c3O \u00daNICAS EM REGIME DE URG\u00caNCIA.\r\n\r\n"}, {"id": "327", "ano": "2016", "numero": "128", "tipo__sigla": "REQ", "tipo__descricao": "Requerimento", "autoria": "", "texto_original": "http://sapl.buritama.sp.leg.br/media/sapl/public/materialegislativa/2016/327/327_texto_integral.doc", "ementa": "EU, ABAIXO-ASSINADO, VEREADOR COM ASSENTO NA C\u00c2MARA MUNICIPAL DE BURITAMA, ESTADO DE S\u00c3O PAULO, POR INTERM\u00c9DIO DESTE E COM PROJETO DE LEI N\u00ba 76/16 - AUTORIA: PODER EXECUTIVO MUNICIPAL, QUE AUTORIZA O PODER EXECUTIVO MUNICIPAL A RECEBER DA EMPRESA NEGRISOLI COM\u00c9RCIO E LOCA\u00c7\u00c3O DE TRATORES E IMPLEMENTOS AGR\u00cdCOLAS EIRELI-ME, RECURSOS FINANCEIROS EQUIVALENTES A AVALIA\u00c7\u00c3O DA BENFEITORIA CONSTRU\u00cdDA NO LOTE 08, QUADRA &#8220;A&#8221; DO PARQUE INDUSTRIAL ELIZI\u00c1RIO SEVERINO PEREIRA, E D\u00c1 OUTRAS PROVID\u00caNCIAS;\r\nREQUEIRO \u00c0 V. EX\u00aa., DEPOIS DE OUVIDO O DOUTO PLEN\u00c1RIO, SEJA SUBMETIDO \u00c0 DISCUSS\u00c3O E VOTA\u00c7\u00c3O \u00daNICAS EM REGIME DE URG\u00caNCIA.\r\n"}, {"id": "328", "ano": "2016", "numero": "129", "tipo__sigla": "REQ", "tipo__descricao": "Requerimento", "autoria": "", "texto_original": "http://sapl.buritama.sp.leg.br/media/sapl/public/materialegislativa/2016/328/328_texto_integral.doc", "ementa": "EU, ABAIXO-ASSINADO, VEREADOR COM ASSENTO NA C\u00c2MARA MUNICIPAL DE BURITAMA, ESTADO DE S\u00c3O PAULO, POR INTERM\u00c9DIO DESTE E COM PROJETO DE LEI N\u00ba 77/16 - AUTORIA:  PODER EXECUTIVO MUNICIPAL, QUE DISP\u00d5E SOBRE ABERTURA DE CR\u00c9DITO ADICIONAL SUPLEMENTAR NA IMPORT\u00c2NCIA DE R$. 275.000,00, E D\u00c1 OUTRAS PROVID\u00caNCIAS;\r\nREQUEIRO \u00c0 V. EX\u00aa., DEPOIS DE OUVIDO O DOUTO PLEN\u00c1RIO, SEJA SUBMETIDO \u00c0 DISCUSS\u00c3O E VOTA\u00c7\u00c3O \u00daNICAS EM REGIME DE URG\u00caNCIA.\r\n"}, {"id": "329", "ano": "2016", "numero": "130", "tipo__sigla": "REQ", "tipo__descricao": "Requerimento", "autoria": "", "texto_original": "http://sapl.buritama.sp.leg.br/media/sapl/public/materialegislativa/2016/329/329_texto_integral.doc", "ementa": "EU, ABAIXO-ASSINADO, VEREADOR COM ASSENTO NA C\u00c2MARA MUNICIPAL DE BURITAMA, ESTADO DE S\u00c3O PAULO, POR INTERM\u00c9DIO DESTE E COM PROJETO DE LEI N\u00ba 79/16 - AUTORIA: PODER EXECUTIVO MUNICIPAL, QUE DISP\u00d5E SOBRE ABERTURA DE CR\u00c9DITO ADICIONAL SUPLEMENTAR NA IMPORT\u00c2NCIA DE R$. 260.000,00, E D\u00c1 OUTRAS PROVID\u00caNCIAS;\r\nREQUEIRO \u00c0 V. EX\u00aa., DEPOIS DE OUVIDO O DOUTO PLEN\u00c1RIO, SEJA SUBMETIDO \u00c0 DISCUSS\u00c3O E VOTA\u00c7\u00c3O \u00daNICAS EM REGIME DE URG\u00caNCIA.\r\n"}, {"id": "330", "ano": "2016", "numero": "131", "tipo__sigla": "REQ", "tipo__descricao": "Requerimento", "autoria": "", "texto_original": "http://sapl.buritama.sp.leg.br/media/sapl/public/materialegislativa/2016/330/330_texto_integral.doc", "ementa": "EU, ABAIXO-ASSINADO, VEREADOR COM ASSENTO NA C\u00c2MARA MUNICIPAL DE BURITAMA, ESTADO DE S\u00c3O PAULO, POR INTERM\u00c9DIO DESTE E COM PROJETO DE LEI N\u00ba 80/16 - AUTORIA: PODER EXECUTIVO MUNICIPAL, QUE DISP\u00d5E SOBRE ABERTURA DE CR\u00c9DITO ADICIONAL SUPLEMENTAR IMPORT\u00c2NCIA DE R$. 100.000,00, E D\u00c1 OUTRAS PROVID\u00caNCIAS;\r\nREQUEIRO \u00c0 V. EX\u00aa., DEPOIS DE OUVIDO O DOUTO PLEN\u00c1RIO, SEJA SUBMETIDO \u00c0 DISCUSS\u00c3O E VOTA\u00c7\u00c3O \u00daNICAS EM REGIME DE URG\u00caNCIA.\r\n\r\n"}, {"id": "331", "ano": "2016", "numero": "132", "tipo__sigla": "REQ", "tipo__descricao": "Requerimento", "autoria": "BETO DO JEROMINHO", "texto_original": "http://sapl.buritama.sp.leg.br/media/sapl/public/materialegislativa/2016/331/331_texto_integral.doc", "ementa": "EU, ABAIXO-ASSINADO, VEREADOR COM ASSENTO NA C\u00c2MARA MUNICIPAL DE BURITAMA, ESTADO DE S\u00c3O PAULO, POR INTERM\u00c9DIO DESTE E COM PROJETO DE LEI N\u00ba 78/16 - AUTORIA: PODER EXECUTIVO MUNICIPAL, QUE DISP\u00d5E SOBRE ABERTURA DE CR\u00c9DITO ADICIONAL SUPLEMENTAR NA IMPORT\u00c2NCIA DE R$. 165.000,00, E D\u00c1 OUTRAS PROVID\u00caNCIAS;"}, {"id": "332", "ano": "2016", "numero": "133", "tipo__sigla": "REQ", "tipo__descricao": "Requerimento", "autoria": "RONALDO RAMOS FERNANDES", "texto_original": "http://sapl.buritama.sp.leg.br/media/sapl/public/materialegislativa/2016/332/332_texto_integral.doc", "ementa": "EU, RONALDO RAMOS FERNANDES, VEREADOR, COM ASSENTO NA C\u00c2MARA MUNICIPAL DE BURITAMA, ESTADO DE S\u00c3O PAULO, REQUEIRO, A GENTILEZA DE VOSSA EXCEL\u00caNCIA, DEPOIS DE OUVIDO O DOUTO PLEN\u00c1RIO, SEJA OFICIADO O SENHOR IZAIR DOS SANTOS TEIXEIRA, PREFEITO MUNICIPAL, SOLICITANDO-LHE A GENTILEZA, NO SENTIDO  DE ENCAMINHAR UM PROJETO DE LEI \u00c0 CASA LEGISLATIVA, DISPONDO SOBRE A REGULARIZA\u00c7\u00c3O DA SITUA\u00c7\u00c3O DOS IM\u00d3VEIS J\u00c1 CONSTRU\u00cdDOS E QUE N\u00c3O RECEBERAM A FISCALIZA\u00c7\u00c3O DO SETOR DE ENGENHARIA DO GOVERNO DO MUNIC\u00cdPIO DE BURITAMA, UMA VEZ QUE, SEGUNDO O NOSSO PLANO DIRETOR, N\u00c3O PERMITE QUE HAJA DESMEMBRAMENTO DE TERRENO.   "}, {"id": "337", "ano": "2016", "numero": "134", "tipo__sigla": "REQ", "tipo__descricao": "Requerimento", "autoria": "", "texto_original": "http://sapl.buritama.sp.leg.br/media/", "ementa": "EU, ABAIXO-ASSINADO, VEREADOR COM ASSENTO NA C\u00c2MARA MUNICIPAL DE BURITAMA, ESTADO DE S\u00c3O PAULO, POR INTERM\u00c9DIO DESTE E COM PROJETO DE LEI N\u00ba 81/16 - AUTORIA: PODER EXECUTIVO MUNICIPAL, QUE DISP\u00d5E SOBRE ABERTURA DE CR\u00c9DITO ADICIONAL SUPLEMENTAR NA IMPORT\u00c2NCIA DE R$. 26.640,00, E D\u00c1 OUTRAS PROVID\u00caNCIAS;"}, {"id": "338", "ano": "2016", "numero": "135", "tipo__sigla": "REQ", "tipo__descricao": "Requerimento", "autoria": "", "texto_original": "http://sapl.buritama.sp.leg.br/media/sapl/public/materialegislativa/2016/338/338_texto_integral.doc", "ementa": "\r\nEU, ABAIXO-ASSINADO, VEREADOR COM ASSENTO NA C\u00c2MARA MUNICIPAL DE BURITAMA, ESTADO DE S\u00c3O PAULO, POR INTERM\u00c9DIO DESTE E COM PROJETO DE LEI N\u00ba 82/16 - AUTORIA: PODER EXECUTIVO MUNICIPAL, QUE DISP\u00d5E SOBRE ABERTURA DE CR\u00c9DITO ADICIONAL SUPLEMENTAR NA IMPORT\u00c2NCIA DE R$. 15.000,00, E D\u00c1 OUTRAS PROVID\u00caNCIAS;\r\n"}, {"id": "339", "ano": "2016", "numero": "136", "tipo__sigla": "REQ", "tipo__descricao": "Requerimento", "autoria": "", "texto_original": "http://sapl.buritama.sp.leg.br/media/sapl/public/materialegislativa/2016/339/339_texto_integral.doc", "ementa": "EU, ABAIXO-ASSINADO, VEREADOR COM ASSENTO NA C\u00c2MARA MUNICIPAL DE BURITAMA, ESTADO DE S\u00c3O PAULO, POR INTERM\u00c9DIO DESTE E COM PROJETO DE LEI N\u00ba 83/16 - AUTORIA: PODER EXECUTIVO MUNICIPAL, QUE DISP\u00d5E SOBRE ABERTURA DE CR\u00c9DITO ADICIONAL SUPLEMENTAR NA IMPORT\u00c2NCIA DE R$. 500.000,00, E D\u00c1 OUTRAS PROVID\u00caNCIAS;"}, {"id": "340", "ano": "2016", "numero": "137", "tipo__sigla": "REQ", "tipo__descricao": "Requerimento", "autoria": "", "texto_original": "http://sapl.buritama.sp.leg.br/media/sapl/public/materialegislativa/2016/340/340_texto_integral.doc", "ementa": "EU, ABAIXO-ASSINADO, VEREADOR COM ASSENTO NA C\u00c2MARA MUNICIPAL DE BURITAMA, ESTADO DE S\u00c3O PAULO, POR INTERM\u00c9DIO DESTE E COM PROJETO DE DECRETO LEGISLATIVO N\u00ba 23/16 - AUTORIA: VEREADOR EDILSON HONORATO DA SILVA, QUE CONCEDE O T\u00cdTULO DE CIDAD\u00c3O BURITAMENSE AO SENHOR VALDAIR APARECIDO CHAVES, POPULAR &#8220;NEN\u00c3O&#8221;, PELOS RELEVANTES SERVI\u00c7OS RECONHECIDAMENTE PRESTADOS AO NOSSO MUNIC\u00cdPIO, DE FAM\u00cdLIA TRADICIONAL, CONCEITUADO PROFISSIONAL DA CONSTRU\u00c7\u00c3O CIVIL, EXERCENDO COM CONHECIMENTO, DEDICA\u00c7\u00c3O E PR\u00c1TICA, H\u00c1 QUASE TR\u00caS D\u00c9CADAS A HONROSA PROFISS\u00c3O DE PEDREIRO EDIFICANDO OBRAS, E  DENTRE TANTAS J\u00c1 CONSTRU\u00cdDAS POR ELE EM NOSSA CIDADE E EM OUTRAS DA REGI\u00c3O, DESTACA-SE O EDIF\u00cdCIO DO PODER LEGISLATIVO, DO QUAL ELE SE ENCHE DE ORGULHO EM TER PARTICIPADO DA COMPETENTE EQUIPE DE PROFISSIONAIS DA EMPRESA VICON CONSTRUTORA LTDA, DESDE O ALICERCE AT\u00c9 A FINALIZA\u00c7\u00c3O TOTAL DO IMPONENTE E MAJESTOSO PR\u00c9DIO ERGUIDO NA AINDA QUASE INABITADA AVENIDA BENEDITO ALVES RANGEL NOS IDOS DE 2002;"}, {"id": "341", "ano": "2016", "numero": "138", "tipo__sigla": "REQ", "tipo__descricao": "Requerimento", "autoria": "", "texto_original": "http://sapl.buritama.sp.leg.br/media/sapl/public/materialegislativa/2016/341/341_texto_integral.doc", "ementa": "EU, ABAIXO-ASSINADO, VEREADOR COM ASSENTO NA C\u00c2MARA MUNICIPAL DE BURITAMA, ESTADO DE S\u00c3O PAULO, POR INTERM\u00c9DIO DESTE E COM PROJETO DE DECRETO LEGISLATIVO N\u00ba 24/16 - AUTORIA: VEREADOR ANTONIO ROMILDO DOS SANTOS, QUE CONCEDE O T\u00cdTULO DE CIDAD\u00c3O BURITAMENSE AO SENHOR JOS\u00c9 JORGE BONATO, DE FAM\u00cdLIA TRADICIONAL, CONCEITUADO PROFESSOR DE ARTES INDUSTRIAIS DA REDE ESTADUAL DE ENSINO DE 1974 A 1977, DEDICADO INVESTIGADOR DE POL\u00cdCIA DE 1978 A 1991, COMPETENTE DELEGADO DE POL\u00cdCIA, CUJA FUN\u00c7\u00c3O EXERCEU COM BRAVURA, PROFISSIONALISMO E AUSTERIDADE AT\u00c9 MAIO DE 2011, QUANDO, ENT\u00c3O, CONQUISTOU A SUA MERECIDA APOSENTADORIA, E ATUANTE VEREADOR DESTA CASA LEGISLATIVA ONDE DESEMPENHOU COM BRILHANTISMO E MUITA DEDICA\u00c7\u00c3O O MANDATO DE PARLAMENTAR POR TR\u00caS LEGISLATURAS, A SABER: 11\u00aa LEGISLATURA, PER\u00cdODO COMPREENDIDO ENTRE 01.01.93 A 31.12.96, 12\u00aa LEGISLATURA, PER\u00cdODO COMPREENDIDO ENTRE 10.10.97 A 31.12.00 E 14\u00aa LEGISLATURA, PER\u00cdODO COMPREENDIDO ENTRE 01.01.05 A 31.12.08, TENDO ESCOLHIDO BURITAMA COMO MORADA DESDE QUE AQUI CHEGOU NA D\u00c9CADA DE 70, ONDE PERMANECEU E CONSTITUIU FAM\u00cdLIA;"}, {"id": "342", "ano": "2016", "numero": "139", "tipo__sigla": "REQ", "tipo__descricao": "Requerimento", "autoria": "", "texto_original": "http://sapl.buritama.sp.leg.br/media/sapl/public/materialegislativa/2016/342/342_texto_integral.doc", "ementa": "EU, ABAIXO-ASSINADO, VEREADOR COM ASSENTO NA C\u00c2MARA MUNICIPAL DE BURITAMA, ESTADO DE S\u00c3O PAULO, POR INTERM\u00c9DIO DESTE E COM PROJETO DE DECRETO LEGISLATIVO N\u00ba 25/16 - AUTORIA: VEREADOR CARLOS ALBERTO TEIXEIRA ROSA, QUE CONCEDE O T\u00cdTULO DE CIDAD\u00c3O BENEM\u00c9RITO BURITAMENSE AO SENHOR JOS\u00c9 MOREIRA DUARTE, EX\u00cdMIO CARPINTEIRO, DE FAM\u00cdLIA TRADICIONAL, COLABORADOR ATIVO E GRACIOSAMENTE EM V\u00c1RIAS CAMPANHAS BENEFICENTES, ENTRE AS QUAIS, QUERMESSES EM GERAL E OS TRADICIONAIS LEIL\u00d5ES DE GADO EM PROL \u00c0S MAIS DIVERSAS ENTIDADES ASSISTENCIAIS DE NOSSA CIDADE, BEM COMO \u00c0 FUNDA\u00c7\u00c3O PIO XII, HOSPITAL DE C\u00c2NCER DE BARRETOS;"}, {"id": "343", "ano": "2016", "numero": "140", "tipo__sigla": "REQ", "tipo__descricao": "Requerimento", "autoria": "", "texto_original": "http://sapl.buritama.sp.leg.br/media/sapl/public/materialegislativa/2016/343/343_texto_integral.docx", "ementa": "EU, CARLOS ALBERTO DOS SANTOS, VEREADOR, COM ASSENTO NA C\u00c2MARA MUNICIPAL DE BURITAMA, ESTADO DE S\u00c3O PAULO, REQUEIRO, A GENTILEZA DE VOSSA EXCEL\u00caNCIA, DEPOIS DE OUVIDO O DOUTO PLEN\u00c1RIO, SEJA OFICIADO O SENHOR IZAIR DOS SANTOS TEIXEIRA, PREFEITO MUNICIPAL, SOLICITANDO-LHE A GENTILEZA, NO SENTIDO  DE INFORMAR \u00c0 ESTA CASA LEGISLATIVA, O VALOR TOTAL DA FOLHA DE PAGAMENTO DOS SERVIDORES P\u00daBLICOS MUNICIPAIS REFERENTE AO M\u00caS DE AGOSTO DE 2016, INFORMAR O N\u00daMERO E O NOME DE SERVIDORES CONCURSADOS E COMISSIONADOS EXISTENTES ATUALMENTE LOTADOS NO QUADRO DE PESSOAL DO GOVERNO DO MUNIC\u00cdPIO DE BURITAMA, CONSTANDO AINDA, QUANTOS RECEBEM GRATIFICA\u00c7\u00d5ES, DISCRIMINANDO QUAIS GRATIFICA\u00c7\u00d5ES S\u00c3O CONTEMPLADOS, DISCRIMINANDO-OS NOMINALMENTE. "}, {"id": "344", "ano": "2016", "numero": "141", "tipo__sigla": "REQ", "tipo__descricao": "Requerimento", "autoria": "", "texto_original": "http://sapl.buritama.sp.leg.br/media/sapl/public/materialegislativa/2016/344/344_texto_integral.docx", "ementa": "EU, CARLOS ALBERTO DOS SANTOS, VEREADOR, COM ASSENTO NA C\u00c2MARA MUNICIPAL DE BURITAMA, ESTADO DE S\u00c3O PAULO, REQUEIRO, A GENTILEZA DE VOSSA EXCEL\u00caNCIA, DEPOIS DE OUVIDO O DOUTO PLEN\u00c1RIO, SEJA OFICIADO O SENHOR SIDNEY J\u00daNIOR DE MOURA, PRESIDENTE DA COMISS\u00c3O ORGANIZADORA DA FESTA DO PE\u00c3O DE BOIADEIRO DE BURITAMA DE 2016, SOLICITANDO-LHE A GENTILEZA, NO SENTIDO DE ENCAMINHAR \u00c0 ESTA CASA LEGISLATIVA, O COMPETENTE BALANCETE DE RECEITAS E  DESPESAS DA 31\u00aa EDI\u00c7\u00c3O DO EVENTO LEVADO A EFEITO DE 17 A 21 DE AGOSTO DE 2016 NAS DEPEND\u00caNCIAS DO RECINTO ODILON FERREIRA DE ALMEIDA.  "}, {"id": "345", "ano": "2016", "numero": "142", "tipo__sigla": "REQ", "tipo__descricao": "Requerimento", "autoria": "", "texto_original": "http://sapl.buritama.sp.leg.br/media/sapl/public/materialegislativa/2016/345/345_texto_integral.docx", "ementa": "EU, RONALDO RAMOS FERNANDES, VEREADOR, COM ASSENTO NA C\u00c2MARA MUNICIPAL DE BURITAMA, ESTADO DE S\u00c3O PAULO, REQUEIRO, A GENTILEZA DE VOSSA EXCEL\u00caNCIA, DEPOIS DE OUVIDO O DOUTO PLEN\u00c1RIO, SEJA OFICIADO O SENHOR IZAIR DOS SANTOS TEIXEIRA, PREFEITO MUNICIPAL, SOLICITANDO-LHE A GENTILEZA, NO SENTIDO DE ENCAMINHAR \u00c0 ESTA CASA LEGISLATIVA, UMA C\u00d3PIA DO PROJETO DE CONSTRU\u00c7\u00c3O DA DEPRESS\u00c3O CONSTRU\u00cdDA NA CONFLU\u00caNCIA DAS RUAS BAR\u00c3O DO RIO BRANCO E FRANCISCO CARDOSO, ELABORADO PELO SETOR COMPETENTE DO GOVERNO DO MUNIC\u00cdPIO DE BURITAMA.  "}, {"id": "346", "ano": "2016", "numero": "143", "tipo__sigla": "REQ", "tipo__descricao": "Requerimento", "autoria": "RONALDO RAMOS FERNANDES", "texto_original": "http://sapl.buritama.sp.leg.br/media/sapl/public/materialegislativa/2016/346/346_texto_integral.docx", "ementa": "EU, RONALDO RAMOS FERNANDES, VEREADOR, COM ASSENTO NA C\u00c2MARA MUNICIPAL DE BURITAMA, ESTADO DE S\u00c3O PAULO, REQUEIRO, A GENTILEZA DE VOSSA EXCEL\u00caNCIA, DEPOIS DE OUVIDO O DOUTO PLEN\u00c1RIO, SEJA OFICIADO O SENHOR IZAIR DOS SANTOS TEIXEIRA, PREFEITO MUNICIPAL, SOLICITANDO-LHE A GENTILEZA, NO SENTIDO DE\r\nINFORMAR \u00c0 ESTA CASA LEGISLATIVA, SE O MUNIC\u00cdPIO DE BURITAMA RECEBEU O EMPREENDIMENTO IMOBILI\u00c1RIO DENOMINADO LOTEAMENTO RESIDENCIAL NOVA ALIAN\u00c7A; EM CASO POSITIVO, FAVOR INFORMAR O POR QUE FOI RECEBIDO SEM A DEVIDA VIA DE ACESSO LEGAL.   \r\n"}, {"id": "347", "ano": "2016", "numero": "144", "tipo__sigla": "REQ", "tipo__descricao": "Requerimento", "autoria": "", "texto_original": "http://sapl.buritama.sp.leg.br/media/sapl/public/materialegislativa/2016/347/347_texto_integral.doc", "ementa": "\r\nEU, ABAIXO-ASSINADO, VEREADOR COM ASSENTO NA C\u00c2MARA MUNICIPAL DE BURITAMA, ESTADO DE S\u00c3O PAULO, POR INTERM\u00c9DIO DESTE E COM PROJETO DE DECRETO LEGISLATIVO N\u00ba 26/16 - AUTORIA: VEREADOR ANTONIO CARLOS DE FREITAS, QUE CONCEDE O T\u00cdTULO DE CIDAD\u00c3O BURITAMENSE \u00c0 SENHORA OLIRDES DE OLIVEIRA FREITAS, DE FAM\u00cdLIA TRADICIONAL, TRABALHADORA, M\u00c3E EXEMPLAR, MULHER DE FIBRA E CORAGEM, QUE AO PERDER O COMPANHEIRO COM OS FILHOS AINDA CRIAN\u00c7AS, SE DESDOBROU AO M\u00c1XIMO PARA PODER, SOZINHA, CRIAR, EDUCAR E FORMAR A SUA PROLE, TORNANDO-OS CIDAD\u00c3OS DE BEM, DE CAR\u00c1TER E MORAL ILIBADOS, PRONTOS PARA ENFRENTAR CADA QUAL A SUA VIDA PROFISSIONAL GRA\u00c7AS \u00c0 RETID\u00c3O BASILAR HERDADA DE SUA GENITORA;\r\n"}, {"id": "348", "ano": "2016", "numero": "145", "tipo__sigla": "REQ", "tipo__descricao": "Requerimento", "autoria": "", "texto_original": "http://sapl.buritama.sp.leg.br/media/sapl/public/materialegislativa/2016/348/348_texto_integral.doc", "ementa": "EU, ABAIXO-ASSINADO, VEREADOR COM ASSENTO NA C\u00c2MARA MUNICIPAL DE BURITAMA, ESTADO DE S\u00c3O PAULO, POR INTERM\u00c9DIO DESTE E COM PROJETO DE DECRETO LEGISLATIVO N\u00ba 27/16 - AUTORIA: VEREADOR CARLOS ALBERTO DOS SANTOS, QUE CONCEDE O T\u00cdTULO DE CIDAD\u00c3O BENEM\u00c9RITO BURITAMENSE AO SENHOR SEBASTI\u00c3O \u00c2NGELO CINTRA, DE FAM\u00cdLIA TRADICIONAL, EX\u00cdMIO FUNCION\u00c1RIO DO BANCO DO BRASIL, EM CUJA INSTITUI\u00c7\u00c3O FINANCEIRA TRABALHOU POR 30 LONGOS ANOS AT\u00c9 CONSEGUIR A SUA MERECIDA APOSENTADORIA QUE SE DEU NO ANO DE 1996, EXERCEU, VOLUNTARIAMENTE, O CARGO DE 1\u00ba TESOUREIRO DA DIRETORIA DA SANTA CASA DE MISERIC\u00d3RDIA S\u00c3O FRANCISCO DE BURITAMA, NO PER\u00cdODO COMPREENDIDO ENTRE MAR\u00c7O DE 2009 E MAR\u00c7O DE 2011 E  PROVEDOR DA REFERIDA ENTIDADE ENTRE MAR\u00c7O DE 2011 E DEZEMBRO DE 2012, PARTICIPA ATIVAMENTE COMO MEMBRO DA DIRETORIA DO CENTRO ESP\u00cdRITA &#8220;DISC\u00cdPULOS DE JESUS&#8221;, E INTEGRA DIVERSOS GRUPOS DE ESTUDOS FILOS\u00d3FICOS DA DOUTRINA ESP\u00cdRITA EM NOSSA CIDADE E OUTRAS CIRCUNVIZINHAS, MINISTRANDO PALESTRAS, E ATUANDO, TAMB\u00c9M, EM COMISS\u00d5ES FILANTR\u00d3PICAS NA ARRECADA\u00c7\u00c3O DE RECURSOS PARA FAM\u00cdLIAS CARENTES;"}, {"id": "363", "ano": "2016", "numero": "146", "tipo__sigla": "REQ", "tipo__descricao": "Requerimento", "autoria": "RONALDO RAMOS FERNANDES", "texto_original": "http://sapl.buritama.sp.leg.br/media/sapl/public/materialegislativa/2016/363/363_texto_integral.docx", "ementa": "SEJA OFICIADO O SENHOR IZAIR DOS SANTOS TEIXEIRA, PREFEITO MUNICIPAL, SOLICITANDO-LHE A GENTILEZA, PARA QUE VIA DEPARTAMENTO DE ENGENHARIA DO GOVERNO DO MUNIC\u00cdPIO DE BURITAMA, FORNE\u00c7A  \u00c0 ESTA CASA LEGISLATIVA, C\u00d3PIA DO PROCESSO, CAPA A CAPA, O QUAL SE ENCONTRA EM FASE FINAL DE APROVA\u00c7\u00c3O, DO EMPREENDIMENTO IMOBILI\u00c1RIO FLORAIS DAS PALMEIRAS."}, {"id": "364", "ano": "2016", "numero": "147", "tipo__sigla": "REQ", "tipo__descricao": "Requerimento", "autoria": "BETO DO JEROMINHO", "texto_original": "http://sapl.buritama.sp.leg.br/media/sapl/public/materialegislativa/2016/364/364_texto_integral.doc", "ementa": "REQUER URG\u00caNCIA NO PROJETO DE LEI N\u00ba 84/16"}, {"id": "365", "ano": "2016", "numero": "148", "tipo__sigla": "REQ", "tipo__descricao": "Requerimento", "autoria": "BETO DO JEROMINHO", "texto_original": "http://sapl.buritama.sp.leg.br/media/sapl/public/materialegislativa/2016/365/365_texto_integral.doc", "ementa": "REQUER URG\u00caNCIA NO PROJETO DE LEI N\u00ba 85/16"}, {"id": "366", "ano": "2016", "numero": "149", "tipo__sigla": "REQ", "tipo__descricao": "Requerimento", "autoria": "BETO DO JEROMINHO", "texto_original": "http://sapl.buritama.sp.leg.br/media/sapl/public/materialegislativa/2016/366/366_texto_integral.doc", "ementa": "REQUER URG\u00caNCIA NO PROJETO DE LEI N\u00ba 86/16"}, {"id": "367", "ano": "2016", "numero": "150", "tipo__sigla": "REQ", "tipo__descricao": "Requerimento", "autoria": "RONALDO RAMOS FERNANDES", "texto_original": "http://sapl.buritama.sp.leg.br/media/sapl/public/materialegislativa/2016/367/367_texto_integral.docx", "ementa": "SEJA OFICIADO O SENHOR IZAIR DOS SANTOS TEIXEIRA, PREFEITO MUNICIPAL, SOLICITANDO-LHE A GENTILEZA, NO SENTIDO DE FORNECER UMA RELA\u00c7\u00c3O COM OS NOMES DOS MUN\u00cdCIPES QUE TIVERAM OS SERVI\u00c7OS DE CAL\u00c7AMENTO DE SEUS IM\u00d3VEIS EXECUTADOS PELO SETOR COMPETENTE DO GOVERNO DO MUNIC\u00cdPIO DE BURITAMA, DEVIDAMENTE AUTORIZADO PELA LEGISLA\u00c7\u00c3O VIGENTE, BEM COMO INFORMAR SE OS SERVI\u00c7OS EXECUTADOS PELA ADMINISTRA\u00c7\u00c3O P\u00daBLICA J\u00c1 FORAM OU EST\u00c3O SENDO COBRADOS, INFORMANDO OS NOMES DOS PROPRIET\u00c1RIOS QUE EST\u00c3O EM DIA COM A FAZENDA P\u00daBLICA E OS DOS QUE EST\u00c3O INADIMPLENTES COM O ER\u00c1RIO, CONSTANDO, TAMB\u00c9M, OS SEUS RESPECTIVOS ENDERE\u00c7OS."}, {"id": "368", "ano": "2016", "numero": "151", "tipo__sigla": "REQ", "tipo__descricao": "Requerimento", "autoria": "RONALDO RAMOS FERNANDES", "texto_original": "http://sapl.buritama.sp.leg.br/media/sapl/public/materialegislativa/2016/368/368_texto_integral.docx", "ementa": "SEJA OFICIADO O SENHOR IZAIR DOS SANTOS TEIXEIRA, PREFEITO MUNICIPAL, SOLICITANDO-LHE A GENTILEZA, NO SENTIDO DE FORNECER UMA RELA\u00c7\u00c3O CONSTANDO OS NOMES DOS SERVIDORES P\u00daBLICOS MUNICIPAIS QUE EST\u00c3O LOTADOS NOS CARGOS DE FISCAIS DO GOVERNO DO MUNIC\u00cdPIO DE BURITAMA, NOMENCLATURA DE CADA CARGO, ATRIBUI\u00c7\u00d5ES DE CADA PROFISSIONAL, LOCAL ONDE SE ENCONTRAM DESEMPENHANDO AS SUAS FUN\u00c7\u00d5ES, INFORMANDO, AINDA, SE EXISTE ALGUM FUNCION\u00c1RIO DESSA CATEGORIA EM DESVIO DE FUN\u00c7\u00c3O."}, {"id": "369", "ano": "2016", "numero": "152", "tipo__sigla": "REQ", "tipo__descricao": "Requerimento", "autoria": "BETO DO JEROMINHO", "texto_original": "http://sapl.buritama.sp.leg.br/media/sapl/public/materialegislativa/2016/369/369_texto_integral.doc", "ementa": "REQUER URGENCIA NO PROJETO DE LEI N\u00ba 87/16"}, {"id": "370", "ano": "2016", "numero": "153", "tipo__sigla": "REQ", "tipo__descricao": "Requerimento", "autoria": "BETO DO JEROMINHO", "texto_original": "http://sapl.buritama.sp.leg.br/media/sapl/public/materialegislativa/2016/370/370_texto_integral.doc", "ementa": "REQUER URGENCIA NO PROJETO DE LEI N\u00ba 88/16"}, {"id": "371", "ano": "2016", "numero": "154", "tipo__sigla": "REQ", "tipo__descricao": "Requerimento", "autoria": "BETO DO JEROMINHO", "texto_original": "http://sapl.buritama.sp.leg.br/media/sapl/public/materialegislativa/2016/371/371_texto_integral.doc", "ementa": "REQUER URGENCIA NO PROJETO DE LEI N\u00ba 89/16"}, {"id": "372", "ano": "2016", "numero": "155", "tipo__sigla": "REQ", "tipo__descricao": "Requerimento", "autoria": "FEBEM", "texto_original": "http://sapl.buritama.sp.leg.br/media/sapl/public/materialegislativa/2016/372/372_texto_integral.docx", "ementa": "COM REFER\u00caNCIA \u00c0 PLENA VIG\u00caNCIA DA LEI COMPLEMENTAR MUNICIPAL N\u00ba 124, DE 29 DE DEZEMBRO DE 2014 QUE DISP\u00d5E SOBRE A CRIA\u00c7\u00c3O DA CONTRIBUI\u00c7\u00c3O PARA CUSTEIO DOS SERVI\u00c7OS DE ILUMINA\u00c7\u00c3O P\u00daBLICA, E D\u00c1 OUTRAS PROVID\u00caNCIAS, REQUEIRO, A GENTILEZA DE VOSSA EXCEL\u00caNCIA, DEPOIS DE OUVIDO O DOUTO PLEN\u00c1RIO, SEJA OFICIADO O SENHOR IZAIR DOS SANTOS TEIXEIRA, PREFEITO MUNICIPAL, SOLICITANDO-LHE A GENTILEZA, NO SENTIDO DE INFORMAR \u00c0 ESTA CASA LEGISLATIVA, QUAL O VALOR GLOBAL ARRECADADO COM ESSA CONTRIBUI\u00c7\u00c3O DESDE QUE A LEI ENTROU EM VIGOR AT\u00c9 A PRESENTE DATA, 30 DE NOVEMBRO DE 2016, QUAIS OS SERVI\u00c7OS QUE FORAM EXECUTADOS COM O USO DOS RECURSOS FINANCEIROS PROVENIENTES DESSA FONTE DE ARRECADA\u00c7\u00c3O, BEM COMO INFORMAR O VALOR DO SALDO BANC\u00c1RIO ATUAL  (30 DE NOVEMBRO DE 2016) DA CONTA ESPEC\u00cdFICA QUE RECEBE MENCIONADA CONTRIBUI\u00c7\u00c3O MENSAL. "}, {"id": "373", "ano": "2016", "numero": "156", "tipo__sigla": "REQ", "tipo__descricao": "Requerimento", "autoria": "BETO DO JEROMINHO", "texto_original": "http://sapl.buritama.sp.leg.br/media/sapl/public/materialegislativa/2016/373/373_texto_integral.doc", "ementa": "REQUER URGENCIA NO PROJETO DE LEI N\u00ba 90/16."}, {"id": "374", "ano": "2016", "numero": "157", "tipo__sigla": "REQ", "tipo__descricao": "Requerimento", "autoria": "BETO DO JEROMINHO", "texto_original": "http://sapl.buritama.sp.leg.br/media/sapl/public/materialegislativa/2016/374/374_texto_integral.doc", "ementa": "REQUER URGENCIA NO PROJETO DE LEI N\u00ba 91/16."}, {"id": "375", "ano": "2016", "numero": "158", "tipo__sigla": "REQ", "tipo__descricao": "Requerimento", "autoria": "BETO DO JEROMINHO", "texto_original": "http://sapl.buritama.sp.leg.br/media/sapl/public/materialegislativa/2016/375/375_texto_integral.doc", "ementa": "REQUER URGENCIA NO PROJETO DE LEI N\u00ba 92/16."}, {"id": "376", "ano": "2016", "numero": "159", "tipo__sigla": "REQ", "tipo__descricao": "Requerimento", "autoria": "BETO DO JEROMINHO", "texto_original": "http://sapl.buritama.sp.leg.br/media/sapl/public/materialegislativa/2016/376/376_texto_integral.doc", "ementa": "REQUER URGENCIA NO PROJETO DE LEI N\u00ba 93/16."}, {"id": "377", "ano": "2016", "numero": "160", "tipo__sigla": "REQ", "tipo__descricao": "Requerimento", "autoria": "BETO DO JEROMINHO", "texto_original": "http://sapl.buritama.sp.leg.br/media/sapl/public/materialegislativa/2016/377/377_texto_integral.doc", "ementa": "REQUER URGENCIA NO PROJETO DE LEI N\u00ba 18/16."}, {"id": "5", "ano": "2016", "numero": "1", "tipo__sigla": "IND", "tipo__descricao": "Indica\u00e7\u00e3o", "autoria": "ANTONIO CARLOS", "texto_original": "http://sapl.buritama.sp.leg.br/media/sapl/public/materialegislativa/2016/5/5_texto_integral.doc", "ementa": "INDICA, AO SENHOR IZAIR DOS SANTOS TEIXEIRA, PREFEITO MUNICIPAL, SEJAM TOMADAS AS PROVID\u00caNCIAS NECESS\u00c1RIAS, OBJETIVANDO A EXECU\u00c7\u00c3O DOS SERVI\u00c7OS COM VISTAS A TAPAR UM IMENSO BURACO ABERTO NA CONFLU\u00caNCIA DAS RUAS JOAQUIM ANTONIO DOS SANTOS E FRANCISCO MARANGONI. "}, {"id": "6", "ano": "2016", "numero": "2", "tipo__sigla": "IND", "tipo__descricao": "Indica\u00e7\u00e3o", "autoria": "FEBEM", "texto_original": "http://sapl.buritama.sp.leg.br/media/sapl/public/materialegislativa/2016/6/6_texto_integral.doc", "ementa": "INDICA, AOS SENHORES IZAIR DOS SANTOS TEIXEIRA, PREFEITO MUNICIPAL, E CHISLANI CRISTINA BATISTA DA CUNHA, DIRETORA MUNICIPAL DA SA\u00daDE, SEJAM TOMADAS AS PROVID\u00caNCIAS NECESS\u00c1RIAS, OBJETIVANDO A EXECU\u00c7\u00c3O DOS SERVI\u00c7OS DE DETERMINAR A COLOCA\u00c7\u00c3O DE ACOLCHOADO COM ESPUMA NO LEITO DAS MACAS DAS AMBUL\u00c2NCIAS QUE COMP\u00d5EM A FROTA DA SA\u00daDE DE NOSSO MUNIC\u00cdPIO. "}, {"id": "7", "ano": "2016", "numero": "3", "tipo__sigla": "IND", "tipo__descricao": "Indica\u00e7\u00e3o", "autoria": "RONALDO RAMOS FERNANDES", "texto_original": "http://sapl.buritama.sp.leg.br/media/sapl/public/materialegislativa/2016/7/7_texto_integral.doc", "ementa": "INDICA, AO SENHOR IZAIR DOS SANTOS TEIXEIRA, PREFEITO MUNICIPAL, A ELABORA\u00c7\u00c3O DE NOVO PROJETO DE LEI DISPONDO SOBRE ABERTURA DE CR\u00c9DITO ADICIONAL SUPLEMENTAR, DESTINADO \u00c0 CONTRATA\u00c7\u00c3O DE UMA EMPRESA PARA TRANSFORMA\u00c7\u00c3O DE UM VE\u00cdCULO EM AMBUL\u00c2NCIA E REENCAMINHADO \u00c0 ESTA C\u00c2MARA MUNICIPAL PARA SER NOVAMENTE DELIBERADO. "}, {"id": "8", "ano": "2016", "numero": "4", "tipo__sigla": "IND", "tipo__descricao": "Indica\u00e7\u00e3o", "autoria": "ANTONIO ROMILDO DOS SANTOS", "texto_original": "http://sapl.buritama.sp.leg.br/media/sapl/public/materialegislativa/2016/8/8_texto_integral.doc", "ementa": "INDICA, AO SENHOR IZAIR DOS SANTOS TEIXEIRA, PREFEITO MUNICIPAL, SEJAM TOMADAS AS PROVID\u00caNCIAS NECESS\u00c1RIAS, OBJETIVANDO A COLOCA\u00c7\u00c3O DE BANCOS NA PRA\u00c7A ANA RITA MENDES DEFRONTE PARA AS RUAS GUILHERME GUERBAS, FLORIANO PEIXOTO, FRANCISCO MARANGONI E RUI BARBOSA, BEM COMO EM V\u00c1RIOS PONTOS DISPON\u00cdVEIS NO INTERIOR DAQUELE ESPA\u00c7O P\u00daBLICO."}, {"id": "9", "ano": "2016", "numero": "5", "tipo__sigla": "IND", "tipo__descricao": "Indica\u00e7\u00e3o", "autoria": "OSVALDINHO, ROSELI NOBRE", "texto_original": "http://sapl.buritama.sp.leg.br/media/sapl/public/materialegislativa/2016/9/9_texto_integral.doc", "ementa": "INDICAM, AO SENHOR IZAIR DOS SANTOS TEIXEIRA, PREFEITO MUNICIPAL, SEJAM TOMADAS AS PROVID\u00caNCIAS NECESS\u00c1RIAS, OBJETIVANDO A EXECU\u00c7\u00c3O DOS SERVI\u00c7OS DE RECAPEAMENTO ASF\u00c1LTICO NA RUA HENRIQUE CRUZ, NO CRUZAMENTO COM A RUA XV DE NOVEMBRO, RUA JOAQUIM ANTONIO DOS SANTOS, NO CRUZAMENTO COM A RUA AYRTON SENNA DA SILVA E OPERA\u00c7\u00c3O TAPA-BURACOS NAS RUAS CHAFIC JOS\u00c9 ABDO E VEREADOR APARECIDO ANTONIO DA SILVA. "}, {"id": "20", "ano": "2016", "numero": "6", "tipo__sigla": "IND", "tipo__descricao": "Indica\u00e7\u00e3o", "autoria": "ANTONIO ROMILDO DOS SANTOS", "texto_original": "http://sapl.buritama.sp.leg.br/media/sapl/public/materialegislativa/2016/20/20_texto_integral.doc", "ementa": "INDICA\u00c7\u00c3O N\u00ba 06/16 - AUTORIA: VEREADOR ANTONIO ROMILDO DOS SANTOS, INDICANDO AO ILUSTRE DEPUTADO ESTADUAL ROQUE BARBIERI, SOLICITANDO-LHE A GENTILEZA, NO SENTIDO DE APRESENTAR UM PROJETO DE LEI NA ASSEMBLEIA LEGISLATIVA DE S\u00c3O PAULO, DENOMINANDO DE &#8220;EDIF\u00cdCIO DR. JOS\u00c9 ABDO ABEID&#8221;, O PR\u00c9DIO ONDE EST\u00c1 INSTALADO O F\u00d3RUM DA COMARCA DE BURITAMA, PR\u00d3PRIO P\u00daBLICO ESTADUAL, CONSTRU\u00cdDO NA AVENIDA FREI MARCELO MAN\u00cdLIA, N\u00ba 739, ESQUINA COM A RUA RUI BARBOSA, SIGNIFICANDO UMA HOMENAGEM A ESTE SENHOR, DE FAM\u00cdLIA TRADICIONAL, QUE EXERCEU COM MUITA SABEDORIA E CAPACIDADE A PROFISS\u00c3O DE ADVOGADO EM NOSSA COMUNIDADE, E NESSE MISTER, DAVA TUDO DE SI EM DEFESA DOS INTERESSES DE NOSSA GENTE, TENDO SIDO O PRIMEIRO ADVOGADO FORMADO DE NOSSA CIDADE, O PRIMEIRO ADVOGADO CONTRATADO PELA PREFEITURA MUNICIPAL, OU SEJA, O PRIMEIRO PROCURADOR JUR\u00cdDICO DA MUNICIPALIDADE;  "}, {"id": "21", "ano": "2016", "numero": "7", "tipo__sigla": "IND", "tipo__descricao": "Indica\u00e7\u00e3o", "autoria": "ANTONIO ROMILDO DOS SANTOS", "texto_original": "http://sapl.buritama.sp.leg.br/media/sapl/public/materialegislativa/2016/21/21_texto_integral.doc", "ementa": "INDICA\u00c7\u00c3O N\u00ba 07/16 - AUTORIA: VEREADOR ANTONIO ROMILDO DOS SANTOS, INDICANDO AO ILUSTRE DEPUTADO ESTADUAL ROQUE BARBIERI, SOLICITANDO-LHE A GENTILEZA, NO SENTIDO DE APRESENTAR UM PROJETO DE LEI NA ASSEMBLEIA LEGISLATIVA DE S\u00c3O PAULO, DENOMINANDO DE &#8220;EDIF\u00cdCIO ANTONIO GAUD\u00caNCIO FALLEIROS&#8221;, O PR\u00c9DIO ONDE EST\u00c1 INSTALADA A DELEGACIA DE POL\u00cdCIA DE BURITAMA, PR\u00d3PRIO P\u00daBLICO ESTADUAL, CONSTRU\u00cdDO NA RUA FLORIANO PEIXOTO, N\u00ba 1520, SIGNIFICANDO UMA HOMENAGEM A ESTE SENHOR, DE FAM\u00cdLIA TRADICIONAL QUE, SEGUNDO OS MORADORES MAIS ANTIGOS, EM VIDA EXERCEU O CARGO DE PRIMEIRO SUBDELEGADO DE POL\u00cdCIA DE NOSSA CIDADE POR V\u00c1RIOS ANOS, QUANDO AINDA ERA DISTRITO DE MONTE APRAZ\u00cdVEL, E DEPOIS NOMEADO, CUJA PUBLICA\u00c7\u00c3O SE DEU NO D.O.E. DO DIA 15 DE SETEMBRO DE 1949, PRESTANDO COMPROMISSO \u00c0S FOLHAS 23, LIVRO 1, E ASSUMINDO O CARGO EM 27 DE SETEMBRO DE 1949,  QUANDO BURITAMA, ENT\u00c3O, J\u00c1 ERA MUNIC\u00cdPIO"}, {"id": "22", "ano": "2016", "numero": "8", "tipo__sigla": "IND", "tipo__descricao": "Indica\u00e7\u00e3o", "autoria": "ANTONIO ROMILDO DOS SANTOS", "texto_original": "http://sapl.buritama.sp.leg.br/media/sapl/public/materialegislativa/2016/22/22_texto_integral.doc", "ementa": "INDICA\u00c7\u00c3O N\u00ba 08/16 - AUTORIA: VEREADOR RONALDO RAMOS FERNANDES, INDICANDO AO SENHOR IZAIR DOS SANTOS TEIXEIRA, PREFEITO MUNICIPAL, A EXECU\u00c7\u00c3O DOS SERVI\u00c7OS DE RECAPEAMENTO ASF\u00c1LTICO NAS RUAS DAVID ANTONIO, EUG\u00caNIO PREVIDELLI E JO\u00c3O POLIZEL, SALIENTANDO QUE TAL SUGEST\u00c3O SE JUSTIFICA E SE FUNDAMENTA, TENDO EM VISTA O RECEBIMENTO DE IN\u00daMERAS RECLAMA\u00c7\u00d5ES DE MUN\u00cdCIPES, NOS COBRANDO PROVID\u00caNCIAS JUNTO AO GOVERNO DO MUNIC\u00cdPIO DE BURITAMA NO SENTIDO DE DETERMINAR A EXECU\u00c7\u00c3O DOS SERVI\u00c7OS DE RECAPEAMENTO ASF\u00c1LTICO NAS VIAS P\u00daBLICAS ACIMA RELACIONADAS, POR APRESENTAREM UMA PAVIMENTA\u00c7\u00c3O ASF\u00c1LTICA DE P\u00c9SSIMA QUALIDADE E POR CONTAREM COM DIVERSOS BURACOS AO LONGO DE SEU LEITO CARRO\u00c7\u00c1VEL, NECESSITANDO, URGENTEMENTE, DE UMA A\u00c7\u00c3O EFETIVA DA ADMINISTRA\u00c7\u00c3O MUNICIPAL."}, {"id": "108", "ano": "2016", "numero": "9", "tipo__sigla": "IND", "tipo__descricao": "Indica\u00e7\u00e3o", "autoria": "OSVALDINHO, ROSELI NOBRE", "texto_original": "http://sapl.buritama.sp.leg.br/media/sapl/public/materialegislativa/2016/108/108_texto_integral.doc", "ementa": "INDICAM, POR INTERM\u00c9DIO DE VOSSA EXCEL\u00caNCIA, AO SENHOR IZAIR DOS SANTOS TEIXEIRA, PREFEITO MUNICIPAL, SEJAM TOMADAS AS PROVID\u00caNCIAS NECESS\u00c1RIAS, OBJETIVANDO A EXECU\u00c7\u00c3O DOS SERVI\u00c7OS DE RECAPEAMENTO ASF\u00c1LTICO NA RUA AUR\u00c9LIO FERNANDES. "}, {"id": "109", "ano": "2016", "numero": "10", "tipo__sigla": "IND", "tipo__descricao": "Indica\u00e7\u00e3o", "autoria": "OSVALDINHO, ROSELI NOBRE", "texto_original": "http://sapl.buritama.sp.leg.br/media/sapl/public/materialegislativa/2016/109/109_texto_integral.doc", "ementa": "INDICAM, POR INTERM\u00c9DIO DE VOSSA EXCEL\u00caNCIA, AO SENHOR IZAIR DOS SANTOS TEIXEIRA, PREFEITO MUNICIPAL, SEJAM TOMADAS AS PROVID\u00caNCIAS NECESS\u00c1RIAS, OBJETIVANDO A COLOCA\u00c7\u00c3O DE MAIS PLACAS DE DENOMINA\u00c7\u00c3O AO LONGO DA RUA MARIA DO CARMO COSTA DE ANDRADE. "}, {"id": "110", "ano": "2016", "numero": "11", "tipo__sigla": "IND", "tipo__descricao": "Indica\u00e7\u00e3o", "autoria": "RONALDO RAMOS FERNANDES", "texto_original": "http://sapl.buritama.sp.leg.br/media/sapl/public/materialegislativa/2016/110/110_texto_integral.doc", "ementa": "INDICA, POR INTERM\u00c9DIO DE VOSSA EXCEL\u00caNCIA, AO SENHOR IZAIR DOS SANTOS TEIXEIRA, PREFEITO MUNICIPAL, SEJAM TOMADAS AS PROVID\u00caNCIAS NECESS\u00c1RIAS, OBJETIVANDO A EXECU\u00c7\u00c3O DOS SERVI\u00c7OS DE LIMPEZA DE TERRA EXISTENTE EM DIVERSOS PONTOS AO LONGO DE TODA A PISTA DA CICLOVIA M\u00c1RIO BIANCHINI. "}, {"id": "111", "ano": "2016", "numero": "12", "tipo__sigla": "IND", "tipo__descricao": "Indica\u00e7\u00e3o", "autoria": "", "texto_original": "http://sapl.buritama.sp.leg.br/media/sapl/public/materialegislativa/2016/111/111_texto_integral.pdf", "ementa": "INDICA, POR INTERM\u00c9DIO DE VOSSA EXCEL\u00caNCIA, AO SENHOR IZAIR DOS SANTOS TEIXEIRA, PREFEITO  MUNICIPAL, SOLICITAND0-LHE A GENTILEZA, NO SENTIDO DE TOMAR AS PROVID\u00caNCIAS NECESS\u00c1RIAS, OBJETIVANDO A COLOCA\u00c7\u00c3O DE UM POSTE PADR\u00c3O DE ENERGIA EL\u00c9TRICA, DOTADO DO RESPECTIVO PAINEL  COM V\u00c1RIAS TOMADAS, JUNTO \u00c0S BARRACAS DA FEIRA-LIVRE QUE FUNCIONA NA RUA GUILHERME GUERBAS, ENTRE AS PRA\u00c7AS ANA RITA MENDES E LAFAYETTE LIB\u00c2NIO.  "}, {"id": "112", "ano": "2016", "numero": "13", "tipo__sigla": "IND", "tipo__descricao": "Indica\u00e7\u00e3o", "autoria": "FEBEM", "texto_original": "http://sapl.buritama.sp.leg.br/media/sapl/public/materialegislativa/2016/112/112_texto_integral.doc", "ementa": "INDICA, POR INTERM\u00c9DIO DE VOSSA EXCEL\u00caNCIA, AO SENHOR IZAIR DOS SANTOS TEIXEIRA, PREFEITO MUNICIPAL, SOLICITANDO-LHE A GENTILEZA, NO SENTIDO DE DETERMINAR AO SERVIDOR P\u00daBLICO MUNICIPAL, OCUPANTE NO CARGO DE CHEFE DO SETOR DE LIMPEZA P\u00daBLICA PARA QUE PROCEDA O RECOLHIMENTO DO LIXO HOSPITALAR PRODUZIDO NO PAS II NICOLA LAVECCHIA (LEI MUNICIPAL N\u00ba 1880, DE 23 DE MAR\u00c7O DE 1990), LOCALIZADO \u00c0 RUA MARECHAL DEODORO, N\u00ba 877, QUE \u00c9 DEPOSITADO NA RUA E N\u00c3O EST\u00c1 SENDO RECOLHIDO DA FORMA CORRETA NOS DIAS OFICIALMENTE DETERMINADOS. "}, {"id": "113", "ano": "2016", "numero": "14", "tipo__sigla": "IND", "tipo__descricao": "Indica\u00e7\u00e3o", "autoria": "OSVALDINHO", "texto_original": "http://sapl.buritama.sp.leg.br/media/sapl/public/materialegislativa/2016/113/113_texto_integral.doc", "ementa": "INDICA, POR INTERM\u00c9DIO DE VOSSA EXCEL\u00caNCIA, AO SENHOR IZAIR DOS SANTOS TEIXEIRA, PREFEITO MUNICIPAL, SOLICITANDO-LHE A GENTILEZA, NO SENTIDO DE DETERMINAR AO SETOR COMPETENTE DO GOVERNO DO MUNIC\u00cdPIO DE BURITAMA, NO SENTIDO DE ATENDER A JUSTA E OPORTUNA SUGEST\u00c3O A MIM ENCAMINHADA PELO MEU AFILHADO POL\u00cdTICO, O VEREADOR MIRIM JO\u00c3O GABRIEL DA SILVA RIBEIRO.  "}, {"id": "114", "ano": "2016", "numero": "15", "tipo__sigla": "IND", "tipo__descricao": "Indica\u00e7\u00e3o", "autoria": "NEGO BOMBEIRO", "texto_original": "http://sapl.buritama.sp.leg.br/media/sapl/public/materialegislativa/2016/114/114_texto_integral.doc", "ementa": "INDICO AO SENHOR IZAIR DOS SANTOS TEIXEIRA, PREFEITO MUNICIPAL, A INSTALA\u00c7\u00c3O DE CINCO C\u00c2MERAS DE SEGURAN\u00c7A, SENDO UMA INSTALADA JUNTO A PORTARIA PARA VER QUEM ENTRA E QUEM SAI DO LOCAL, E UMA EM CADA CANTO DAQUELE CAMPO SANTO, BEM COMO A COLOCA\u00c7\u00c3O DE CERCA EL\u00c9TRICA SOBRE O SEU MURO.     "}, {"id": "115", "ano": "2016", "numero": "16", "tipo__sigla": "IND", "tipo__descricao": "Indica\u00e7\u00e3o", "autoria": "LIZE ROLD\u00c3O", "texto_original": "http://sapl.buritama.sp.leg.br/media/sapl/public/materialegislativa/2016/115/115_texto_integral.doc", "ementa": "INDICA, POR INTERM\u00c9DIO DE VOSSA EXCEL\u00caNCIA, AO SENHOR IZAIR DOS SANTOS TEIXEIRA, PREFEITO MUNICIPAL, SEJAM TOMADAS AS PROVID\u00caNCIAS NECESS\u00c1RIAS, OBJETIVANDO PROVIDENCIAR A COLOCA\u00c7\u00c3O DE L\u00c2MPADAS NOS POSTINHOS DE ILUMINA\u00c7\u00c3O P\u00daBLICA EXISTENTES NO INTERIOR DA PRA\u00c7A JO\u00c3O ROBERTO ROSA, LOCALIZADA NO LOTEAMENTO RESIDENCIAL CIDADE NOVA I.\r\n\r\n"}, {"id": "116", "ano": "2016", "numero": "17", "tipo__sigla": "IND", "tipo__descricao": "Indica\u00e7\u00e3o", "autoria": "LIZE ROLD\u00c3O", "texto_original": "http://sapl.buritama.sp.leg.br/media/sapl/public/materialegislativa/2016/116/116_texto_integral.doc", "ementa": "INDICA, POR INTERM\u00c9DIO DE VOSSA EXCEL\u00caNCIA, AO SENHOR IZAIR DOS SANTOS TEIXEIRA, PREFEITO MUNICIPAL, SEJAM TOMADAS AS PROVID\u00caNCIAS NECESS\u00c1RIAS, OBJETIVANDO PROVIDENCIAR A COLOCA\u00c7\u00c3O DE L\u00c2MPADAS NOS POSTINHOS DE ILUMINA\u00c7\u00c3O P\u00daBLICA EXISTENTES NO INTERIOR DA PRA\u00c7A JO\u00c3O ROBERTO ROSA, LOCALIZADA NO LOTEAMENTO RESIDENCIAL CIDADE NOVA I.\r\n\r\n"}, {"id": "117", "ano": "2016", "numero": "18", "tipo__sigla": "IND", "tipo__descricao": "Indica\u00e7\u00e3o", "autoria": "OSVALDINHO", "texto_original": "http://sapl.buritama.sp.leg.br/media/sapl/public/materialegislativa/2016/117/117_texto_integral.doc", "ementa": "INDICA, POR INTERM\u00c9DIO DE VOSSA EXCEL\u00caNCIA, AO SENHOR IZAIR DOS SANTOS TEIXEIRA, PREFEITO MUNICIPAL, SEJAM TOMADAS AS PROVID\u00caNCIAS NECESS\u00c1RIAS, NO SENTIDO DE FAZER GEST\u00d5ES JUNTO A EMPRESA RESPONS\u00c1VEL,  OBJETIVANDO A COLOCA\u00c7\u00c3O DE POSTES DE ILUMINA\u00c7\u00c3O P\u00daBLICA, COM BRA\u00c7OS DE LUZ, COM LUMIN\u00c1RIAS, EM APENAS UM QUARTEIR\u00c3O DA AVENIDA WALDEVINO ISMAEL DE SOUZA."}, {"id": "118", "ano": "2016", "numero": "19", "tipo__sigla": "IND", "tipo__descricao": "Indica\u00e7\u00e3o", "autoria": "OSVALDINHO", "texto_original": "http://sapl.buritama.sp.leg.br/media/sapl/public/materialegislativa/2016/118/118_texto_integral.doc", "ementa": "INDICA, POR INTERM\u00c9DIO DE VOSSA EXCEL\u00caNCIA, AO SENHOR IZAIR DOS SANTOS TEIXEIRA, PREFEITO MUNICIPAL, SEJAM TOMADAS AS PROVID\u00caNCIAS NECESS\u00c1RIAS, OBJETIVANDO A COLOCA\u00c7\u00c3O DE BANCOS NA PRA\u00c7A ANA RITA MENDES DEFRONTE PARA AS RUAS GUILHERME GUERBAS, FLORIANO PEIXOTO, FRANCISCO MARANGONI E RUI BARBOSA, BEM COMO EM V\u00c1RIOS PONTOS DISPON\u00cdVEIS NO INTERIOR DAQUELE ESPA\u00c7O P\u00daBLICO."}, {"id": "119", "ano": "2016", "numero": "20", "tipo__sigla": "IND", "tipo__descricao": "Indica\u00e7\u00e3o", "autoria": "OSVALDINHO", "texto_original": "http://sapl.buritama.sp.leg.br/media/sapl/public/materialegislativa/2016/119/119_texto_integral.doc", "ementa": "INDICA, POR INTERM\u00c9DIO DE VOSSA EXCEL\u00caNCIA, AO SENHOR IZAIR DOS SANTOS TEIXEIRA, PREFEITO MUNICIPAL, SEJAM TOMADAS AS PROVID\u00caNCIAS NECESS\u00c1RIAS, OBJETIVANDO A COLOCA\u00c7\u00c3O DE GUIAS E SARJETAS E A EXECU\u00c7\u00c3O DO SERVI\u00c7OS DE PAVIMENTA\u00c7\u00c3O ASF\u00c1LTICA NA RUA ANTONIO LUIZ ALVES."}, {"id": "120", "ano": "2016", "numero": "21", "tipo__sigla": "IND", "tipo__descricao": "Indica\u00e7\u00e3o", "autoria": "OSVALDINHO", "texto_original": "http://sapl.buritama.sp.leg.br/media/sapl/public/materialegislativa/2016/120/120_texto_integral.doc", "ementa": "INDICA, POR INTERM\u00c9DIO DE VOSSA EXCEL\u00caNCIA, AO SENHOR IZAIR DOS SANTOS TEIXEIRA, PREFEITO MUNICIPAL, SEJAM TOMADAS AS PROVID\u00caNCIAS NECESS\u00c1RIAS, OBJETIVANDO PROVIDENCIAR A COLOCA\u00c7\u00c3O DE L\u00c2MPADAS NOS POSTINHOS DE ILUMINA\u00c7\u00c3O P\u00daBLICA EXISTENTES NO INTERIOR DAS PRA\u00c7AS DA B\u00cdBLIA, JO\u00c3O ROBERTO ROSA, DA CRIAN\u00c7A E APARECIDO RODRIGUES MOUTINHO."}, {"id": "121", "ano": "2016", "numero": "22", "tipo__sigla": "IND", "tipo__descricao": "Indica\u00e7\u00e3o", "autoria": "OSVALDINHO", "texto_original": "http://sapl.buritama.sp.leg.br/media/sapl/public/materialegislativa/2016/121/121_texto_integral.doc", "ementa": "INDICA, POR INTERM\u00c9DIO DE VOSSA EXCEL\u00caNCIA, AO SENHOR IZAIR DOS SANTOS TEIXEIRA, PREFEITO MUNICIPAL, SEJAM TOMADAS AS PROVID\u00caNCIAS NECESS\u00c1RIAS, OBJETIVANDO A EXECU\u00c7\u00c3O DOS SERVI\u00c7OS DE REFORMA GERAL NA QUADRA ESPORTIVA LOCALIZADA NA RUA AYRTON SENNA DA SILVA."}, {"id": "122", "ano": "2016", "numero": "23", "tipo__sigla": "IND", "tipo__descricao": "Indica\u00e7\u00e3o", "autoria": "OSVALDINHO", "texto_original": "http://sapl.buritama.sp.leg.br/media/sapl/public/materialegislativa/2016/122/122_texto_integral.doc", "ementa": "INDICA, POR INTERM\u00c9DIO DE VOSSA EXCEL\u00caNCIA, AO SENHOR IZAIR DOS SANTOS TEIXEIRA, PREFEITO MUNICIPAL, SEJAM TOMADAS AS PROVID\u00caNCIAS NECESS\u00c1RIAS, OBJETIVANDO A COLOCA\u00c7\u00c3O DE MAIS SINALIZA\u00c7\u00c3O DE TR\u00c2NSITO, TANTO A\u00c9REAS QUANTO DE SOLO, EM TODAS AS VIAS P\u00daBLICAS DE NOSSA CIDADE."}, {"id": "123", "ano": "2016", "numero": "24", "tipo__sigla": "IND", "tipo__descricao": "Indica\u00e7\u00e3o", "autoria": "OSVALDINHO", "texto_original": "http://sapl.buritama.sp.leg.br/media/sapl/public/materialegislativa/2016/123/123_texto_integral.doc", "ementa": "INDICA, POR INTERM\u00c9DIO DE VOSSA EXCEL\u00caNCIA, AO SENHOR IZAIR DOS SANTOS TEIXEIRA, PREFEITO MUNICIPAL, SEJAM TOMADAS AS PROVID\u00caNCIAS NECESS\u00c1RIAS, OBJETIVANDO A EXECU\u00c7\u00c3O DOS SERVI\u00c7OS DE REFORMA GERAL NO GIN\u00c1SIO DE ESPORTES MARIA BASSAN FEROLDI"}, {"id": "124", "ano": "2016", "numero": "25", "tipo__sigla": "IND", "tipo__descricao": "Indica\u00e7\u00e3o", "autoria": "OSVALDINHO", "texto_original": "http://sapl.buritama.sp.leg.br/media/sapl/public/materialegislativa/2016/124/124_texto_integral.doc", "ementa": "INDICA, POR INTERM\u00c9DIO DE VOSSA EXCEL\u00caNCIA, AO SENHOR IZAIR DOS SANTOS TEIXEIRA, PREFEITO MUNICIPAL, SEJAM TOMADAS AS PROVID\u00caNCIAS NECESS\u00c1RIAS, OBJETIVANDO A EXECU\u00c7\u00c3O DOS SERVI\u00c7OS DE RECAPEAMENTO ASF\u00c1LTICO NA RUA RUBI\u00c3O J\u00daNIOR."}, {"id": "125", "ano": "2016", "numero": "26", "tipo__sigla": "IND", "tipo__descricao": "Indica\u00e7\u00e3o", "autoria": "OSVALDINHO", "texto_original": "http://sapl.buritama.sp.leg.br/media/sapl/public/materialegislativa/2016/125/125_texto_integral.doc", "ementa": "INDICA, POR INTERM\u00c9DIO DE VOSSA EXCEL\u00caNCIA, AO SENHOR IZAIR DOS SANTOS TEIXEIRA, PREFEITO MUNICIPAL, SEJAM TOMADAS AS PROVID\u00caNCIAS NECESS\u00c1RIAS E DESENVOLVIDOS OS DEVIDOS ESTUDOS, OBJETIVANDO A EXECU\u00c7\u00c3O DOS SERVI\u00c7OS DE REFORMA GERAL DA QUADRA DE ESPORTES LOCALIZADA NA RUA AYRTON SENNA DA SILVA."}, {"id": "126", "ano": "2016", "numero": "27", "tipo__sigla": "IND", "tipo__descricao": "Indica\u00e7\u00e3o", "autoria": "OSVALDINHO", "texto_original": "http://sapl.buritama.sp.leg.br/media/sapl/public/materialegislativa/2016/126/126_texto_integral.doc", "ementa": "INDICA, POR INTERM\u00c9DIO DE VOSSA EXCEL\u00caNCIA, AO SENHOR IZAIR DOS SANTOS TEIXEIRA, PREFEITO MUNICIPAL, SEJAM TOMADAS AS PROVID\u00caNCIAS NECESS\u00c1RIAS, OBJETIVANDO A EXECU\u00c7\u00c3O DOS SERVI\u00c7OS DE PAVIMENTA\u00c7\u00c3O ASF\u00c1LTICA NA RUA RIO PRETO, NO TRECHO COMPREENDIDO ENTRE AS RUAS CHAIM ELIAS E EL\u00d3I MUNIZ DE FREITAS."}, {"id": "127", "ano": "2016", "numero": "28", "tipo__sigla": "IND", "tipo__descricao": "Indica\u00e7\u00e3o", "autoria": "FEBEM", "texto_original": "http://sapl.buritama.sp.leg.br/media/sapl/public/materialegislativa/2016/127/127_texto_integral.doc", "ementa": "INDICA, POR INTERM\u00c9DIO DE VOSSA EXCEL\u00caNCIA, AO SENHOR IZAIR DOS SANTOS TEIXEIRA, PREFEITO MUNICIPAL, SEJAM TOMADAS AS PROVID\u00caNCIAS NECESS\u00c1RIAS, OBJETIVANDO A EXECU\u00c7\u00c3O DOS SERVI\u00c7OS DE PAVIMENTA\u00c7\u00c3O ASF\u00c1LTICA NA RUA MARIA DO CARMO COSTA DE ANDRADE, NO TRECHO COMPREENDIDO ENTRE AS RUAS SANTOS REIS E CUNHA BUENO."}, {"id": "128", "ano": "2016", "numero": "29", "tipo__sigla": "IND", "tipo__descricao": "Indica\u00e7\u00e3o", "autoria": "ROSELI NOBRE", "texto_original": "http://sapl.buritama.sp.leg.br/media/sapl/public/materialegislativa/2016/128/128_texto_integral.doc", "ementa": "INDICA, POR INTERM\u00c9DIO DE VOSSA EXCEL\u00caNCIA, AO SENHOR IZAIR DOS SANTOS TEIXEIRA, PREFEITO MUNICIPAL, SEJAM TOMADAS AS PROVID\u00caNCIAS NECESS\u00c1RIAS, OBJETIVANDO A EXECU\u00c7\u00c3O DOS SERVI\u00c7OS DE REFORMA GERAL NO CAMPO DE BOCHA DO CONJUNTO POLIESPORTIVO FERNANDO RODRIGUES (GLEBA 10), INCLUINDO OS BANHEIROS, BRINQUEDOS, BEM COMO A ILUMINA\u00c7\u00c3O DAQUELE LOCAL. "}, {"id": "129", "ano": "2016", "numero": "30", "tipo__sigla": "IND", "tipo__descricao": "Indica\u00e7\u00e3o", "autoria": "ROSELI NOBRE", "texto_original": "http://sapl.buritama.sp.leg.br/media/sapl/public/materialegislativa/2016/129/129_texto_integral.doc", "ementa": "INDICA, POR INTERM\u00c9DIO DE VOSSA EXCEL\u00caNCIA, AO SENHOR IZAIR DOS SANTOS TEIXEIRA, PREFEITO MUNICIPAL, SEJAM TOMADAS AS PROVID\u00caNCIAS NECESS\u00c1RIAS, OBJETIVANDO A EXECU\u00c7\u00c3O DOS SERVI\u00c7OS DE TAPA-BURACOS NA RUA GENERAL GLIC\u00c9RIO, MAIS PRECISAMENTE EM FRENTE AO N\u00daMERO 1590.  "}, {"id": "130", "ano": "2016", "numero": "31", "tipo__sigla": "IND", "tipo__descricao": "Indica\u00e7\u00e3o", "autoria": "ROSELI NOBRE", "texto_original": "http://sapl.buritama.sp.leg.br/media/sapl/public/materialegislativa/2016/130/130_texto_integral.doc", "ementa": "INDICA, POR INTERM\u00c9DIO DE VOSSA EXCEL\u00caNCIA, AO SENHOR IZAIR DOS SANTOS TEIXEIRA, PREFEITO MUNICIPAL, SEJAM TOMADAS AS PROVID\u00caNCIAS NECESS\u00c1RIAS, OBJETIVANDO A EXECU\u00c7\u00c3O DOS SERVI\u00c7OS DE LIMPEZA DE VEGETA\u00c7\u00c3O EXISTENTE NA CAL\u00c7ADA DA RUA LUIZ ROBERTO G\u00c2MBERA, MAIS PRECISAMENTE NO QUARTEIR\u00c3O DO RESERVAT\u00d3RIO DE \u00c1GUA DO SAAEMB-SERVI\u00c7O AUT\u00d4NOMO DE \u00c1GUA, ESGOTO E MEIO AMBIENTE DO MUNIC\u00cdPIO DE BURITAMA, RETIRADA DO LIXO ACUMULADO NA ESQUINA, BEM COMO A COLOCA\u00c7\u00c3O DE UMA PLACA EDUCATIVA COM OS DIZERES \"PROIBIDO JOGAR LIXO NESTE LOCAL\".  "}, {"id": "131", "ano": "2016", "numero": "32", "tipo__sigla": "IND", "tipo__descricao": "Indica\u00e7\u00e3o", "autoria": "FEBEM", "texto_original": "http://sapl.buritama.sp.leg.br/media/sapl/public/materialegislativa/2016/131/131_texto_integral.doc", "ementa": "INDICA, POR INTERM\u00c9DIO DE VOSSA EXCEL\u00caNCIA, AOS SENHORES IZAIR DOS SANTOS TEIXEIRA, PREFEITO MUNICIPAL, E ANTONIO LUIZ PELEGRINI, PRESIDENTE DO CONSEG-CONSELHO COMUNIT\u00c1RIO DE SEGURAN\u00c7A DO MUNIC\u00cdPIO DE BURITAMA, SEJAM TOMADAS AS PROVID\u00caNCIAS NECESS\u00c1RIAS, OBJETIVANDO A EXECU\u00c7\u00c3O DOS SERVI\u00c7OS DE CONSTRU\u00c7\u00c3O DE UMA LOMBADA OU DE QUALQUER UM OUTRO TIPO DE REDUTOR DE VELOCIDADE NA RUA GUILHERME GUERBAS, SENTIDO BURITAMA-SERINGAL PAULISTA, A CERCA DE 50 METROS ANTES DO FINAL DO ASFALTO DA CITADA VIA P\u00daBLICA, MAIS PRECISAMENTE EM FRENTE AO ESTABELECIMENTO COMERCIAL DENOMINADO AMARAL M\u00d3VEIS USADOS.  "}, {"id": "132", "ano": "2016", "numero": "33", "tipo__sigla": "IND", "tipo__descricao": "Indica\u00e7\u00e3o", "autoria": "RONALDO RAMOS FERNANDES", "texto_original": "http://sapl.buritama.sp.leg.br/media/sapl/public/materialegislativa/2016/132/132_texto_integral.doc", "ementa": "INDICA, POR INTERM\u00c9DIO DE VOSSA EXCEL\u00caNCIA, AOS SENHORES IZAIR DOS SANTOS TEIXEIRA, PREFEITO MUNICIPAL, E ETTORE ZANIN, DIRETOR-EXECUTIVO DO SAAEMB-SERVI\u00c7O AUT\u00d4NOMO DE \u00c1GUA, ESGOTO E MEIO AMBIENTE DO MUNIC\u00cdPIO DE BURITAMA, SEJAM TOMADAS AS PROVID\u00caNCIAS NECESS\u00c1RIAS, OBJETIVANDO A AQUISI\u00c7\u00c3O DE CA\u00c7AMBAS DE MENOR PORTE PARA LOCA\u00c7\u00c3O, OU QUE SEJA FEITA A COBRAN\u00c7A DOS USU\u00c1RIOS POR DIA DE USO DAS J\u00c1 EXISTENTES PERTENCENTES \u00c0QUELA AUTARQUIA.  "}, {"id": "133", "ano": "2016", "numero": "34", "tipo__sigla": "IND", "tipo__descricao": "Indica\u00e7\u00e3o", "autoria": "ROSELI NOBRE", "texto_original": "http://sapl.buritama.sp.leg.br/media/sapl/public/materialegislativa/2016/133/133_texto_integral.doc", "ementa": "INDICA, POR INTERM\u00c9DIO DE VOSSA EXCEL\u00caNCIA, AO SENHOR IZAIR DOS SANTOS TEIXEIRA, PREFEITO MUNICIPAL, SEJAM TOMADAS AS PROVID\u00caNCIAS NECESS\u00c1RIAS, OBJETIVANDO DISPONIBILIZAR UMA SALA NA SANTA CASA DE MISERIC\u00d3RDIA S\u00c3O FRANCISCO OU EM UMA UNIDADE B\u00c1SICA DE SA\u00daDE, NOS FINAIS DE SEMANA, UM CIRURGI\u00c3O DENTISTA DO QUADRO DE SERVIDORES DO GOVERNO DO MUNIC\u00cdPIO DE BURITAMA, DE PLANT\u00c3O, \u00c0 DISPOSI\u00c7\u00c3O, PARA ATENDIMENTO DA POPULA\u00c7\u00c3O QUE NECESSITAR DOS SERVI\u00c7OS DE UM PROFISSIONAL DA \u00c1REA.   "}, {"id": "134", "ano": "2016", "numero": "35", "tipo__sigla": "IND", "tipo__descricao": "Indica\u00e7\u00e3o", "autoria": "OSVALDINHO", "texto_original": "http://sapl.buritama.sp.leg.br/media/sapl/public/materialegislativa/2016/134/134_texto_integral.doc", "ementa": "INDICA, POR INTERM\u00c9DIO DE VOSSA EXCEL\u00caNCIA, AOS SENHORES IZAIR DOS SANTOS TEIXEIRA, PREFEITO MUNICIPAL, E ANTONIO LUIZ PELEGRINI, PRESIDENTE DO CONSEG-CONSELHO COMUNIT\u00c1RIO DE SEGURAN\u00c7A DO MUNIC\u00cdPIO DE BURITAMA, SEJAM TOMADAS AS PROVID\u00caNCIAS NECESS\u00c1RIAS, OBJETIVANDO A EXECU\u00c7\u00c3O DOS SERVI\u00c7OS DE CONSTRU\u00c7\u00c3O DE UMA LOMBADA OU DE QUALQUER UM OUTRO TIPO DE REDUTOR DE VELOCIDADE NA AVENIDA WALDEVINO ISMAEL DE SOUZA, MAIS PRECISAMENTE NA ALTURA DO N\u00daMERO 540.  "}, {"id": "135", "ano": "2016", "numero": "36", "tipo__sigla": "IND", "tipo__descricao": "Indica\u00e7\u00e3o", "autoria": "OSVALDINHO", "texto_original": "http://sapl.buritama.sp.leg.br/media/sapl/public/materialegislativa/2016/135/135_texto_integral.doc", "ementa": "INDICA, POR INTERM\u00c9DIO DE VOSSA EXCEL\u00caNCIA, AO SENHOR IZAIR DOS SANTOS TEIXEIRA, PREFEITO MUNICIPAL, SEJAM TOMADAS AS PROVID\u00caNCIAS NECESS\u00c1RIAS, OBJETIVANDO DETERMINAR A CONSTRU\u00c7\u00c3O DE UM ABRIGO PARA ESTUDANTES NA PRA\u00c7A ANA RITA MENDES"}, {"id": "136", "ano": "2016", "numero": "37", "tipo__sigla": "IND", "tipo__descricao": "Indica\u00e7\u00e3o", "autoria": "OSVALDINHO", "texto_original": "http://sapl.buritama.sp.leg.br/media/sapl/public/materialegislativa/2016/136/136_texto_integral.doc", "ementa": "INDICA, POR INTERM\u00c9DIO DE VOSSA EXCEL\u00caNCIA, AO SENHOR IZAIR DOS SANTOS TEIXEIRA, PREFEITO MUNICIPAL, SEJAM TOMADAS AS PROVID\u00caNCIAS NECESS\u00c1RIAS, OBJETIVANDO A TROCA DAS CAIXAS D'\u00c1GUA DE AMIANTO INSTALADAS NAS DEPEND\u00caNCIAS DO ALMOXARIFADO MUNICIPAL E EM OUTRAS REPARTI\u00c7\u00d5ES P\u00daBLICAS QUE AINDA CONTAREM COM ESSE TIPO DE MATERIAL"}, {"id": "137", "ano": "2016", "numero": "38", "tipo__sigla": "IND", "tipo__descricao": "Indica\u00e7\u00e3o", "autoria": "OSVALDINHO", "texto_original": "http://sapl.buritama.sp.leg.br/media/sapl/public/materialegislativa/2016/137/137_texto_integral.doc", "ementa": ", INDICA, POR INTERM\u00c9DIO DE VOSSA EXCEL\u00caNCIA, AO SENHOR IZAIR DOS SANTOS TEIXEIRA, PREFEITO MUNICIPAL, VIA SETOR COMPETENTE, SEJAM TOMADAS AS PROVID\u00caNCIAS NECESS\u00c1RIAS, OBJETIVANDO A EXECU\u00c7\u00c3O DOS SERVI\u00c7OS DE PODA DAS \u00c1RVORES EXISTENTES NA RUA S\u00c9TIMO CROCH\u00cdQUIA, VIA P\u00daBLICA LOCALIZADA ATR\u00c1S DO EST\u00c1DIO DE FUTEBOL CARLOS GUERBACH, BEM COMO FAZER GEST\u00d5ES JUNTO \u00c0 EMPRESA ELEKTRO-ELETRICIDADE E SERVI\u00c7OS S.A., NO SENTIDO DE SE COLOCAR POSTES DE ILUMINA\u00c7\u00c3O P\u00daBLICA, BRA\u00c7OS DE LUZ, COM LUMIN\u00c1RIAS AO LONGO DA CITADA RUA.    "}, {"id": "138", "ano": "2016", "numero": "39", "tipo__sigla": "IND", "tipo__descricao": "Indica\u00e7\u00e3o", "autoria": "ANTONIO CARLOS", "texto_original": "http://sapl.buritama.sp.leg.br/media/sapl/public/materialegislativa/2016/138/138_texto_integral.doc", "ementa": "INDICA, POR INTERM\u00c9DIO DE VOSSA EXCEL\u00caNCIA, AO SENHOR IZAIR DOS SANTOS TEIXEIRA, PREFEITO MUNICIPAL, VIA SETOR COMPETENTE, SEJAM TOMADAS AS PROVID\u00caNCIAS NECESS\u00c1RIAS, OBJETIVANDO RESOLVER O PROBLEMA DE INFILTRA\u00c7\u00c3O EXISTENTE EM ALGUMAS DEPEND\u00caNCIAS NO CENTRO COMUNIT\u00c1RIO LOCALIZADO NO FINAL DA RUA JUSTINO PEREIRA DOS SANTOS NO CONJUNTO HABITACIONAL HILTON G\u00c2MBERA, BEM COMO DISPONIBILIZAR UM FREEZER E UM FOG\u00c3O A G\u00c1S PARA USO NA COZINHA DAQUELE PR\u00d3PRIO P\u00daBLICO MUNICIPAL. "}, {"id": "139", "ano": "2016", "numero": "40", "tipo__sigla": "IND", "tipo__descricao": "Indica\u00e7\u00e3o", "autoria": "ANTONIO CARLOS", "texto_original": "http://sapl.buritama.sp.leg.br/media/sapl/public/materialegislativa/2016/139/139_texto_integral.doc", "ementa": ", INDICA, POR INTERM\u00c9DIO DE VOSSA EXCEL\u00caNCIA, AO SENHOR IZAIR DOS SANTOS TEIXEIRA, PREFEITO MUNICIPAL, SEJAM TOMADAS AS PROVID\u00caNCIAS NECESS\u00c1RIAS, OBJETIVANDO RESOLVER DE UMA VEZ POR TODAS O PROBLEMA DE UM IMENSO BURACO, UMA VERDADEIRA CRATERA, EXISTENTE NA CONFLU\u00caNCIA DAS RUAS AYRTON SENNA DA SILVA E JOAQUIM ANTONIO DOS SANTOS.     \r\n\r\n"}, {"id": "140", "ano": "2016", "numero": "41", "tipo__sigla": "IND", "tipo__descricao": "Indica\u00e7\u00e3o", "autoria": "FEBEM", "texto_original": "http://sapl.buritama.sp.leg.br/media/sapl/public/materialegislativa/2016/140/140_texto_integral.doc", "ementa": "INDICA, POR INTERM\u00c9DIO DE VOSSA EXCEL\u00caNCIA, AO SENHOR IZAIR DOS SANTOS TEIXEIRA, PREFEITO MUNICIPAL, SEJAM TOMADAS AS PROVID\u00caNCIAS NECESS\u00c1RIAS, OBJETIVANDO RESOLVER DOIS PONTOS CR\u00cdTICOS AO LONGO DA ESTRADA MUNICIPAL SEBASTI\u00c3O PREVIDELLI (BTM-060), SENDO QUE O PRIMEIRO FICA EM FRENTE \u00c0 PROPRIEDADE DO SENHOR JOAQUIM DIAS SALES FILHO, ONDE H\u00c1 MUITA LAMA, E O SEGUNDO EST\u00c1 NAS PROXIMIDADES DA FAZENDA DE PROPRIEDADE DO ESP\u00d3LIO DO SENHOR ANTERO JOS\u00c9 PEREIRA, ONDE, TAMB\u00c9M, H\u00c1 MUITA LAMA E UM IMENSO BURACO, DIFICULTANDO A PASSAGEM DE VE\u00cdCULOS AUTOMOTORES. "}, {"id": "141", "ano": "2016", "numero": "42", "tipo__sigla": "IND", "tipo__descricao": "Indica\u00e7\u00e3o", "autoria": "RONALDO RAMOS FERNANDES", "texto_original": "http://sapl.buritama.sp.leg.br/media/sapl/public/materialegislativa/2016/141/141_texto_integral.doc", "ementa": "INDICA, POR INTERM\u00c9DIO DE VOSSA EXCEL\u00caNCIA, AOS SENHORES IZAIR DOS SANTOS TEIXEIRA, PREFEITO MUNICIPAL, E ANTONIO LUIZ PELEGRINI, PRESIDENTE DO CONSEG-CONSELHO COMUNIT\u00c1RIO DE SEGURAN\u00c7A DO MUNIC\u00cdPIO DE BURITAMA, SEJAM TOMADAS AS PROVID\u00caNCIAS NECESS\u00c1RIAS, OBJETIVANDO A EXECU\u00c7\u00c3O DOS SERVI\u00c7OS DE CONSTRU\u00c7\u00c3O DE UMA LOMBADA OU DE QUALQUER UM OUTRO TIPO DE REDUTOR DE VELOCIDADE NA AVENIDA WALDEVINO ISMAEL DE SOUZA, NAS PROXIMIDADES DO CONJUNTO HABITACIONAL REC\u00c9M-INAUGURADO (ANTIGO CAMPO DE AVIA\u00c7\u00c3O).  "}, {"id": "220", "ano": "2016", "numero": "43", "tipo__sigla": "IND", "tipo__descricao": "Indica\u00e7\u00e3o", "autoria": "", "texto_original": "http://sapl.buritama.sp.leg.br/media/sapl/public/materialegislativa/2016/220/220_texto_integral.doc", "ementa": "INDICA, POR INTERM\u00c9DIO DE VOSSA EXCEL\u00caNCIA, AOS SENHORES IZAIR DOS SANTOS TEIXEIRA, PREFEITO MUNICIPAL, E ANTONIO LUIZ PELEGRINI, PRESIDENTE DO CONSEG-CONSELHO COMUNIT\u00c1RIO DE SEGURAN\u00c7A DO MUNIC\u00cdPIO DE BURITAMA, SEJAM TOMADAS AS PROVID\u00caNCIAS NECESS\u00c1RIAS, OBJETIVANDO A EXECU\u00c7\u00c3O DOS SERVI\u00c7OS DE CONSTRU\u00c7\u00c3O DE UMA LOMBADA OU DE QUALQUER UM OUTRO TIPO DE REDUTOR DE VELOCIDADE NA RUA GUILHERME GUERBAS, MAIS PRECISAMENTE EM FRENTE AO N\u00daMERO 1875, ONDE FUNCIONA O ESTABELECIMENTO COMERCIAL AMARAL M\u00d3VEIS USADOS.  "}, {"id": "221", "ano": "2016", "numero": "44", "tipo__sigla": "IND", "tipo__descricao": "Indica\u00e7\u00e3o", "autoria": "", "texto_original": "http://sapl.buritama.sp.leg.br/media/sapl/public/materialegislativa/2016/221/221_texto_integral.doc", "ementa": "INDICA, POR INTERM\u00c9DIO DE VOSSA EXCEL\u00caNCIA, AO SENHOR IZAIR DOS SANTOS TEIXEIRA, PREFEITO MUNICIPAL, PARA QUE VIA SETOR DE OBRAS DO GOVERNO DO MUNIC\u00cdPIO DE BURITAMA,  SEJAM TOMADAS AS PROVID\u00caNCIAS NECESS\u00c1RIAS, OBJETIVANDO A EXECU\u00c7\u00c3O DOS SERVI\u00c7OS DE CONSTRU\u00c7\u00c3O DE UM SARJET\u00c3O, OU OUTRA OBRA EQUIVALENTE, MAS QUE RESOLVA O PROBLEMA, NA CONFLU\u00caNCIA DAS RUAS JO\u00c3O PADRE DO NASCIMENTO COM LIBERATO ALVES TEIXEIRA, NO LOTEAMENTO RESIDENCIAL CIDADE NOVA.  "}, {"id": "228", "ano": "2016", "numero": "45", "tipo__sigla": "IND", "tipo__descricao": "Indica\u00e7\u00e3o", "autoria": "FEBEM", "texto_original": "http://sapl.buritama.sp.leg.br/media/sapl/public/materialegislativa/2016/228/228_texto_integral.doc", "ementa": "INDICA, POR INTERM\u00c9DIO DE VOSSA EXCEL\u00caNCIA, AO SENHOR IZAIR DOS SANTOS TEIXEIRA, PREFEITO MUNICIPAL, SEJAM TOMADAS AS PROVID\u00caNCIAS NECESS\u00c1RIAS, OBJETIVANDO CONTATAR COM OS \u00d3RG\u00c3OS GOVERNAMENTAIS COMPETENTES, NO SENTIDO DE SE CONSEGUIR UMA REFORMA GERAL NO PR\u00c9DIO ONDE FUNCIONAVA A ANTIGA DELEGACIA DE POL\u00cdCIA DE NOSSA CIDADE E A SUA TRANSFORMA\u00c7\u00c3O EM UMA ESCOLA T\u00c9CNICA PROFISSIONALIZANTE."}, {"id": "229", "ano": "2016", "numero": "46", "tipo__sigla": "IND", "tipo__descricao": "Indica\u00e7\u00e3o", "autoria": "RONALDO RAMOS FERNANDES", "texto_original": "http://sapl.buritama.sp.leg.br/media/sapl/public/materialegislativa/2016/229/229_texto_integral.doc", "ementa": "INDICA, POR INTERM\u00c9DIO DE VOSSA EXCEL\u00caNCIA, AO SENHOR IZAIR DOS SANTOS TEIXEIRA, PREFEITO MUNICIPAL,  SEJA CONTATADO O SENHOR J\u00daLIO ISAQUE DA SILVA, CAPIT\u00c3O DE CORVETA AJUDANTE, DA CAPITANIA FLUVIAL DO TIET\u00ca-PARAN\u00c1, MARINHA DO BRASIL, DE BARRA BONITA-SP, SOLICITANDO-LHE A GENTILEZA, NO SENTIDO DE VER A POSSIBILIDADE DE AQUELA UNIDADE DA MARINHA REALIZAR UM CURSO GRATUITO DESTINADO AOS PESCADORES AMADORES DE NOSSO MUNIC\u00cdPIO QUE UTILIZAM EMBARCA\u00c7\u00d5ES DE PEQUENO PORTE, OBJETIVANDO CONSEGUIR A ARRAIS, PARA MAIOR SEGURAN\u00c7A DOS MESMOS E TAMB\u00c9M DOS BANHISTAS"}, {"id": "231", "ano": "2016", "numero": "47", "tipo__sigla": "IND", "tipo__descricao": "Indica\u00e7\u00e3o", "autoria": "ROSELI NOBRE", "texto_original": "http://sapl.buritama.sp.leg.br/media/sapl/public/materialegislativa/2016/231/231_texto_integral.doc", "ementa": "INDICA, POR INTERM\u00c9DIO DE VOSSA EXCEL\u00caNCIA, AO SENHOR IZAIR DOS SANTOS TEIXEIRA, PREFEITO MUNICIPAL, SEJAM TOMADAS AS PROVID\u00caNCIAS NECESS\u00c1RIAS, OBJETIVANDO DISPONIBILIZAR UMA SALA DE UM PR\u00c9DIO P\u00daBLICO MUNICIPAL, DESTINADA A OCUPA\u00c7\u00c3O POR SENHORAS QUE S\u00c3O M\u00c3ES E QUE POR ALGUM MOTIVO PASSAM POR UMA FASE DEPRESSIVA, BAIXA AUTO-ESTIMA, PARA PREENCHER O TEMPO COM BORDADO, TRIC\u00d4, CROCH\u00ca, PINTURA, ARTESANATO E OUTROS TIPOS DE ARTE, COM A CESS\u00c3O DE UM PSIC\u00d3LOGO OU NUTRICIONISTA PARA PROCEDER PALESTRAS A ESSAS PARTICIPANTES, DE FORMA A ESTIMULAREM E A LEVANTAREM O SEU ASTRAL E O SEU \"EU\" INTERIOR, ENCONTRANDO A DOSAGEM EXATA DO SEU EQUIL\u00cdBRIO EMOCIONAL."}, {"id": "232", "ano": "2016", "numero": "48", "tipo__sigla": "IND", "tipo__descricao": "Indica\u00e7\u00e3o", "autoria": "EDILSON HONORATO DA SILVA - BOCA LETRAS", "texto_original": "http://sapl.buritama.sp.leg.br/media/sapl/public/materialegislativa/2016/232/232_texto_integral.doc", "ementa": "INDICA, POR INTERM\u00c9DIO DE VOSSA EXCEL\u00caNCIA, AO SENHOR IZAIR DOS SANTOS TEIXEIRA, PREFEITO MUNICIPAL, SEJAM TOMADAS AS PROVID\u00caNCIAS NECESS\u00c1RIAS, OBJETIVANDO A EXECU\u00c7\u00c3O DOS SERVI\u00c7OS DE TAPA-BURACOS EM V\u00c1RIAS RUAS DO CONJUNTO HABITACIONAL HOR\u00c1CIO RODRIGUES GOULART, CAL\u00c7ADA EM FRENTE A UM TERRENO DE PROPRIEDADE DA MUNICIPALIDADE LOCALIZADO NA RUA JOS\u00c9 HENRIQUE GOULART, PODA DE \u00c1RVORES NAS IMEDIA\u00c7\u00d5ES DO CAMPINHO DE FUTEBOL, BEM COMO A COLOCA\u00c7\u00c3O DE UM CAMINH\u00c3O DE TERRA NAQUELA \u00c1REA DE LAZER DA GAROTADA DAQUELE POPULOSO CONJUNTO HABITACIONAL"}, {"id": "233", "ano": "2016", "numero": "49", "tipo__sigla": "IND", "tipo__descricao": "Indica\u00e7\u00e3o", "autoria": "EDILSON HONORATO DA SILVA - BOCA LETRAS", "texto_original": "http://sapl.buritama.sp.leg.br/media/sapl/public/materialegislativa/2016/233/233_texto_integral.doc", "ementa": "INDICA, POR INTERM\u00c9DIO DE VOSSA EXCEL\u00caNCIA, AOS SENHORES IZAIR DOS SANTOS TEIXEIRA, PREFEITO MUNICIPAL, E ANTONIO LUIZ PELEGRINI, PRESIDENTE DO CONSEG-CONSELHO COMUNIT\u00c1RIO DE SEGURAN\u00c7A DO MUNIC\u00cdPIO DE BURITAMA, SEJAM TOMADAS AS PROVID\u00caNCIAS NECESS\u00c1RIAS, OBJETIVANDO A EXECU\u00c7\u00c3O DOS SERVI\u00c7OS DE CONSTRU\u00c7\u00c3O DE UMA LOMBADA OU DE QUALQUER UM OUTRO TIPO DE REDUTOR DE VELOCIDADE NA AVENIDA BENEDITO VIEIRA GARCIA, N\u00ba 514, MAIS PRECISAMENTE EM FRENTE AO ESTABELECIMENTO COMERCIAL DENOMINADO JACK PNEUS, DE PROPRIEDADE DE JACHSELY ALDILEI DE OLIVEIRA"}, {"id": "234", "ano": "2016", "numero": "50", "tipo__sigla": "IND", "tipo__descricao": "Indica\u00e7\u00e3o", "autoria": "EDILSON HONORATO DA SILVA - BOCA LETRAS", "texto_original": "http://sapl.buritama.sp.leg.br/media/sapl/public/materialegislativa/2016/234/234_texto_integral.doc", "ementa": "INDICA, POR INTERM\u00c9DIO DE VOSSA EXCEL\u00caNCIA, AOS SENHORES IZAIR DOS SANTOS TEIXEIRA, PREFEITO MUNICIPAL, E ANTONIO LUIZ PELEGRINI, PRESIDENTE DO CONSEG-CONSELHO COMUNIT\u00c1RIO DE SEGURAN\u00c7A DO MUNIC\u00cdPIO DE BURITAMA, SEJAM TOMADAS AS PROVID\u00caNCIAS NECESS\u00c1RIAS, OBJETIVANDO A EXECU\u00c7\u00c3O DOS SERVI\u00c7OS DE CONSTRU\u00c7\u00c3O DE UMA LOMBADA OU DE QUALQUER UM OUTRO TIPO DE REDUTOR DE VELOCIDADE NA RUA AFONSO PENA, MAIS PRECISAMENTE EM FRENTE \u00c0 RESID\u00caNCIA DE N\u00daMERO 991.  \r\n\r\n"}, {"id": "276", "ano": "2016", "numero": "51", "tipo__sigla": "IND", "tipo__descricao": "Indica\u00e7\u00e3o", "autoria": "ROSELI NOBRE", "texto_original": "http://sapl.buritama.sp.leg.br/media/sapl/public/materialegislativa/2016/276/276_texto_integral.doc", "ementa": "INDICANDO AO SENHOR IZAIR DOS SANTOS TEIXEIRA, PREFEITO MUNICIPAL, SEJAM TOMADAS AS PROVID\u00caNCIAS NECESS\u00c1RIAS, OBJETIVANDO A EXECU\u00c7\u00c3O DOS SERVI\u00c7OS DE TROCA DE L\u00c2MPADAS NOS POSTES DE ILUMINA\u00c7\u00c3O P\u00daBLICA DA RUA ARCANJO SEVERINO GON\u00c7ALVES NO CONJUNTO HABITACIONAL HOR\u00c1CIO RODRIGUES GOULART."}, {"id": "282", "ano": "2016", "numero": "52", "tipo__sigla": "IND", "tipo__descricao": "Indica\u00e7\u00e3o", "autoria": "", "texto_original": "http://sapl.buritama.sp.leg.br/media/sapl/public/materialegislativa/2016/282/282_texto_integral.doc", "ementa": "INDICA, POR INTERM\u00c9DIO DE VOSSA EXCEL\u00caNCIA, AOS SENHORES IZAIR DOS SANTOS TEIXEIRA, PREFEITO MUNICIPAL, E ANTONIO LUIZ PELEGRINI, PRESIDENTE DO CONSEG-CONSELHO COMUNIT\u00c1RIO DE SEGURAN\u00c7A DO MUNIC\u00cdPIO DE BURITAMA, SEJAM TOMADAS AS PROVID\u00caNCIAS NECESS\u00c1RIAS, OBJETIVANDO A EXECU\u00c7\u00c3O DOS SERVI\u00c7OS DE CONSTRU\u00c7\u00c3O DE UMA LOMBADA OU DE QUALQUER UM OUTRO TIPO DE REDUTOR DE VELOCIDADE NA RUA MARIA LUIZA SANTOS ROSA, MAIS PRECISAMENTE EM FRENTE \u00c0 RESID\u00caNCIA DE N\u00daMERO 388, NO LOTEAMENTO RESIDENCIAL CIDADE NOVA.  "}, {"id": "283", "ano": "2016", "numero": "53", "tipo__sigla": "IND", "tipo__descricao": "Indica\u00e7\u00e3o", "autoria": "", "texto_original": "http://sapl.buritama.sp.leg.br/media/sapl/public/materialegislativa/2016/283/283_texto_integral.doc", "ementa": "INDICA, POR INTERM\u00c9DIO DE VOSSA EXCEL\u00caNCIA, AOS SENHORES IZAIR DOS SANTOS TEIXEIRA, PREFEITO MUNICIPAL, E GISELDA ELIAS DA CUNHA, AUTORIDADE DE TR\u00c2NSITO DO GOVERNO DO MUNIC\u00cdPIO DE BURITAMA, SEJAM TOMADAS AS PROVID\u00caNCIAS NECESS\u00c1RIAS, OBJETIVANDO DETERMINAR A COLOCA\u00c7\u00c3O DE UM SEM\u00c1FORO PARA ORIENTA\u00c7\u00c3O DE PEDESTRES, JUNTAMENTE COM O SEM\u00c1FORO PARA CONTROLE DO FLUXO DE VE\u00cdCULOS J\u00c1 INSTALADO NA CONFLU\u00caNCIA DA AVENIDA FREI MARCELO MAN\u00cdLIA E RUA FLORIANO PEIXOTO."}, {"id": "299", "ano": "2016", "numero": "54", "tipo__sigla": "IND", "tipo__descricao": "Indica\u00e7\u00e3o", "autoria": "OSVALDINHO", "texto_original": "http://sapl.buritama.sp.leg.br/media/sapl/public/materialegislativa/2016/299/299_texto_integral.doc", "ementa": "O VEREADOR QUE ESTA SUBSCREVE, NOS TERMOS REGIMENTAIS, INDICA, POR INTERM\u00c9DIO DE VOSSA EXCEL\u00caNCIA, AOS SENHORES IZAIR DOS SANTOS TEIXEIRA, PREFEITO MUNICIPAL, E ANTONIO LUIZ PELEGRINI, PRESIDENTE DO CONSEG-CONSELHO COMUNIT\u00c1RIO DE SEGURAN\u00c7A DO MUNIC\u00cdPIO DE BURITAMA, SEJAM TOMADAS AS PROVID\u00caNCIAS NECESS\u00c1RIAS, OBJETIVANDO A EXECU\u00c7\u00c3O DOS SERVI\u00c7OS DE CONSTRU\u00c7\u00c3O DE UMA LOMBADA OU DE QUALQUER UM OUTRO TIPO DE REDUTOR DE VELOCIDADE NA RUA JOAQUIM  PEREIRA ROSA, MAIS PRECISAMENTE EM FRENTE \u00c0 RESID\u00caNCIA DE N\u00daMERO 1296.  "}, {"id": "300", "ano": "2016", "numero": "55", "tipo__sigla": "IND", "tipo__descricao": "Indica\u00e7\u00e3o", "autoria": "RONALDO RAMOS FERNANDES", "texto_original": "http://sapl.buritama.sp.leg.br/media/sapl/public/materialegislativa/2016/300/300_texto_integral.doc", "ementa": "O VEREADOR QUE ESTA SUBSCREVE, NOS TERMOS REGIMENTAIS, INDICA, POR INTERM\u00c9DIO DE VOSSA EXCEL\u00caNCIA, AO SENHOR IZAIR DOS SANTOS TEIXEIRA, PREFEITO MUNICIPAL, SEJAM TOMADAS AS PROVID\u00caNCIAS NECESS\u00c1RIAS, OBJETIVANDO ENCAMINHAR \u00c0 ESTA CASA LEGISLATIVA UM PROJETO DE LEI DISPONDO SOBRE A PERMISS\u00c3O DE UTILIZA\u00c7\u00c3O DE BEM P\u00daBLICO, \u00c1REAS INSTITUCIONAIS LOCALIZADAS NOS DEMAIS LOTEAMENTOS RESIDENCIAIS DE NOSSO MUNIC\u00cdPIO, DESTINADAS \u00c0 CONSTRU\u00c7\u00c3O DE UM CENTRO COMUNIT\u00c1RIO OU DE OUTRAS OBRAS QUE OS SEUS MORADORES AS ELEJAM COMO PRIORIDADES.\r\n\r\n"}, {"id": "301", "ano": "2016", "numero": "56", "tipo__sigla": "IND", "tipo__descricao": "Indica\u00e7\u00e3o", "autoria": "ROSELI NOBRE", "texto_original": "http://sapl.buritama.sp.leg.br/media/sapl/public/materialegislativa/2016/301/301_texto_integral.docx", "ementa": "                 A VEREADORA QUE ESTA SUBSCREVE, NOS TERMOS REGIMENTAIS, INDICA, POR INTERM\u00c9DIO DE VOSSA EXCEL\u00caNCIA, AO SENHOR IZAIR DOS SANTOS TEIXEIRA, PREFEITO MUNICIPAL, SEJAM TOMADAS AS PROVID\u00caNCIAS NECESS\u00c1RIAS, OBJETIVANDO A EXECU\u00c7\u00c3O DA RETIRADA DE ENTULHOS  (PEDA\u00c7OS DE BLOCOS, TIJOLOS E TELHAS), QUE EST\u00c3O DEPOSITADOS JUNTO AO CEMIT\u00c9RIO &#8220;JOS\u00c9 ANTONIO CARDOSO&#8221;.\r\n\r\n"}, {"id": "378", "ano": "2016", "numero": "57", "tipo__sigla": "IND", "tipo__descricao": "Indica\u00e7\u00e3o", "autoria": "CARLINHO DO DIVINO", "texto_original": "http://sapl.buritama.sp.leg.br/media/sapl/public/materialegislativa/2016/378/378_texto_integral.doc", "ementa": "SEJAM TOMADAS AS PROVID\u00caNCIAS NECESS\u00c1RIAS, OBJETIVANDO ENCAMINHAR UM PROJETO DE LEI COMPLEMENTAR \u00c0 ESTA CASA LEGISLATIVA, DISPONDO SOBRE A REVOGA\u00c7\u00c3O EM SEU INTEIRO TEOR DA LEI COMPLEMENTAR N\u00ba 124, DE 29 DE DEZEMBRO DE 2014 QUE DISP\u00d5E SOBRE A CRIA\u00c7\u00c3O DA CONTRIBUI\u00c7\u00c3O PARA CUSTEIO DOS SERVI\u00c7OS DE ILUMINA\u00c7\u00c3O P\u00daBLICA, E D\u00c1 OUTRAS PROVID\u00caNCIAS."}, {"id": "379", "ano": "2016", "numero": "58", "tipo__sigla": "IND", "tipo__descricao": "Indica\u00e7\u00e3o", "autoria": "ROSELI NOBRE", "texto_original": "http://sapl.buritama.sp.leg.br/media/sapl/public/materialegislativa/2016/379/379_texto_integral.doc", "ementa": "SEJAM TOMADAS AS PROVID\u00caNCIAS NECESS\u00c1RIAS, OBJETIVANDO DETERMINAR AO SETOR COMPETENTE DO GOVERNO DO MUNIC\u00cdPIO DE BURITAMA, NO SENTIDO DE PROCEDER UMA LIMPEZA GERAL NO ENTORNO DA CAIXA D&#8217;\u00c1GUA LOCALIZADA NAS PROXIMIDADES DO VEL\u00d3RIO MUNICIPAL."}, {"id": "380", "ano": "2016", "numero": "59", "tipo__sigla": "IND", "tipo__descricao": "Indica\u00e7\u00e3o", "autoria": "RONALDO RAMOS FERNANDES, ANTONIO ROMILDO DOS SANTOS, BETO DO JEROMINHO, CARLINHO DO DIVINO, FEBEM, LIZE ROLD\u00c3O, OSVALDINHO, ROSELI NOBRE, RUB\u00c3O DA FARM\u00c1CIA", "texto_original": "http://sapl.buritama.sp.leg.br/media/sapl/public/materialegislativa/2016/380/380_texto_integral.docx", "ementa": "SEJAM TOMADAS AS PROVID\u00caNCIAS NECESS\u00c1RIAS, OBJETIVANDO ENCAMINHAR UM PROJETO DE LEI COMPLEMENTAR \u00c0 ESTA CASA LEGISLATIVA, DISPONDO SOBRE A REVOGA\u00c7\u00c3O EM SEU INTEIRO TEOR DA LEI COMPLEMENTAR N\u00ba 124, DE 29 DE DEZEMBRO DE 2014 QUE DISP\u00d5E SOBRE A CRIA\u00c7\u00c3O DA CONTRIBUI\u00c7\u00c3O PARA CUSTEIO DOS SERVI\u00c7OS DE ILUMINA\u00c7\u00c3O P\u00daBLICA, E D\u00c1 OUTRAS PROVID\u00caNCIAS."}, {"id": "381", "ano": "2016", "numero": "60", "tipo__sigla": "IND", "tipo__descricao": "Indica\u00e7\u00e3o", "autoria": "OSVALDINHO", "texto_original": "http://sapl.buritama.sp.leg.br/media/sapl/public/materialegislativa/2016/381/381_texto_integral.docx", "ementa": "SEJAM TOMADAS AS PROVID\u00caNCIAS NECESS\u00c1RIAS, OBJETIVANDO A EXECU\u00c7\u00c3O DOS SERVI\u00c7OS TAPA-BURACOS AO LONGO DE TODO O LEITO CARRO\u00c7\u00c1VEL DA RUA AUR\u00c9LIO FERNANDES"}, {"id": "382", "ano": "2016", "numero": "61", "tipo__sigla": "IND", "tipo__descricao": "Indica\u00e7\u00e3o", "autoria": "RONALDO RAMOS FERNANDES", "texto_original": "http://sapl.buritama.sp.leg.br/media/", "ementa": "SEJAM TOMADAS AS PROVID\u00caNCIAS NECESS\u00c1RIAS, OBJETIVANDO A EXECU\u00c7\u00c3O DOS SERVI\u00c7OS DE REFORMA DAS PRA\u00c7AS P\u00daBLICAS DE NOSSA CIDADE ONDE COMPORTEM APARELHOS MET\u00c1LICOS, TANTO DE GIN\u00c1STICA QUANTO DE BRINQUEDOS, E QUE TENHAM BANCOS EM CONCRETO, BEM COMO ILUMINA\u00c7\u00c3O P\u00daBLICA QUE SE ENCONTRA DANIFICADA OU DEFICIENTE. "}]}