{"id":18,"__str__":"Ordem: None - Requerente: TONH\u00c3O DA EDITORA - Mat\u00e9ria: Indica\u00e7\u00e3o n\u00ba 97 de 2022","link_detail_backend":"/sessao/retiradapauta/18","metadata":{},"data":"2022-09-19","observacao":"","materia":2718,"sessao_plenaria":336,"ordem":null,"expediente":1623,"parlamentar":29,"tipo_de_retirada":4}