{"id":2585,"__str__":"OFC N\u00ba 040/2025 - Oficio C\u00e2mara","link_detail_backend":"/docadm/2585","metadata":{},"numero":40,"complemento":"","ano":2025,"data":"2025-03-11","interessado":"ANTONIO CARLOS DE FREITAS - PRESIDENTE DA C\u00c2MARA","dias_prazo":null,"data_fim_prazo":null,"tramitacao":false,"assunto":"REQUERIMENTO APROVADO na Sess\u00e3o Ordin\u00e1ria desta Casa Legislativa realizada nesta segunda-feira dia 10 de mar\u00e7o de 2025: REQUERIMENTO N\u00ba 38/25 - Autoria: vereadora Fernanda Maceno Coletta Mestriner.","numero_externo":null,"observacao":"","texto_integral":"http://sapl.buritama.sp.leg.br/media/sapl/private/documentoadministrativo/2585/oficio_no_40.pdf","restrito":false,"ip":"143.0.68.138","ultima_edicao":"2025-03-12T07:47:35.907069-03:00","tipo":2,"protocolo":null,"autor":1,"user":75,"anexados":[],"materiasvinculadas":[3588]}