{"id":5915,"__str__":"Requerimento n\u00ba 23 de 2023 | Proposi\u00e7\u00e3o apresentada em Plen\u00e1rio | 20/03/2023","link_detail_backend":"/materia/tramitacao/5915","metadata":{},"timestamp":"2023-08-07T10:16:08.659064-03:00","data_tramitacao":"2023-03-20","data_encaminhamento":"2023-03-20","urgente":false,"turno":"","texto":"","data_fim_prazo":null,"ip":"143.0.68.138","ultima_edicao":"2023-08-07T10:16:08.632687-03:00","status":28,"materia":2899,"unidade_tramitacao_local":2,"unidade_tramitacao_destino":2,"user":75}