{"id":3663,"__str__":"Requerimento n\u00ba 120 de 2019 | Proposi\u00e7\u00e3o apresentada em Plen\u00e1rio | 19/08/2019","link_detail_backend":"/materia/tramitacao/3663","metadata":{},"timestamp":"2019-09-18T13:30:33.373682-03:00","data_tramitacao":"2019-08-19","data_encaminhamento":"2019-08-19","urgente":false,"turno":"U","texto":"FOI PARA VOTA\u00c7\u00c3O NO DIA 19-08-2019","data_fim_prazo":null,"ip":"138.97.37.38","ultima_edicao":null,"status":28,"materia":1693,"unidade_tramitacao_local":2,"unidade_tramitacao_destino":2,"user":44}