{"id":4206,"__str__":"Projeto de Lei Complementar n\u00ba 6 de 2026","link_detail_backend":"/materia/4206","metadata":{"signs":{"texto_original":{"admin":[],"autores":[["Tiago Luiz de Oliveira",["2026-03-06T16:54:14-03:00","ICP-Brasil"]]]}}},"numero":6,"ano":2026,"numero_protocolo":92,"data_apresentacao":"2026-03-06","tipo_apresentacao":"E","data_publicacao":null,"numero_origem_externa":"","ano_origem_externa":null,"data_origem_externa":null,"apelido":"","dias_prazo":null,"data_fim_prazo":null,"em_tramitacao":true,"polemica":false,"objeto":"","complementar":false,"ementa":"Disp\u00f5e cria\u00e7\u00e3o de 02 (duas) vagas de Cuidador, cargo de car\u00e1ter efetivo  junto ao quadro de pessoal do Governo do Munic\u00edpio de Buritama, e d\u00e1 outras provid\u00eancias","indexacao":"","observacao":"","resultado":"","texto_original":"http://sapl.buritama.sp.leg.br/media/sapl/public/materialegislativa/2026/4206/plcomplementar06.pdf","data_ultima_atualizacao":"2026-03-09T07:51:11.544787-03:00","ip":"45.171.32.51","ultima_edicao":"2026-03-06T17:12:27.871267-03:00","tipo":5,"regime_tramitacao":1,"tipo_origem_externa":null,"local_origem_externa":null,"user":75,"anexadas":[],"autores":[64]}