{"id":4190,"__str__":"Indica\u00e7\u00e3o n\u00ba 21 de 2026","link_detail_backend":"/materia/4190","metadata":{},"numero":21,"ano":2026,"numero_protocolo":null,"data_apresentacao":"2026-02-12","tipo_apresentacao":"E","data_publicacao":null,"numero_origem_externa":"","ano_origem_externa":null,"data_origem_externa":null,"apelido":"","dias_prazo":null,"data_fim_prazo":null,"em_tramitacao":false,"polemica":false,"objeto":"","complementar":false,"ementa":"O Vereador que esta subscreve, nos termos regimentais vigentes, INDICA aos senhores Tiago Luiz de Oliveira, Prefeito Municipal, e Giselda Elias da Cunha, Diretora do Departamento Municipal de Tr\u00e2nsito, para que sejam tomadas as provid\u00eancias necess\u00e1rias e realizados os devidos estudos t\u00e9cnicos, objetivando transformar a Rua Jo\u00e3o Faleiros em via de M\u00e3o \u00danica, no sentido cidade-bairro, em toda a sua extens\u00e3o, a partir da conflu\u00eancia da Rua Afonso Pena com a Avenida Frei Marcelo Man\u00edlia.","indexacao":"","observacao":"","resultado":"","texto_original":"http://sapl.buritama.sp.leg.br/media/sapl/public/materialegislativa/2026/4190/indicacao_no_21.pdf","data_ultima_atualizacao":"2026-03-02T15:31:29.741083-03:00","ip":"45.171.32.51","ultima_edicao":"2026-03-02T15:30:05.086962-03:00","tipo":8,"regime_tramitacao":1,"tipo_origem_externa":null,"local_origem_externa":null,"user":75,"anexadas":[],"autores":[45]}