{"id":3951,"__str__":"Projeto de Lei Ordin\u00e1ria da C\u00e2mara n\u00ba 12 de 2025","link_detail_backend":"/materia/3951","metadata":{},"numero":12,"ano":2025,"numero_protocolo":521,"data_apresentacao":"2025-10-02","tipo_apresentacao":"E","data_publicacao":null,"numero_origem_externa":"","ano_origem_externa":null,"data_origem_externa":null,"apelido":"","dias_prazo":null,"data_fim_prazo":null,"em_tramitacao":true,"polemica":false,"objeto":"","complementar":false,"ementa":"Disp\u00f5e sobre a isen\u00e7\u00e3o da cobran\u00e7a da tarifa de \u00e1gua e esgoto para fam\u00edlias inscritas no Cadastro \u00danico para Programas Sociais do Governo Federal - Cad\u00danico, que possuam em sua composi\u00e7\u00e3o crian\u00e7as diagnosticadas com Transtorno do Espectro Autista (TEA) ou comorbidades especiais, desde que enquadradas nos crit\u00e9rios da tarifa social, e d\u00e1 outras provid\u00eancias.","indexacao":"","observacao":"","resultado":"","texto_original":"http://sapl.buritama.sp.leg.br/media/sapl/public/materialegislativa/2025/3951/pl12.pdf","data_ultima_atualizacao":"2025-10-02T16:17:26.240754-03:00","ip":"143.0.68.138","ultima_edicao":"2025-10-02T16:17:25.889090-03:00","tipo":10,"regime_tramitacao":1,"tipo_origem_externa":null,"local_origem_externa":null,"user":75,"anexadas":[],"autores":[45]}