{"id":3901,"__str__":"Requerimento n\u00ba 167 de 2025","link_detail_backend":"/materia/3901","metadata":{},"numero":167,"ano":2025,"numero_protocolo":null,"data_apresentacao":"2025-09-04","tipo_apresentacao":"E","data_publicacao":null,"numero_origem_externa":"","ano_origem_externa":null,"data_origem_externa":null,"apelido":"","dias_prazo":null,"data_fim_prazo":null,"em_tramitacao":true,"polemica":false,"objeto":"","complementar":false,"ementa":"Eu, AN\u00cdZIO ANTONIO DA SILVA, abaixo assinado, vereador, com assento na C\u00e2mara Municipal de Buritama, Estado de S\u00e3o Paulo, REQUEIRO a Vossa Excel\u00eancia, depois de ouvido o douto Plen\u00e1rio, seja expedida uma MO\u00c7\u00c3O DE APLAUSO em favor da primeira-dama FERNANDA CRISTINA NEIVOCK SIMONATTO, em reconhecimento ao trabalho relevante que vem desenvolvendo em nosso munic\u00edpio. Sua atua\u00e7\u00e3o tem se destacado pela humildade, pela perseveran\u00e7a e, sobretudo, pela aten\u00e7\u00e3o dedicada \u00e0s fam\u00edlias em situa\u00e7\u00e3o de vulnerabilidade social. Com dedica\u00e7\u00e3o e sensibilidade, a primeira-dama tem demonstrado que a verdadeira grandeza est\u00e1 em servir ao pr\u00f3ximo, levando esperan\u00e7a e dignidade aos que mais precisam. A C\u00e2mara de Vereadores manifesta, portanto, sua gratid\u00e3o e reconhecimento p\u00fablico, aplaudindo o empenho e o compromisso da primeira-dama Fernanda Cristina Neivock Simonatto com as causas sociais e com o fortalecimento do bem-estar coletivo de nossa comunidade.","indexacao":"","observacao":"","resultado":"","texto_original":"http://sapl.buritama.sp.leg.br/media/sapl/public/materialegislativa/2025/3901/requerimento_no_167.pdf","data_ultima_atualizacao":"2025-09-10T14:31:55.367350-03:00","ip":"143.0.68.138","ultima_edicao":"2025-09-10T14:31:55.172993-03:00","tipo":3,"regime_tramitacao":1,"tipo_origem_externa":null,"local_origem_externa":null,"user":75,"anexadas":[],"autores":[45]}