{"id":3858,"__str__":"Requerimento n\u00ba 149 de 2025","link_detail_backend":"/materia/3858","metadata":{},"numero":149,"ano":2025,"numero_protocolo":null,"data_apresentacao":"2025-08-14","tipo_apresentacao":"E","data_publicacao":null,"numero_origem_externa":"","ano_origem_externa":null,"data_origem_externa":null,"apelido":"","dias_prazo":null,"data_fim_prazo":null,"em_tramitacao":false,"polemica":false,"objeto":"","complementar":false,"ementa":"Eu, AN\u00cdZIO ANTONIO DA SILVA, abaixo assinado, vereador, com assento na C\u00e2mara Municipal de Buritama, Estado de S\u00e3o Paulo, depois de ouvido o douto Plen\u00e1rio, REQUEIRO, seja oficiado o senhor S\u00edlvio C\u00e9sar Teixeira, Presidente da ACIB-Associa\u00e7\u00e3o Comercial e Industrial de Buritama, considerando o relevante papel desempenhado por aquela Associa\u00e7\u00e3o na promo\u00e7\u00e3o e fortalecimento da economia local, e tendo em vista que a Festa do Pe\u00e3o de Buritama, realizada no per\u00edodo de 13 a 17 de agosto de 2025, constitui-se em um dos maiores eventos do calend\u00e1rio municipal, com expressivo potencial de movimenta\u00e7\u00e3o econ\u00f4mica e de gera\u00e7\u00e3o de empregos, solicitando a gentileza da presid\u00eancia da ACIB, no sentido de encaminhar \u00e0 esta Casa Legislativa, as seguintes informa\u00e7\u00f5es oficiais.","indexacao":"","observacao":"","resultado":"","texto_original":"http://sapl.buritama.sp.leg.br/media/sapl/public/materialegislativa/2025/3858/requerimento_no_149.pdf","data_ultima_atualizacao":"2025-09-24T10:27:34.613507-03:00","ip":"143.0.68.138","ultima_edicao":"2025-08-25T15:07:30.088239-03:00","tipo":3,"regime_tramitacao":2,"tipo_origem_externa":null,"local_origem_externa":null,"user":75,"anexadas":[],"autores":[45]}