{"id":3783,"__str__":"Requerimento n\u00ba 118 de 2025","link_detail_backend":"/materia/3783","metadata":{},"numero":118,"ano":2025,"numero_protocolo":null,"data_apresentacao":"2025-06-12","tipo_apresentacao":"E","data_publicacao":null,"numero_origem_externa":"","ano_origem_externa":null,"data_origem_externa":null,"apelido":"","dias_prazo":null,"data_fim_prazo":null,"em_tramitacao":false,"polemica":false,"objeto":"","complementar":false,"ementa":"Eu, AN\u00cdZIO ANTONIO DA SILVA, abaixo assinado, vereador com assento nesta C\u00e2mara Municipal de Buritama, Estado de S\u00e3o Paulo, REQUEIRO a Vossa Excel\u00eancia, depois de ouvido o douto Plen\u00e1rio, seja oficiado o senhor Tiago Luiz de Oliveira, Prefeito Municipal, solicitando-lhe a gentileza, no sentido de informar a esta Casa de Legislativa os seguintes dados referentes \u00e0 aquisi\u00e7\u00e3o e uso dos crach\u00e1s com cord\u00e3o de quebra-cabe\u00e7a (s\u00edmbolo do autismo), entregues \u00e0s cuidadoras escolares no momento da contrata\u00e7\u00e3o e durante a palestra de orienta\u00e7\u00e3o promovida pela Secretaria Municipal de Educa\u00e7\u00e3o:","indexacao":"","observacao":"","resultado":"","texto_original":"http://sapl.buritama.sp.leg.br/media/sapl/public/materialegislativa/2025/3783/requerimento_no_118.pdf","data_ultima_atualizacao":"2025-07-04T07:33:31.125632-03:00","ip":"143.0.68.138","ultima_edicao":"2025-06-17T12:28:16.431292-03:00","tipo":3,"regime_tramitacao":1,"tipo_origem_externa":null,"local_origem_externa":null,"user":75,"anexadas":[],"autores":[45]}