{"id":3773,"__str__":"Indica\u00e7\u00e3o n\u00ba 103 de 2025","link_detail_backend":"/materia/3773","metadata":{},"numero":103,"ano":2025,"numero_protocolo":null,"data_apresentacao":"2025-06-12","tipo_apresentacao":"E","data_publicacao":null,"numero_origem_externa":"","ano_origem_externa":null,"data_origem_externa":null,"apelido":"","dias_prazo":null,"data_fim_prazo":null,"em_tramitacao":false,"polemica":false,"objeto":"","complementar":false,"ementa":"O vereador que esta subscreve, nos termos regimentais, INDICA, por interm\u00e9dio de Vossa Excel\u00eancia, aos senhores Tiago Luiz de Oliveira, Prefeito Municipal, e Luiz Gustavo Canteras Scarillo Falotico Correa, Diretor Municipal de Turismo, sejam tomadas as provid\u00eancias administrativas necess\u00e1rias para a convoca\u00e7\u00e3o dos candidatos aprovados para o cargo de salva-vidas, constantes no Concurso P\u00fablico 01/2024 - ainda vigente - a fim de que possam passar por treinamento adequado e prepara\u00e7\u00e3o para atua\u00e7\u00e3o durante a alta temporada no Parque Tur\u00edstico \u201cJo\u00e3o Sim\u00e3o Garcia\u201d, Prainha, a partir do m\u00eas de outubro.","indexacao":"","observacao":"","resultado":"","texto_original":"http://sapl.buritama.sp.leg.br/media/sapl/public/materialegislativa/2025/3773/indicacao_no_103.pdf","data_ultima_atualizacao":"2025-06-17T12:49:31.427616-03:00","ip":"143.0.68.138","ultima_edicao":"2025-06-17T12:49:31.314127-03:00","tipo":8,"regime_tramitacao":1,"tipo_origem_externa":null,"local_origem_externa":null,"user":75,"anexadas":[],"autores":[61]}