{"id":2947,"__str__":"Indica\u00e7\u00e3o n\u00ba 31 de 2023","link_detail_backend":"/materia/2947","metadata":{},"numero":31,"ano":2023,"numero_protocolo":null,"data_apresentacao":"2023-05-11","tipo_apresentacao":"E","data_publicacao":null,"numero_origem_externa":"","ano_origem_externa":null,"data_origem_externa":null,"apelido":"","dias_prazo":null,"data_fim_prazo":null,"em_tramitacao":false,"polemica":false,"objeto":"","complementar":false,"ementa":"A vereadora que esta subscreve, nos termos regimentais, considerando que est\u00e3o quase finalizando as obras de revitaliza\u00e7\u00e3o do Parque Tur\u00edstico Jo\u00e3o Sim\u00e3o Garcia e a previs\u00e3o para inaugura\u00e7\u00e3o daquela \u00e1rea de lazer sendo aguardada com muita ansiedade para os m\u00eas de agosto, quando ocorre o anivers\u00e1rio da cidade, ou no mais tardar, setembro de 2023, INDICA, por interm\u00e9dio de Vossa Excel\u00eancia, ao senhor Rodrigo Zacarias dos Santos, Prefeito Municipal, sejam efetuados estudos para ver a possibilidade de instala\u00e7\u00e3o de dois balan\u00e7os r\u00fasticos de praia, conforme foto ilustrada, em pontos estrat\u00e9gicos nas extremidades da nossa Prainha.","indexacao":"","observacao":"","resultado":"","texto_original":"http://sapl.buritama.sp.leg.br/media/sapl/public/materialegislativa/2023/2947/indicacao_no_31.pdf","data_ultima_atualizacao":"2023-05-17T12:25:48.052649-03:00","ip":"143.0.68.138","ultima_edicao":"2023-05-17T12:25:47.501203-03:00","tipo":8,"regime_tramitacao":1,"tipo_origem_externa":null,"local_origem_externa":null,"user":37,"anexadas":[],"autores":[49]}