{"id":2669,"__str__":"Requerimento n\u00ba 87 de 2022","link_detail_backend":"/materia/2669","metadata":{},"numero":87,"ano":2022,"numero_protocolo":null,"data_apresentacao":"2022-08-10","tipo_apresentacao":"E","data_publicacao":null,"numero_origem_externa":"","ano_origem_externa":null,"data_origem_externa":null,"apelido":"","dias_prazo":null,"data_fim_prazo":null,"em_tramitacao":false,"polemica":false,"objeto":"","complementar":false,"ementa":"N\u00f3s, JOS\u00c9 ADEMIR PICCOLI JUNIOR e ADRIANO CARLO DE CARVALHO, abaixo assinados, vereadores, com assento na C\u00e2mara Municipal de Buritama, Estado de S\u00e3o Paulo, REQUEREMOS, a gentileza de Vossa Excel\u00eancia, depois de ouvido o douto Plen\u00e1rio, seja oficiado o senhor Rodrigo Zacarias dos Santos, Prefeito Municipal, solicitando-lhe a gentileza, no sentido de informar \u00e0 esta Casa Legislativa se h\u00e1 um prazo estipulado em contrato de conclus\u00e3o das obras de revitaliza\u00e7\u00e3o do Parque Tur\u00edstico Jo\u00e3o Sim\u00e3o Garcia, Prainha, bem como se h\u00e1 previs\u00e3o de libera\u00e7\u00e3o daquela \u00e1rea de lazer para os frequentadores, e tamb\u00e9m se h\u00e1 entendimento quanto a libera\u00e7\u00e3o para o p\u00fablico de pelo menos da parte em que as obras j\u00e1 foram conclusas.","indexacao":"","observacao":"","resultado":"","texto_original":"http://sapl.buritama.sp.leg.br/media/sapl/public/materialegislativa/2022/2669/requerimento_no_87.pdf","data_ultima_atualizacao":"2023-02-23T08:30:54.656862-03:00","ip":"143.0.68.138","ultima_edicao":"2022-08-18T07:35:45.503412-03:00","tipo":3,"regime_tramitacao":1,"tipo_origem_externa":null,"local_origem_externa":null,"user":75,"anexadas":[],"autores":[43,47]}