{"id":2524,"__str__":"Indica\u00e7\u00e3o n\u00ba 37 de 2022","link_detail_backend":"/materia/2524","metadata":{},"numero":37,"ano":2022,"numero_protocolo":null,"data_apresentacao":"2022-03-28","tipo_apresentacao":"E","data_publicacao":null,"numero_origem_externa":"","ano_origem_externa":null,"data_origem_externa":null,"apelido":"","dias_prazo":null,"data_fim_prazo":null,"em_tramitacao":false,"polemica":false,"objeto":"","complementar":false,"ementa":"O vereador que esta subscreve, nos termos regimentais, INDICA a Vossa Excel\u00eancia, o nome do senhor JOS\u00c9 DO CARMO TADEI, para receber o T\u00cdTULO DE CIDAD\u00c3O BURITAMENSE, pelos relevantes servi\u00e7os reconhecidamente prestados ao nosso munic\u00edpio, de fam\u00edlia tradicional da cidade, exerceu com grande capacidade os cargos de T\u00e9cnico em Seguran\u00e7a do Trabalho por quatro anos, T\u00e9cnico em Contabilidade por seis anos e propriet\u00e1rio da Auto Escola Pereira, conjuntamente com o de Despachante Documentalista por longos vinte e sete anos at\u00e9 conquistar a sua merecida aposentadoria que se deu no ano de 2007, e de h\u00e1 muito realiza um trabalho important\u00edssimo de cunho social junto \u00e0 comunidade buritamense, do qual muito se orgulha, \u201cfazendo o bem sem olhar a quem\u201d, \u00e9 o que realmente importa.","indexacao":"","observacao":"","resultado":"","texto_original":"http://sapl.buritama.sp.leg.br/media/sapl/public/materialegislativa/2022/2524/indicacao_no_37_1.pdf","data_ultima_atualizacao":"2022-04-11T12:32:55.775296-03:00","ip":"143.0.68.138","ultima_edicao":"2022-04-11T12:32:55.589557-03:00","tipo":8,"regime_tramitacao":1,"tipo_origem_externa":null,"local_origem_externa":null,"user":43,"anexadas":[],"autores":[45]}