{"id":2335,"__str__":"Indica\u00e7\u00e3o n\u00ba 97 de 2021","link_detail_backend":"/materia/2335","metadata":{},"numero":97,"ano":2021,"numero_protocolo":null,"data_apresentacao":"2021-10-14","tipo_apresentacao":"E","data_publicacao":null,"numero_origem_externa":"","ano_origem_externa":null,"data_origem_externa":null,"apelido":"","dias_prazo":null,"data_fim_prazo":null,"em_tramitacao":false,"polemica":false,"objeto":"","complementar":false,"ementa":"O vereador que esta subscreve, nos termos regimentais, INDICA, por interm\u00e9dio de Vossa Excel\u00eancia, ao senhor Rodrigo Zacarias dos Santos, Prefeito Municipal, sejam tomadas as provid\u00eancias necess\u00e1rias, objetivando a coloca\u00e7\u00e3o de bancos e a execu\u00e7\u00e3o dos servi\u00e7os de ilumina\u00e7\u00e3o p\u00fablica no interior da pra\u00e7a Jos\u00e9 Perez Dias, localizada na conflu\u00eancia da Avenida Waldevino Ismael de Souza e Rua Aur\u00e9lio Fernandes.","indexacao":"","observacao":"","resultado":"","texto_original":"http://sapl.buritama.sp.leg.br/media/sapl/public/materialegislativa/2021/2335/indicacao_no_97_1.pdf","data_ultima_atualizacao":"2021-10-20T07:20:25.291714-03:00","ip":"143.0.68.138","ultima_edicao":"2021-10-20T07:20:25.158174-03:00","tipo":8,"regime_tramitacao":1,"tipo_origem_externa":null,"local_origem_externa":null,"user":75,"anexadas":[],"autores":[44]}