{"id":924,"__str__":"Parecer - PARECER J\u00daRIDICO de 04/07/2025 por AVELINO MATEUS DE SOUZA JUNIOR - ASSESSOR J\u00daRIDICO","link_detail_backend":"/materia/documentoacessorio/924","metadata":{},"nome":"PARECER J\u00daRIDICO","data":"2025-07-04","autor":"AVELINO MATEUS DE SOUZA JUNIOR - ASSESSOR J\u00daRIDICO","ementa":"","indexacao":"","arquivo":"http://sapl.buritama.sp.leg.br/media/sapl/public/documentoacessorio/2025/924/parecer_juridico_do_projeto_de_lei_compleme_no_09_de_02_de_julho.pdf","data_ultima_atualizacao":"2025-07-08T10:18:43.589556-03:00","materia":3793,"tipo":1}