{"id":918,"__str__":"Parecer - PARECER J\u00daRIDICO de 04/07/2025 por AVELINO MATEUS DE SOUZA JUNIOR - ASSESSOR J\u00daRIDICO","link_detail_backend":"/materia/documentoacessorio/918","metadata":{},"nome":"PARECER J\u00daRIDICO","data":"2025-07-04","autor":"AVELINO MATEUS DE SOUZA JUNIOR - ASSESSOR J\u00daRIDICO","ementa":"","indexacao":"","arquivo":"http://sapl.buritama.sp.leg.br/media/sapl/public/documentoacessorio/2025/918/parecer_juridico_do_projeto_de_lei_no_56_de_02_de_julho_de_2025.pdf","data_ultima_atualizacao":"2025-07-08T10:16:19.376005-03:00","materia":3794,"tipo":1}