{"id":853,"__str__":"Parecer - PARECER J\u00daRIDICO de 07/04/2025 por AVELINO MATEUS DE SOUZA JUNIOR - ASSESSOR J\u00daRIDICO","link_detail_backend":"/materia/documentoacessorio/853","metadata":{},"nome":"PARECER J\u00daRIDICO","data":"2025-04-07","autor":"AVELINO MATEUS DE SOUZA JUNIOR - ASSESSOR J\u00daRIDICO","ementa":"","indexacao":"","arquivo":"http://sapl.buritama.sp.leg.br/media/sapl/public/documentoacessorio/2025/853/parecer_juridico_ref_projeto_de_lei_no_31_de_02_de_abril_de_2025.pdf","data_ultima_atualizacao":"2025-04-11T09:17:38.666600-03:00","materia":3609,"tipo":1}