{"id":838,"__str__":"Parecer - PARECER J\u00daRIDICO de 16/01/2025 por AVELINO MATEUS DE SOUZA JUNIOR - ASSESSOR J\u00daRIDICO","link_detail_backend":"/materia/documentoacessorio/838","metadata":{},"nome":"PARECER J\u00daRIDICO","data":"2025-01-16","autor":"AVELINO MATEUS DE SOUZA JUNIOR - ASSESSOR J\u00daRIDICO","ementa":"","indexacao":"","arquivo":"http://sapl.buritama.sp.leg.br/media/sapl/public/documentoacessorio/2025/838/parecer_juridico_do_projeto_de_lei_legislativo_no_01.pdf","data_ultima_atualizacao":"2025-01-20T13:57:57.913771-03:00","materia":3492,"tipo":1}