{"id":611,"__str__":"Parecer - PARECER JUR\u00cdDICO de 09/03/2023 por AVELINO MATEUS DE SOUZA JUNIOR - ASSESSOR JUR\u00cdDICO","link_detail_backend":"/materia/documentoacessorio/611","metadata":{},"nome":"PARECER JUR\u00cdDICO","data":"2023-03-09","autor":"AVELINO MATEUS DE SOUZA JUNIOR - ASSESSOR JUR\u00cdDICO","ementa":"","indexacao":"","arquivo":"http://sapl.buritama.sp.leg.br/media/sapl/public/documentoacessorio/2023/611/parecer_juridico_do_projeto_de_lei_nr_17_de_09_de_marco_2023_1.pdf","data_ultima_atualizacao":"2023-03-14T09:05:51.498775-03:00","materia":2889,"tipo":1}