{"id":554,"__str__":"Parecer - PARECER JUR\u00cdDICO de 06/12/2022 por AVELINO MATEUS DE SOUZA JUNIOR - ASSESSOR JUR\u00cdDICO","link_detail_backend":"/materia/documentoacessorio/554","metadata":{},"nome":"PARECER JUR\u00cdDICO","data":"2022-12-06","autor":"AVELINO MATEUS DE SOUZA JUNIOR - ASSESSOR JUR\u00cdDICO","ementa":"","indexacao":"","arquivo":"http://sapl.buritama.sp.leg.br/media/sapl/public/documentoacessorio/2022/554/parecer_juridico_do_projeto_de_lei_nr_92_de__07_de_dezembro__de_2022_1.pdf","data_ultima_atualizacao":"2022-12-14T07:36:32.383754-03:00","materia":2808,"tipo":1}